{"id":3470,"date":"2016-09-08T15:12:49","date_gmt":"2016-09-08T15:12:49","guid":{"rendered":"https:\/\/centros.uepb.edu.br\/ccbsa\/?p=3470"},"modified":"2016-09-08T15:16:05","modified_gmt":"2016-09-08T15:16:05","slug":"governanca-arquivistica-e-tema-de-evento-realizado-com-a-participacao-de-comunidade-do-curso-de-arquivologia","status":"publish","type":"post","link":"https:\/\/centros.uepb.edu.br\/ccbsa\/governanca-arquivistica-e-tema-de-evento-realizado-com-a-participacao-de-comunidade-do-curso-de-arquivologia\/","title":{"rendered":"Governan\u00e7a Arquiv\u00edstica \u00e9 tema de evento realizado com a participa\u00e7\u00e3o de comunidade do curso de Arquivologia"},"content":{"rendered":"<p><a href=\"https:\/\/centros.uepb.edu.br\/ccbsa\/files\/2016\/09\/DSC04875.jpg\"><img loading=\"lazy\" decoding=\"async\" class=\"aligncenter wp-image-3471 size-full img-responsive\" src=\"https:\/\/centros.uepb.edu.br\/ccbsa\/files\/2016\/09\/DSC04875.jpg\" width=\"840\" height=\"454\" srcset=\"https:\/\/centros.uepb.edu.br\/ccbsa\/files\/2016\/09\/DSC04875.jpg 840w, https:\/\/centros.uepb.edu.br\/ccbsa\/files\/2016\/09\/DSC04875-300x162.jpg 300w, https:\/\/centros.uepb.edu.br\/ccbsa\/files\/2016\/09\/DSC04875-768x415.jpg 768w, https:\/\/centros.uepb.edu.br\/ccbsa\/files\/2016\/09\/DSC04875-370x200.jpg 370w\" sizes=\"auto, (max-width: 840px) 100vw, 840px\" \/><\/a><\/p>\n<p>Respons\u00e1vel pela forma\u00e7\u00e3o de profissionais e encaminhamento de a\u00e7\u00f5es pioneiras que visam a valoriza\u00e7\u00e3o de uma categoria imprescind\u00edvel ao funcionamento de institui\u00e7\u00f5es p\u00fablicas e privadas no Estado desde que foi criado, h\u00e1 dez anos, o curso de Arquivologia da Universidade Estadual da Para\u00edba, segue seu percurso vanguardista como uma das institui\u00e7\u00f5es organizadoras do Semin\u00e1rio sobre o Papel da Associa\u00e7\u00e3o dos Arquivistas da Para\u00edba (AAPB), que teve in\u00edcio na noite de quarta-feira, 6, com a mesa de discuss\u00e3o \u201cGovernan\u00e7a Arquiv\u00edstica\u201d. O evento teve como palestrantes a professora da UEPB, Jacqueline Barrancos, e o docente do curso de Arquivologia da UFPB, Luiz Eduardo, tendo como mediadora a coordenadora do curso de Arquivologia, professora Esmeralda Porf\u00edrio Sales<\/p>\n<p>Com forma\u00e7\u00e3o na \u00e1rea de administra\u00e7\u00e3o, a professora Jacqueline Echeverria apresentou o conceito de Governan\u00e7a a partir dos princ\u00edpios de transpar\u00eancia e equidade, e a articula\u00e7\u00e3o entre estes e a Arquivologia. \u201cA Arquivologia \u00e9 uma \u00e1rea de fundamental import\u00e2ncia para a gest\u00e3o organizacional, uma vez que os documentos d\u00e3o vida \u00e0 organiza\u00e7\u00e3o e \u00e9 importante a utiliza\u00e7\u00e3o do conjunto de ferramentas da \u00e1rea de administra\u00e7\u00e3o para gerir esse material\u201d, avalia.<\/p>\n<p>O professor do curso de Arquivologia da UFPB e doutorando em Ci\u00eancia da Informa\u00e7\u00e3o Luiz Eduardo trouxe a rela\u00e7\u00e3o entre a Governan\u00e7a, a partir do contexto da \u00e1rea de Administra\u00e7\u00e3o, em contraponto com a Lei de Arquivo e a Lei de Acesso \u00e0 Informa\u00e7\u00e3o, para suscitar uma reflex\u00e3o sobre como ocorre a interlocu\u00e7\u00e3o entre governan\u00e7a e arquivos no ponto de vista da Administra\u00e7\u00e3o P\u00fablica. O docente enfatizou a import\u00e2ncia de, ao pensarmos no campo dos Arquivos, fazermos a distin\u00e7\u00e3o entre Governan\u00e7a, Governo e Governabilidade, que tem rela\u00e7\u00e3o direta para o funcionamento do Estado.<\/p>\n<p><a href=\"https:\/\/centros.uepb.edu.br\/ccbsa\/files\/2016\/09\/DSC04886.jpg\"><img loading=\"lazy\" decoding=\"async\" class=\"aligncenter size-full wp-image-3473 img-responsive\" src=\"https:\/\/centros.uepb.edu.br\/ccbsa\/files\/2016\/09\/DSC04886.jpg\" alt=\"\" width=\"840\" height=\"454\" srcset=\"https:\/\/centros.uepb.edu.br\/ccbsa\/files\/2016\/09\/DSC04886.jpg 840w, https:\/\/centros.uepb.edu.br\/ccbsa\/files\/2016\/09\/DSC04886-300x162.jpg 300w, https:\/\/centros.uepb.edu.br\/ccbsa\/files\/2016\/09\/DSC04886-768x415.jpg 768w, https:\/\/centros.uepb.edu.br\/ccbsa\/files\/2016\/09\/DSC04886-370x200.jpg 370w\" sizes=\"auto, (max-width: 840px) 100vw, 840px\" \/><\/a><\/p>\n<p>&nbsp;<\/p>\n<p>Durante o evento a professora Esmeralda Sales, destacou a relev\u00e2ncia do tema abordado, lembrando a discuss\u00e3o implementada em abril de 2016, com a vinda do professor Jos\u00e9 Maria Jardim \u00e0 UEPB para uma consultoria sobre o Mestrado em Arquivologia, que est\u00e1 sendo encaminhado para implementa\u00e7\u00e3o, quando o pesquisador destacou a rela\u00e7\u00e3o entre as pol\u00edticas e programas de gest\u00e3o da informa\u00e7\u00e3o, implementa\u00e7\u00e3o da Lei de Acesso \u00e0 Informa\u00e7\u00e3o num contexto de Governan\u00e7a Arquiv\u00edstica.<\/p>\n<p>A docente lembrou a efetiva contribui\u00e7\u00e3o enquanto profissional da Arquivologia, docente do curso de Arquivologia da UEPB e coordenadora do referido bacharelado para a cria\u00e7\u00e3o da AAPB. \u201cHoje \u00e9 um momento de gl\u00f3ria para mim e para todos que colaboraram com a cria\u00e7\u00e3o da AAPB. O curso de Arquivologia da UEPB, que j\u00e1 havia sido pioneiro em 2006 quando foi criado, encampou essa iniciativa que se consolidou como mais um passo para o fortalecimento da \u00e1rea. E a perspectiva \u00e9 que estejamos \u00e0 frente, junto com o curso de Arquivologia da UFPB, que \u00e9 nosso parceiro, de outras iniciativas e eventos que s\u00f3 projetam a Arquivologia paraibana\u201d, destacou a professora Esmeralda.<\/p>\n<p>De acordo com a dirigente da AAPB, Regia Sueli, este evento tem o objetivo de unificar a Arquivologia no Estado, disseminar a campanha de associa\u00e7\u00e3o de filiados, divulgar a\u00e7\u00f5es da entidade e fortalecer a \u00e1rea por meio de eventos acad\u00eamicos que abordam quest\u00f5es da Arquivologia contempor\u00e2nea. O Semin\u00e1rio sobre o Papel da Associa\u00e7\u00e3o dos Arquivistas da Para\u00edba prossegue no dia 20 de setembro, \u00e0s 19h, no audit\u00f3rio do Campus V da UEPB, com a discuss\u00e3o sobre transpar\u00eancia P\u00fablica, com a participa\u00e7\u00e3o do professor da UEPB, Henrique Fran\u00e7a, e do auditor da Controladoria Geral da Uni\u00e3o, Rodrigo M\u00e1rcio Paiva.<\/p>\n<p><strong>Texto e fotos:<\/strong> <em>Juliana Marques<\/em><\/p>\n","protected":false},"excerpt":{"rendered":"<p>Respons\u00e1vel pela forma\u00e7\u00e3o de profissionais e encaminhamento de a\u00e7\u00f5es pioneiras que visam a valoriza\u00e7\u00e3o de uma categoria imprescind\u00edvel ao funcionamento de institui\u00e7\u00f5es p\u00fablicas e privadas no Estado desde que foi criado, h\u00e1 dez anos, o curso de Arquivologia da Universidade Estadual da Para\u00edba, segue seu percurso vanguardista como uma das institui\u00e7\u00f5es organizadoras do Semin\u00e1rio sobre <a class=\"leiamais\" href=\"https:\/\/centros.uepb.edu.br\/ccbsa\/governanca-arquivistica-e-tema-de-evento-realizado-com-a-participacao-de-comunidade-do-curso-de-arquivologia\/\">Leia Mais&#8230;<\/a><\/p>\n","protected":false},"author":8,"featured_media":3471,"comment_status":"closed","ping_status":"closed","sticky":false,"template":"","format":"standard","meta":{"footnotes":""},"categories":[3,11],"tags":[],"class_list":["post-3470","post","type-post","status-publish","format-standard","has-post-thumbnail","hentry","category-noticias","category-noticias-destaque-img"],"jetpack_featured_media_url":"https:\/\/centros.uepb.edu.br\/ccbsa\/files\/2016\/09\/DSC04875.jpg","_links":{"self":[{"href":"https:\/\/centros.uepb.edu.br\/ccbsa\/wp-json\/wp\/v2\/posts\/3470","targetHints":{"allow":["GET"]}}],"collection":[{"href":"https:\/\/centros.uepb.edu.br\/ccbsa\/wp-json\/wp\/v2\/posts"}],"about":[{"href":"https:\/\/centros.uepb.edu.br\/ccbsa\/wp-json\/wp\/v2\/types\/post"}],"author":[{"embeddable":true,"href":"https:\/\/centros.uepb.edu.br\/ccbsa\/wp-json\/wp\/v2\/users\/8"}],"replies":[{"embeddable":true,"href":"https:\/\/centros.uepb.edu.br\/ccbsa\/wp-json\/wp\/v2\/comments?post=3470"}],"version-history":[{"count":0,"href":"https:\/\/centros.uepb.edu.br\/ccbsa\/wp-json\/wp\/v2\/posts\/3470\/revisions"}],"wp:featuredmedia":[{"embeddable":true,"href":"https:\/\/centros.uepb.edu.br\/ccbsa\/wp-json\/wp\/v2\/media\/3471"}],"wp:attachment":[{"href":"https:\/\/centros.uepb.edu.br\/ccbsa\/wp-json\/wp\/v2\/media?parent=3470"}],"wp:term":[{"taxonomy":"category","embeddable":true,"href":"https:\/\/centros.uepb.edu.br\/ccbsa\/wp-json\/wp\/v2\/categories?post=3470"},{"taxonomy":"post_tag","embeddable":true,"href":"https:\/\/centros.uepb.edu.br\/ccbsa\/wp-json\/wp\/v2\/tags?post=3470"}],"curies":[{"name":"wp","href":"https:\/\/api.w.org\/{rel}","templated":true}]}}