{"id":3461,"date":"2016-09-05T15:18:42","date_gmt":"2016-09-05T15:18:42","guid":{"rendered":"https:\/\/centros.uepb.edu.br\/ccbsa\/?p=3461"},"modified":"2016-09-05T15:18:42","modified_gmt":"2016-09-05T15:18:42","slug":"projeto-de-extensao-do-campus-v-presta-assessoria-a-instituicoes-que-realizam-a-implantacao-da-coleta-seletiva","status":"publish","type":"post","link":"https:\/\/centros.uepb.edu.br\/ccbsa\/projeto-de-extensao-do-campus-v-presta-assessoria-a-instituicoes-que-realizam-a-implantacao-da-coleta-seletiva\/","title":{"rendered":"Projeto de extens\u00e3o do Campus V presta assessoria a institui\u00e7\u00f5es que realizam a implanta\u00e7\u00e3o da coleta seletiva"},"content":{"rendered":"<p><a href=\"https:\/\/centros.uepb.edu.br\/ccbsa\/files\/2016\/09\/PROJETO-CATADORES.png\"><img loading=\"lazy\" decoding=\"async\" class=\"aligncenter size-full wp-image-3462 img-responsive\" src=\"https:\/\/centros.uepb.edu.br\/ccbsa\/files\/2016\/09\/PROJETO-CATADORES.png\" alt=\"PROJETO CATADORES\" width=\"840\" height=\"454\" srcset=\"https:\/\/centros.uepb.edu.br\/ccbsa\/files\/2016\/09\/PROJETO-CATADORES.png 840w, https:\/\/centros.uepb.edu.br\/ccbsa\/files\/2016\/09\/PROJETO-CATADORES-300x162.png 300w, https:\/\/centros.uepb.edu.br\/ccbsa\/files\/2016\/09\/PROJETO-CATADORES-768x415.png 768w, https:\/\/centros.uepb.edu.br\/ccbsa\/files\/2016\/09\/PROJETO-CATADORES-370x200.png 370w\" sizes=\"auto, (max-width: 840px) 100vw, 840px\" \/><\/a><\/p>\n<p>Voltado ao reconhecimento do trabalho dos catadores de recicl\u00e1veis de Jo\u00e3o Pessoa e conscientiza\u00e7\u00e3o sobre a import\u00e2ncia da coleta seletiva o projeto de extens\u00e3o vinculado ao Campus V da Universidade Estadual da Para\u00edba \u201cMobiliza\u00e7\u00e3o, inclus\u00e3o e forma\u00e7\u00e3o de catadores\/as de materiais recicl\u00e1veis da cidade de Jo\u00e3o Pessoa: uma experi\u00eancia necess\u00e1ria\u201d, tem sido convidado a prestar assessoria t\u00e9cnica a institui\u00e7\u00f5es p\u00fablicas que est\u00e3o em fase de implanta\u00e7\u00e3o da coleta seletiva e apoiado os catadores para a efetiva\u00e7\u00e3o dessas iniciativas.<\/p>\n<p>Nesta segunda-feira, 5 de setembro, o Minist\u00e9rio P\u00fablico do Trabalho da Para\u00edba (MPT-PB) lan\u00e7a a Campanha de Implanta\u00e7\u00e3o da Coleta Seletiva Solid\u00e1ria no \u00e2mbito organizacional, e todo o processo de implanta\u00e7\u00e3o da coleta seletiva no \u00f3rg\u00e3o \u00e9 assessorado pelo projeto da UEPB. A coordenadora do projeto de extens\u00e3o, professora F\u00e1tima Ara\u00fajo, est\u00e1 ministrando uma capacita\u00e7\u00e3o com os servidores do MPT-PB para orientar sobre a forma correta de fazer a coleta e destina\u00e7\u00e3o dos res\u00edduos. Al\u00e9m disso, os catadores de res\u00edduos, que j\u00e1 haviam sido previamente organizados em associa\u00e7\u00f5es, concorreram em um edital aberto pelo MPT-PB para realizarem a coleta do material descartado pelo \u00f3rg\u00e3o.<\/p>\n<p>Al\u00e9m do MPT-PB o Banco do Brasil tamb\u00e9m lan\u00e7ou, no fim de agosto, um programa de coleta seletiva, que passou a ser aplicado em 27 ag\u00eancias da capital, e conta com o suporte do projeto de mobiliza\u00e7\u00e3o de catadores da UEPB. Neste caso, ap\u00f3s lan\u00e7amento da campanha e divulga\u00e7\u00e3o de edital de credenciamento de associa\u00e7\u00f5es e cooperativas de catadores de res\u00edduos recicl\u00e1veis, foram escolhidas para ser beneficiadas tr\u00eas cooperativas: a Associa\u00e7\u00e3o dos Catadores de Recicl\u00e1veis de Jo\u00e3o Pessoa &#8211; ASCARE JP, Associa\u00e7\u00e3o Acordo Verde Jardim Cidade Universit\u00e1ria e Cooperativa dos Catadores e Catadoras de Recicl\u00e1veis de Marcos Moura \u2013 COOREMM, todas cadastradas e orientadas pelo projeto da UEPB.<\/p>\n<p><a href=\"https:\/\/centros.uepb.edu.br\/ccbsa\/files\/2016\/09\/PROJETO-CATADORES2.png\"><img loading=\"lazy\" decoding=\"async\" class=\"aligncenter size-full wp-image-3463 img-responsive\" src=\"https:\/\/centros.uepb.edu.br\/ccbsa\/files\/2016\/09\/PROJETO-CATADORES2.png\" alt=\"PROJETO CATADORES2\" width=\"840\" height=\"454\" srcset=\"https:\/\/centros.uepb.edu.br\/ccbsa\/files\/2016\/09\/PROJETO-CATADORES2.png 840w, https:\/\/centros.uepb.edu.br\/ccbsa\/files\/2016\/09\/PROJETO-CATADORES2-300x162.png 300w, https:\/\/centros.uepb.edu.br\/ccbsa\/files\/2016\/09\/PROJETO-CATADORES2-768x415.png 768w, https:\/\/centros.uepb.edu.br\/ccbsa\/files\/2016\/09\/PROJETO-CATADORES2-370x200.png 370w\" sizes=\"auto, (max-width: 840px) 100vw, 840px\" \/><\/a><\/p>\n<p>Tais iniciativas visam o cumprimento do decreto federal 5.940 de 25 de outubro de 2006, que institui a separa\u00e7\u00e3o dos res\u00edduos recicl\u00e1veis descartados pelos \u00f3rg\u00e3os e entidades da administra\u00e7\u00e3o p\u00fablica federal direta e indireta, na fonte geradora, e a sua destina\u00e7\u00e3o \u00e0s associa\u00e7\u00f5es e cooperativas dos catadores de materiais recicl\u00e1veis.<\/p>\n<p>De acordo com a professora F\u00e1tima Ara\u00fajo o projeto da UEPB orientou os catadores para a forma\u00e7\u00e3o de associa\u00e7\u00f5es permitindo a participa\u00e7\u00e3o em editais como os que foram lan\u00e7ados pelo Banco do Brasil e MPT-PB. Al\u00e9m disso, o material e o caminh\u00e3o adquiridos com recursos do projeto auxiliam na realiza\u00e7\u00e3o dessa atividade. \u201cA partir do momento que conseguimos organizar e prestar assessoria a esses catadores, passamos a uma etapa do projeto de consultoria a institui\u00e7\u00f5es que nos procuram, considerando que al\u00e9m de termos as condi\u00e7\u00f5es estruturais e o conhecimento necess\u00e1rio para prestar as orienta\u00e7\u00f5es para efetiva\u00e7\u00e3o da coleta seletiva, ainda podemos trazer as cooperativas para participar desse processo\u201d explicou.<\/p>\n<p><strong>Sobre o projeto<\/strong><\/p>\n<p>Coordenado pela professora F\u00e1tima Ara\u00fajo o projeto \u201cMobiliza\u00e7\u00e3o, inclus\u00e3o e forma\u00e7\u00e3o de catadores\/as de materiais recicl\u00e1veis da cidade de Jo\u00e3o Pessoa: uma experi\u00eancia necess\u00e1ria\u201d, \u00e9 realizado desde 2013 voltado \u00e0 identifica\u00e7\u00e3o, sensibiliza\u00e7\u00e3o, mobiliza\u00e7\u00e3o, forma\u00e7\u00e3o e inclus\u00e3o em associa\u00e7\u00f5es e cooperativas de catadores de toda a Jo\u00e3o Pessoa, desenvolvendo atividades de encuba\u00e7\u00e3o, assist\u00eancia t\u00e9cnica e nuclea\u00e7\u00e3o. A previs\u00e3o inicial de finaliza\u00e7\u00e3o do projeto era em 2015, por\u00e9m, devido aos resultados positivos j\u00e1 alcan\u00e7ados a iniciativa foi prorrogada at\u00e9 dezembro de 2016.<\/p>\n<p>\u201cJ\u00e1 contabilizamos a identifica\u00e7\u00e3o e cadastro de mais de 700 catadores, 30% destes organizados e 70% avulsos. Tamb\u00e9m realizamos oficinas de reciclagem, interc\u00e2mbios com cooperativas da cidade de Jo\u00e3o Pessoa e Santa Rita, organizamos a participa\u00e7\u00e3o dos catadores em eventos, montamos a estrutura e articulamos junto a parceiros aulas de alfabetiza\u00e7\u00e3o e letramento, entre outras a\u00e7\u00f5es que visam proporcionar melhores condi\u00e7\u00f5es de trabalho e de vida para a popula\u00e7\u00e3o atendida pelo nosso projeto\u201d, esclarece a professora F\u00e1tima Ara\u00fajo.<\/p>\n","protected":false},"excerpt":{"rendered":"<p>Voltado ao reconhecimento do trabalho dos catadores de recicl\u00e1veis de Jo\u00e3o Pessoa e conscientiza\u00e7\u00e3o sobre a import\u00e2ncia da coleta seletiva o projeto de extens\u00e3o vinculado ao Campus V da Universidade Estadual da Para\u00edba \u201cMobiliza\u00e7\u00e3o, inclus\u00e3o e forma\u00e7\u00e3o de catadores\/as de materiais recicl\u00e1veis da cidade de Jo\u00e3o Pessoa: uma experi\u00eancia necess\u00e1ria\u201d, tem sido convidado a prestar <a class=\"leiamais\" href=\"https:\/\/centros.uepb.edu.br\/ccbsa\/projeto-de-extensao-do-campus-v-presta-assessoria-a-instituicoes-que-realizam-a-implantacao-da-coleta-seletiva\/\">Leia Mais&#8230;<\/a><\/p>\n","protected":false},"author":8,"featured_media":3462,"comment_status":"closed","ping_status":"closed","sticky":false,"template":"","format":"standard","meta":{"footnotes":""},"categories":[3,11],"tags":[],"class_list":["post-3461","post","type-post","status-publish","format-standard","has-post-thumbnail","hentry","category-noticias","category-noticias-destaque-img"],"jetpack_featured_media_url":"https:\/\/centros.uepb.edu.br\/ccbsa\/files\/2016\/09\/PROJETO-CATADORES.png","_links":{"self":[{"href":"https:\/\/centros.uepb.edu.br\/ccbsa\/wp-json\/wp\/v2\/posts\/3461","targetHints":{"allow":["GET"]}}],"collection":[{"href":"https:\/\/centros.uepb.edu.br\/ccbsa\/wp-json\/wp\/v2\/posts"}],"about":[{"href":"https:\/\/centros.uepb.edu.br\/ccbsa\/wp-json\/wp\/v2\/types\/post"}],"author":[{"embeddable":true,"href":"https:\/\/centros.uepb.edu.br\/ccbsa\/wp-json\/wp\/v2\/users\/8"}],"replies":[{"embeddable":true,"href":"https:\/\/centros.uepb.edu.br\/ccbsa\/wp-json\/wp\/v2\/comments?post=3461"}],"version-history":[{"count":0,"href":"https:\/\/centros.uepb.edu.br\/ccbsa\/wp-json\/wp\/v2\/posts\/3461\/revisions"}],"wp:featuredmedia":[{"embeddable":true,"href":"https:\/\/centros.uepb.edu.br\/ccbsa\/wp-json\/wp\/v2\/media\/3462"}],"wp:attachment":[{"href":"https:\/\/centros.uepb.edu.br\/ccbsa\/wp-json\/wp\/v2\/media?parent=3461"}],"wp:term":[{"taxonomy":"category","embeddable":true,"href":"https:\/\/centros.uepb.edu.br\/ccbsa\/wp-json\/wp\/v2\/categories?post=3461"},{"taxonomy":"post_tag","embeddable":true,"href":"https:\/\/centros.uepb.edu.br\/ccbsa\/wp-json\/wp\/v2\/tags?post=3461"}],"curies":[{"name":"wp","href":"https:\/\/api.w.org\/{rel}","templated":true}]}}