{"id":3453,"date":"2016-09-01T15:12:32","date_gmt":"2016-09-01T15:12:32","guid":{"rendered":"https:\/\/centros.uepb.edu.br\/ccbsa\/?p=3453"},"modified":"2016-09-01T15:12:32","modified_gmt":"2016-09-01T15:12:32","slug":"seminario-de-saberes-arquivisticos-e-realizado-com-a-participacao-de-discentes-docentes-e-profissionais-da-arquivologia","status":"publish","type":"post","link":"https:\/\/centros.uepb.edu.br\/ccbsa\/seminario-de-saberes-arquivisticos-e-realizado-com-a-participacao-de-discentes-docentes-e-profissionais-da-arquivologia\/","title":{"rendered":"Semin\u00e1rio de Saberes Arquiv\u00edsticos \u00e9 realizado com a participa\u00e7\u00e3o de discentes, docentes e profissionais da Arquivologia"},"content":{"rendered":"<p><a href=\"https:\/\/centros.uepb.edu.br\/ccbsa\/files\/2016\/09\/DSC04832.jpg\"><img loading=\"lazy\" decoding=\"async\" class=\"aligncenter size-full wp-image-3454 img-responsive\" src=\"https:\/\/centros.uepb.edu.br\/ccbsa\/files\/2016\/09\/DSC04832.jpg\" alt=\"\" width=\"840\" height=\"454\" srcset=\"https:\/\/centros.uepb.edu.br\/ccbsa\/files\/2016\/09\/DSC04832.jpg 840w, https:\/\/centros.uepb.edu.br\/ccbsa\/files\/2016\/09\/DSC04832-300x162.jpg 300w, https:\/\/centros.uepb.edu.br\/ccbsa\/files\/2016\/09\/DSC04832-768x415.jpg 768w, https:\/\/centros.uepb.edu.br\/ccbsa\/files\/2016\/09\/DSC04832-370x200.jpg 370w\" sizes=\"auto, (max-width: 840px) 100vw, 840px\" \/><\/a><\/p>\n<p>Um elemento que passou a ser considerado indispens\u00e1vel \u00e0 forma\u00e7\u00e3o arquiv\u00edstica por promover o olhar multifacetado diante das articula\u00e7\u00f5es conceituais que comp\u00f5em o cen\u00e1rio da Arquivologia \u00e9 a interdisciplinaridade, escolhida como mote para a programa\u00e7\u00e3o do 7\u00ba Semin\u00e1rio de Saberes Arquiv\u00edsticos e o 1\u00ba Simp\u00f3sio do Grupo de Pesquisa Arquivologia e Sociedade, que tiveram in\u00edcio nesta quarta-feira (31) e s\u00e3o realizados at\u00e9 a sexta-feira (2) no Campus V da Universidade Estadual da Para\u00edba. O evento re\u00fane mais de 180 estudantes, docentes e profissionais de Arquivologia e \u00e1reas afins.<\/p>\n<p>O primeiro dia de evento contou com a discuss\u00e3o \u201cArquivos da ditadura: silenciamentos e esquecimentos, pontes investigativas para o presente\u201d, que contou com a participa\u00e7\u00e3o do professor da UFPB, Afonso Scocuglia, da docente da Universidade Federal Rural de Pernambuco, Marc\u00edlia Gama da Silva tendo o docente da UEPB Rams\u00e9s Nunes e Silva como mediador.<\/p>\n<p>Na oportunidade, a professora Marc\u00edlia apresentou a tese de doutorado publicada como livro \u201cInforma\u00e7\u00e3o, repress\u00e3o e mem\u00f3ria: a constru\u00e7\u00e3o do estado de exce\u00e7\u00e3o no Brasil na perspectiva do DOPS-PE (1964-1985)\u201d, que abordou o papel da produ\u00e7\u00e3o, apreens\u00e3o e dissemina\u00e7\u00e3o da informa\u00e7\u00e3o como elemento fundamental na implanta\u00e7\u00e3o e consolida\u00e7\u00e3o do regime ditatorial imposto por mais de vinte anos. A docente destacou o papel do arquivo e a import\u00e2ncia do di\u00e1logo entre a Arquivologia e a Hist\u00f3ria para impedir a constru\u00e7\u00e3o de cen\u00e1rios de silenciamento na sociedade brasileira.<\/p>\n<p>Tamb\u00e9m foi realizada a mesa-redonda \u201cDos discursos da atualidade aos arquivos do futuro\u201d, com a participa\u00e7\u00e3o dos professores da UEPB, Eliete Correia dos Santos, Henrique Fran\u00e7a e Vancarder Brito Sousa. Marcado por reflex\u00f5es e provoca\u00e7\u00f5es aos presentes no evento, o debate foi centrado no pensamento de como os discursos da atualidade estar\u00e3o arquivados, indexados e descritos no futuro.<\/p>\n<p>O professor Henrique Fran\u00e7a apresentou algumas iniciativas de preserva\u00e7\u00e3o digital de documentos, a exemplo da Rede Brasileira de Servi\u00e7os de Preserva\u00e7\u00e3o Digital \u2013 Cariniana e discutiu como \u00e9 poss\u00edvel contribuir com essas iniciativas. Para o professor Vancarder Brito a Arquivologia est\u00e1 inserida no tempo e no espa\u00e7o com uma responsabilidade de constru\u00e7\u00e3o social a partir da guarda e uso da informa\u00e7\u00e3o. \u201cA ci\u00eancia \u00e9 engajada e deve oferecer uma vis\u00e3o de mundo, ao lado da justi\u00e7a, no combate \u00e0s desigualdades, denunciando o autoritarismo e as estruturas de poder. Ent\u00e3o, esses arquivos do futuro devem resgatar o lado social do conhecimento\u201d, avalia o docente.<\/p>\n<p><a href=\"https:\/\/centros.uepb.edu.br\/ccbsa\/files\/2016\/09\/DSC04839.jpg\"><img loading=\"lazy\" decoding=\"async\" class=\"aligncenter size-full wp-image-3456 img-responsive\" src=\"https:\/\/centros.uepb.edu.br\/ccbsa\/files\/2016\/09\/DSC04839.jpg\" alt=\"\" width=\"840\" height=\"454\" srcset=\"https:\/\/centros.uepb.edu.br\/ccbsa\/files\/2016\/09\/DSC04839.jpg 840w, https:\/\/centros.uepb.edu.br\/ccbsa\/files\/2016\/09\/DSC04839-300x162.jpg 300w, https:\/\/centros.uepb.edu.br\/ccbsa\/files\/2016\/09\/DSC04839-768x415.jpg 768w, https:\/\/centros.uepb.edu.br\/ccbsa\/files\/2016\/09\/DSC04839-370x200.jpg 370w\" sizes=\"auto, (max-width: 840px) 100vw, 840px\" \/><\/a><\/p>\n<p>A manh\u00e3 desta quinta-feira (1) foi marcada pela mesa-redonda \u201cAdministra\u00e7\u00e3o, Direito e Tecnologia da Informa\u00e7\u00e3o: di\u00e1logos permanentes com a Arquivologia\u201d, ministrada pelos professores da UEPB, Jaqueline Barrancos e Ant\u00f4nio Germano Ramalho, e mediada pelo professor Elder de Oliveira. Tamb\u00e9m foram realizadas as apresenta\u00e7\u00f5es dos trabalhos produzidos pelos participantes relacionados ao Grupo de Trabalho 1 \u201cArquivo, linguagem e mem\u00f3ria\u201d, que contempla a Arquivologia na sua constru\u00e7\u00e3o hist\u00f3rica, diversidade de abordagens e suas novas possibilidades de configura\u00e7\u00f5es epistemol\u00f3gicas no plano internacional e nacional. O Grupo de Trabalho 2 \u201cSaberes e fazeres do campo arquiv\u00edstico\u201d, que contempla os aspectos te\u00f3ricos e metodol\u00f3gicos da Arquivologia e seus processos, objetos, atores, interfaces e din\u00e2micas, est\u00e1 previsto para essa sexta-feira, \u00e0s 10h40, no miniaudit\u00f3rio e audit\u00f3rio Pioneiros.<\/p>\n<p>Ainda est\u00e3o programados as mesas-redondas \u201cDi\u00e1logos intr\u00ednsecos: Ci\u00eancias da Informa\u00e7\u00e3o e Arquivologia\u201d, com a participa\u00e7\u00e3o da professora da UEPB, Naiany Carneiro, e do professor da UFPB, Edvaldo Fernandes, sob a media\u00e7\u00e3o da professora Esmeralda Porf\u00edrio; \u201cPubliciza\u00e7\u00e3o de trabalhos acad\u00eamicos de Arquivologia\u201d, tema abordado pelos professores da UEPB, Danilo Ferreira e Manuela Maia, mediados pelo professor S\u00e2nderson Dorneles e \u201cSaberes e fazeres em Arquivologia\u201d, a ser ministrada pela professora da UFPB, Rosa Zuleide e pela docente da UEPB, Anna Carla Queiroz, tendo como mediador o professor Josemar Henrique.<\/p>\n<p>Durante os tr\u00eas dias de evento tamb\u00e9m est\u00e3o ocorrendo os workshops \u201cPesquisa cient\u00edfica e normaliza\u00e7\u00e3o document\u00e1ria\u201d, tendo como ministrante a professora da UEPB Claudialyne Ara\u00fajo, que demonstrar\u00e1 a import\u00e2ncia do dom\u00ednio das principais normas da ABNT enquanto instrumento de aux\u00edlio no desenvolvimento da pesquisa; \u201cDiscuss\u00f5es interdisciplinares entre a Arquivologia e acessibilidade: abordagens te\u00f3ricas e aplica\u00e7\u00f5es pr\u00e1ticas em arquivos\u201d, que busca apresentar os aspectos legais no que se refere \u00e0 constru\u00e7\u00e3o de ambientes de informa\u00e7\u00e3o acess\u00edveis por meio do uso da LIBRAS\u00a0em ambientes de informa\u00e7\u00e3o hiperm\u00eddia digitais, para usu\u00e1rios com defici\u00eancia auditiva e softwares leitores de tela e sintetizadores de voz para usu\u00e1rios com defici\u00eancia visual.<\/p>\n<p>E o \u201cCurso B\u00e1sico de conserva\u00e7\u00e3o preventiva em documentos bibliogr\u00e1ficos\u201d, a ser ministrado pelo professor da UEPB Eutr\u00f3pio Bezerra, que apresentar\u00e1 uma introdu\u00e7\u00e3o na \u00e1rea de preserva\u00e7\u00e3o, conserva\u00e7\u00e3o de acervos bibliogr\u00e1ficos e informa\u00e7\u00f5es b\u00e1sicas para a ado\u00e7\u00e3o de uma pol\u00edtica preservacionista aliada a um conjunto de a\u00e7\u00f5es que visam prolongar a vida \u00fatil dos materiais, como forma de salvaguardar a mem\u00f3ria bibliogr\u00e1fica e proporcionar obras \u00edntegras e com suas caracter\u00edsticas originais.<\/p>\n<p><a href=\"https:\/\/centros.uepb.edu.br\/ccbsa\/files\/2016\/09\/DSC04824.jpg\"><img loading=\"lazy\" decoding=\"async\" class=\"aligncenter size-full wp-image-3455 img-responsive\" src=\"https:\/\/centros.uepb.edu.br\/ccbsa\/files\/2016\/09\/DSC04824.jpg\" alt=\"\" width=\"840\" height=\"454\" srcset=\"https:\/\/centros.uepb.edu.br\/ccbsa\/files\/2016\/09\/DSC04824.jpg 840w, https:\/\/centros.uepb.edu.br\/ccbsa\/files\/2016\/09\/DSC04824-300x162.jpg 300w, https:\/\/centros.uepb.edu.br\/ccbsa\/files\/2016\/09\/DSC04824-768x415.jpg 768w, https:\/\/centros.uepb.edu.br\/ccbsa\/files\/2016\/09\/DSC04824-370x200.jpg 370w\" sizes=\"auto, (max-width: 840px) 100vw, 840px\" \/><\/a><\/p>\n<p>De acordo com a coordenadora geral do Semin\u00e1rio, professora Eliete Correia, essa iniciativa busca compreender as altera\u00e7\u00f5es pelas quais a Arquivologia vivencia na contemporaneidade, tanto em rela\u00e7\u00e3o ao seu marco te\u00f3rico quanto sob o aspecto metodol\u00f3gico e consolidar as atividades do Grupo de Pesquisa Arquivologia e Sociedade. \u201cEm diversas realidades hist\u00f3rico-sociais, constatam-se altera\u00e7\u00f5es, especialmente, no cen\u00e1rio digital, nos processos, objetos, atores, interfaces e din\u00e2micas de Arquivologia. O fazer arquiv\u00edstico exige novos patamares de produ\u00e7\u00e3o e conhecimento cient\u00edfico capazes de contemplar demandas de inova\u00e7\u00e3o e gest\u00e3o de servi\u00e7os e institui\u00e7\u00f5es arquiv\u00edsticas. O di\u00e1logo da Arquivologia com outros campos de conhecimento, em uma postura interdisciplinar, favorece o desenvolvimento cient\u00edfico e inovador da teoria e da pr\u00e1tica arquiv\u00edstica mediante estudos do saber e fazer arquiv\u00edstico. E reconhecendo esse percurso da Arquivologia, \u00e9 que foi pensado esse evento\u201d, explica.<\/p>\n<p>Durante os tr\u00eas dias de evento est\u00e3o sendo realizadas apresenta\u00e7\u00f5es culturais com a Banda Arquipal\u00f4, formada por estudantes do curso de Arquivologia e pelo professor Henrique Fran\u00e7a. O encerramento do evento ser\u00e1 nessa sexta-feira, 2 de setembro, com a premia\u00e7\u00e3o dos trabalhos e uma homenagem \u00e0 professora Maria Jos\u00e9 Cordeiro.<\/p>\n","protected":false},"excerpt":{"rendered":"<p>Um elemento que passou a ser considerado indispens\u00e1vel \u00e0 forma\u00e7\u00e3o arquiv\u00edstica por promover o olhar multifacetado diante das articula\u00e7\u00f5es conceituais que comp\u00f5em o cen\u00e1rio da Arquivologia \u00e9 a interdisciplinaridade, escolhida como mote para a programa\u00e7\u00e3o do 7\u00ba Semin\u00e1rio de Saberes Arquiv\u00edsticos e o 1\u00ba Simp\u00f3sio do Grupo de Pesquisa Arquivologia e Sociedade, que tiveram in\u00edcio <a class=\"leiamais\" href=\"https:\/\/centros.uepb.edu.br\/ccbsa\/seminario-de-saberes-arquivisticos-e-realizado-com-a-participacao-de-discentes-docentes-e-profissionais-da-arquivologia\/\">Leia Mais&#8230;<\/a><\/p>\n","protected":false},"author":8,"featured_media":3454,"comment_status":"closed","ping_status":"closed","sticky":false,"template":"","format":"standard","meta":{"footnotes":""},"categories":[3,11],"tags":[],"class_list":["post-3453","post","type-post","status-publish","format-standard","has-post-thumbnail","hentry","category-noticias","category-noticias-destaque-img"],"jetpack_featured_media_url":"https:\/\/centros.uepb.edu.br\/ccbsa\/files\/2016\/09\/DSC04832.jpg","_links":{"self":[{"href":"https:\/\/centros.uepb.edu.br\/ccbsa\/wp-json\/wp\/v2\/posts\/3453","targetHints":{"allow":["GET"]}}],"collection":[{"href":"https:\/\/centros.uepb.edu.br\/ccbsa\/wp-json\/wp\/v2\/posts"}],"about":[{"href":"https:\/\/centros.uepb.edu.br\/ccbsa\/wp-json\/wp\/v2\/types\/post"}],"author":[{"embeddable":true,"href":"https:\/\/centros.uepb.edu.br\/ccbsa\/wp-json\/wp\/v2\/users\/8"}],"replies":[{"embeddable":true,"href":"https:\/\/centros.uepb.edu.br\/ccbsa\/wp-json\/wp\/v2\/comments?post=3453"}],"version-history":[{"count":0,"href":"https:\/\/centros.uepb.edu.br\/ccbsa\/wp-json\/wp\/v2\/posts\/3453\/revisions"}],"wp:featuredmedia":[{"embeddable":true,"href":"https:\/\/centros.uepb.edu.br\/ccbsa\/wp-json\/wp\/v2\/media\/3454"}],"wp:attachment":[{"href":"https:\/\/centros.uepb.edu.br\/ccbsa\/wp-json\/wp\/v2\/media?parent=3453"}],"wp:term":[{"taxonomy":"category","embeddable":true,"href":"https:\/\/centros.uepb.edu.br\/ccbsa\/wp-json\/wp\/v2\/categories?post=3453"},{"taxonomy":"post_tag","embeddable":true,"href":"https:\/\/centros.uepb.edu.br\/ccbsa\/wp-json\/wp\/v2\/tags?post=3453"}],"curies":[{"name":"wp","href":"https:\/\/api.w.org\/{rel}","templated":true}]}}