{"id":3449,"date":"2016-08-30T15:27:22","date_gmt":"2016-08-30T15:27:22","guid":{"rendered":"https:\/\/centros.uepb.edu.br\/ccbsa\/?p=3449"},"modified":"2016-08-30T15:29:32","modified_gmt":"2016-08-30T15:29:32","slug":"biblioteca-do-ccbsa-sedia-mostra-fotografica-com-registros-de-dez-anos-de-historia-do-campus-v","status":"publish","type":"post","link":"https:\/\/centros.uepb.edu.br\/ccbsa\/biblioteca-do-ccbsa-sedia-mostra-fotografica-com-registros-de-dez-anos-de-historia-do-campus-v\/","title":{"rendered":"Biblioteca do CCBSA sedia mostra fotogr\u00e1fica com registros de dez anos de hist\u00f3ria do Campus V"},"content":{"rendered":"<p><a href=\"https:\/\/centros.uepb.edu.br\/ccbsa\/files\/2016\/08\/DSC04811.jpg\"><img loading=\"lazy\" decoding=\"async\" class=\"aligncenter wp-image-3450 size-full img-responsive\" src=\"https:\/\/centros.uepb.edu.br\/ccbsa\/files\/2016\/08\/DSC04811.jpg\" width=\"840\" height=\"454\" srcset=\"https:\/\/centros.uepb.edu.br\/ccbsa\/files\/2016\/08\/DSC04811.jpg 840w, https:\/\/centros.uepb.edu.br\/ccbsa\/files\/2016\/08\/DSC04811-300x162.jpg 300w, https:\/\/centros.uepb.edu.br\/ccbsa\/files\/2016\/08\/DSC04811-768x415.jpg 768w, https:\/\/centros.uepb.edu.br\/ccbsa\/files\/2016\/08\/DSC04811-370x200.jpg 370w\" sizes=\"auto, (max-width: 840px) 100vw, 840px\" \/><\/a><\/p>\n<p>A biblioteca do Centro de Ci\u00eancias Biol\u00f3gicas e Sociais Aplicadas da Universidade Estadual da Para\u00edba (UEPB) sedia at\u00e9 a sexta-feira, 2 de setembro, nos turnos da manh\u00e3, tarde e noite,\u00a0a mostra fotogr\u00e1fica &#8220;UEPB Campus V: uma d\u00e9cada de conhecimento e luta&#8221;, com registros dos dez anos de funcionamento do CCBSA.<\/p>\n<p>Organizado pela arquivista Adriana Vi\u00e9gas, a exposi\u00e7\u00e3o re\u00fane imagens que ir\u00e3o comp\u00f4r o memorial do Campus V. Os registros s\u00e3o da Assessoria de comunica\u00e7\u00e3o da UEPB, acervo pessoal de docentes do CCBSA que colaboraram com a iniciativa e f0tografias feitas\u00a0pela organiza\u00e7\u00e3o da mostra.<\/p>\n<p>Entre as imagens expostas est\u00e3o fotografias da inaugura\u00e7\u00e3o\u00a0do Campus V, eventos realizados ao longo dos dez anos de funcionamento, as instala\u00e7\u00f5es pelas quais o CCBSA passou, personagens importantes na hist\u00f3ria do Campus V, cola\u00e7\u00f5es de grau, entre outras imagens marcantes.<\/p>\n","protected":false},"excerpt":{"rendered":"<p>A biblioteca do Centro de Ci\u00eancias Biol\u00f3gicas e Sociais Aplicadas da Universidade Estadual da Para\u00edba (UEPB) sedia at\u00e9 a sexta-feira, 2 de setembro, nos turnos da manh\u00e3, tarde e noite,\u00a0a mostra fotogr\u00e1fica &#8220;UEPB Campus V: uma d\u00e9cada de conhecimento e luta&#8221;, com registros dos dez anos de funcionamento do CCBSA. Organizado pela arquivista Adriana Vi\u00e9gas, <a class=\"leiamais\" href=\"https:\/\/centros.uepb.edu.br\/ccbsa\/biblioteca-do-ccbsa-sedia-mostra-fotografica-com-registros-de-dez-anos-de-historia-do-campus-v\/\">Leia Mais&#8230;<\/a><\/p>\n","protected":false},"author":8,"featured_media":3450,"comment_status":"closed","ping_status":"closed","sticky":false,"template":"","format":"standard","meta":{"footnotes":""},"categories":[3,11],"tags":[],"class_list":["post-3449","post","type-post","status-publish","format-standard","has-post-thumbnail","hentry","category-noticias","category-noticias-destaque-img"],"jetpack_featured_media_url":"https:\/\/centros.uepb.edu.br\/ccbsa\/files\/2016\/08\/DSC04811.jpg","_links":{"self":[{"href":"https:\/\/centros.uepb.edu.br\/ccbsa\/wp-json\/wp\/v2\/posts\/3449","targetHints":{"allow":["GET"]}}],"collection":[{"href":"https:\/\/centros.uepb.edu.br\/ccbsa\/wp-json\/wp\/v2\/posts"}],"about":[{"href":"https:\/\/centros.uepb.edu.br\/ccbsa\/wp-json\/wp\/v2\/types\/post"}],"author":[{"embeddable":true,"href":"https:\/\/centros.uepb.edu.br\/ccbsa\/wp-json\/wp\/v2\/users\/8"}],"replies":[{"embeddable":true,"href":"https:\/\/centros.uepb.edu.br\/ccbsa\/wp-json\/wp\/v2\/comments?post=3449"}],"version-history":[{"count":0,"href":"https:\/\/centros.uepb.edu.br\/ccbsa\/wp-json\/wp\/v2\/posts\/3449\/revisions"}],"wp:featuredmedia":[{"embeddable":true,"href":"https:\/\/centros.uepb.edu.br\/ccbsa\/wp-json\/wp\/v2\/media\/3450"}],"wp:attachment":[{"href":"https:\/\/centros.uepb.edu.br\/ccbsa\/wp-json\/wp\/v2\/media?parent=3449"}],"wp:term":[{"taxonomy":"category","embeddable":true,"href":"https:\/\/centros.uepb.edu.br\/ccbsa\/wp-json\/wp\/v2\/categories?post=3449"},{"taxonomy":"post_tag","embeddable":true,"href":"https:\/\/centros.uepb.edu.br\/ccbsa\/wp-json\/wp\/v2\/tags?post=3449"}],"curies":[{"name":"wp","href":"https:\/\/api.w.org\/{rel}","templated":true}]}}