{"id":3441,"date":"2016-08-26T11:33:08","date_gmt":"2016-08-26T11:33:08","guid":{"rendered":"https:\/\/centros.uepb.edu.br\/ccbsa\/?p=3441"},"modified":"2016-08-26T11:33:08","modified_gmt":"2016-08-26T11:33:08","slug":"comissao-eleitoral-divulga-resultado-das-eleicoes-do-centro-de-ciencias-biologicas-e-sociais-aplicadas-2","status":"publish","type":"post","link":"https:\/\/centros.uepb.edu.br\/ccbsa\/comissao-eleitoral-divulga-resultado-das-eleicoes-do-centro-de-ciencias-biologicas-e-sociais-aplicadas-2\/","title":{"rendered":"Comiss\u00e3o eleitoral divulga resultado das elei\u00e7\u00f5es do Centro de Ci\u00eancias Biol\u00f3gicas e Sociais Aplicadas"},"content":{"rendered":"<p><a href=\"https:\/\/centros.uepb.edu.br\/ccbsa\/files\/2016\/08\/FOTO1.jpg\"><img loading=\"lazy\" decoding=\"async\" class=\"aligncenter size-full wp-image-3436 img-responsive\" src=\"https:\/\/centros.uepb.edu.br\/ccbsa\/files\/2016\/08\/FOTO1.jpg\" alt=\"FOTO1\" width=\"840\" height=\"454\" srcset=\"https:\/\/centros.uepb.edu.br\/ccbsa\/files\/2016\/08\/FOTO1.jpg 840w, https:\/\/centros.uepb.edu.br\/ccbsa\/files\/2016\/08\/FOTO1-300x162.jpg 300w, https:\/\/centros.uepb.edu.br\/ccbsa\/files\/2016\/08\/FOTO1-768x415.jpg 768w, https:\/\/centros.uepb.edu.br\/ccbsa\/files\/2016\/08\/FOTO1-370x200.jpg 370w\" sizes=\"auto, (max-width: 840px) 100vw, 840px\" \/><\/a><\/p>\n<p>A Comiss\u00e3o Eleitoral respons\u00e1vel por organizar as elei\u00e7\u00f5es para os cargos de diretor e diretor adjunto, coordenador e coordenador adjunto dos cursos que comp\u00f5em o Centro de Ci\u00eancias Biol\u00f3gicas e Sociais Aplicadas (CCBSA) da Universidade Estadual da Para\u00edba (UEPB), divulgou nesta quinta-feira (25) o resultado da vota\u00e7\u00e3o ocorrida na ter\u00e7a-feira (23).<\/p>\n<p>Foram eleitos para a dire\u00e7\u00e3o do CCBSA os professores Jacqueline Echeverria Barrancos e \u00canio Wocyli Dantas (94,7% dos votos v\u00e1lidos). Para os cargos de coordenador e coordenador adjunto, a apura\u00e7\u00e3o apontou o seguinte resultado: Esmeralda Porf\u00edrio Sales e Henrique Fran\u00e7a para o Curso de Arquivologia (98,58 % do total de votos v\u00e1lidos); Cleber Salimon e Vancarder Brito para o Curso de Ci\u00eancias Biol\u00f3gicas (94,59%); Filipe Reis e Julio Cabrera Medina no Curso de Rela\u00e7\u00f5es Internacionais (92,12%). Tamb\u00e9m foram eleitas as novas representantes do CCBSA no Consepe, Daniela Pontes e Cristina Pacheco.<\/p>\n<p>Os novos gestores assumem um mandato de dois anos a partir de 1\u00ba de outubro de 2016.<\/p>\n<p>Confira o resultado [wpfilebase tag=fileurl id=175 linktext=aqui \/].<\/p>\n","protected":false},"excerpt":{"rendered":"<p>A Comiss\u00e3o Eleitoral respons\u00e1vel por organizar as elei\u00e7\u00f5es para os cargos de diretor e diretor adjunto, coordenador e coordenador adjunto dos cursos que comp\u00f5em o Centro de Ci\u00eancias Biol\u00f3gicas e Sociais Aplicadas (CCBSA) da Universidade Estadual da Para\u00edba (UEPB), divulgou nesta quinta-feira (25) o resultado da vota\u00e7\u00e3o ocorrida na ter\u00e7a-feira (23). Foram eleitos para a <a class=\"leiamais\" href=\"https:\/\/centros.uepb.edu.br\/ccbsa\/comissao-eleitoral-divulga-resultado-das-eleicoes-do-centro-de-ciencias-biologicas-e-sociais-aplicadas-2\/\">Leia Mais&#8230;<\/a><\/p>\n","protected":false},"author":8,"featured_media":3436,"comment_status":"closed","ping_status":"closed","sticky":false,"template":"","format":"standard","meta":{"footnotes":""},"categories":[3,11],"tags":[],"class_list":["post-3441","post","type-post","status-publish","format-standard","has-post-thumbnail","hentry","category-noticias","category-noticias-destaque-img"],"jetpack_featured_media_url":"https:\/\/centros.uepb.edu.br\/ccbsa\/files\/2016\/08\/FOTO1.jpg","_links":{"self":[{"href":"https:\/\/centros.uepb.edu.br\/ccbsa\/wp-json\/wp\/v2\/posts\/3441","targetHints":{"allow":["GET"]}}],"collection":[{"href":"https:\/\/centros.uepb.edu.br\/ccbsa\/wp-json\/wp\/v2\/posts"}],"about":[{"href":"https:\/\/centros.uepb.edu.br\/ccbsa\/wp-json\/wp\/v2\/types\/post"}],"author":[{"embeddable":true,"href":"https:\/\/centros.uepb.edu.br\/ccbsa\/wp-json\/wp\/v2\/users\/8"}],"replies":[{"embeddable":true,"href":"https:\/\/centros.uepb.edu.br\/ccbsa\/wp-json\/wp\/v2\/comments?post=3441"}],"version-history":[{"count":0,"href":"https:\/\/centros.uepb.edu.br\/ccbsa\/wp-json\/wp\/v2\/posts\/3441\/revisions"}],"wp:featuredmedia":[{"embeddable":true,"href":"https:\/\/centros.uepb.edu.br\/ccbsa\/wp-json\/wp\/v2\/media\/3436"}],"wp:attachment":[{"href":"https:\/\/centros.uepb.edu.br\/ccbsa\/wp-json\/wp\/v2\/media?parent=3441"}],"wp:term":[{"taxonomy":"category","embeddable":true,"href":"https:\/\/centros.uepb.edu.br\/ccbsa\/wp-json\/wp\/v2\/categories?post=3441"},{"taxonomy":"post_tag","embeddable":true,"href":"https:\/\/centros.uepb.edu.br\/ccbsa\/wp-json\/wp\/v2\/tags?post=3441"}],"curies":[{"name":"wp","href":"https:\/\/api.w.org\/{rel}","templated":true}]}}