{"id":344,"date":"2013-07-01T12:55:33","date_gmt":"2013-07-01T12:55:33","guid":{"rendered":"\/ccbsa\/?p=344"},"modified":"2013-07-03T17:34:19","modified_gmt":"2013-07-03T17:34:19","slug":"comunidade-academica-do-campus-v-realiza-plantio-de-mudas-do-projeto-adote-sua-arvore","status":"publish","type":"post","link":"https:\/\/centros.uepb.edu.br\/ccbsa\/comunidade-academica-do-campus-v-realiza-plantio-de-mudas-do-projeto-adote-sua-arvore\/","title":{"rendered":"Comunidade acad\u00eamica do Campus V realiza plantio de mudas do Projeto Adote sua \u00c1rvore"},"content":{"rendered":"<p><a href=\"http:\/\/centros.ascom.uepb.edu.br\/ccbsa\/files\/2013\/07\/DSC03965mod.jpg\"><img loading=\"lazy\" decoding=\"async\" class=\"alignleft size-thumbnail wp-image-349 img-responsive\" alt=\"DSC03965mod\" src=\"http:\/\/centros.ascom.uepb.edu.br\/ccbsa\/files\/2013\/07\/DSC03965mod-150x150.jpg\" width=\"150\" height=\"150\" \/><\/a>Estudantes, docentes e t\u00e9cnicos administrativos do Centro de Ci\u00eancias Biol\u00f3gicas e Sociais Aplicadas, realizaram, de 26 a 28 de junho, o plantio das mudas de esp\u00e9cies frut\u00edferas e ornamentais na \u00e1rea de estacionamento do Campus V, de acordo com o cronograma do projeto \u201cAdote sua \u00e1rvore\u201d.<\/p>\n<p>Foram plantadas esp\u00e9cies de C\u00e1ssia-rosa, Ip\u00ea-roxo, Ip\u00ea-amarelo, Pau-Brasil, Pata de vaca, Saboneteira, Jambeiro, Jasmim-manga, Azeitona-preta, Oitizeiro e Subipiruna, Neem, Cajueiro, Mangueira, Pitangueira, Romanzeira e Graviola.\u00a0 Os participantes do projeto s\u00e3o os respons\u00e1veis pelos cuidados de manuten\u00e7\u00e3o desta planta durante o per\u00edodo em que estiverem na institui\u00e7\u00e3o. E ao sa\u00edrem da UEPB devem informar \u00e0 coordena\u00e7\u00e3o<a href=\"http:\/\/centros.ascom.uepb.edu.br\/ccbsa\/files\/2013\/07\/DSC03969mod.jpg\"><img loading=\"lazy\" decoding=\"async\" class=\"alignright size-thumbnail wp-image-350 img-responsive\" alt=\"DSC03969mod\" src=\"http:\/\/centros.ascom.uepb.edu.br\/ccbsa\/files\/2013\/07\/DSC03969mod-150x150.jpg\" width=\"150\" height=\"150\" \/><\/a> do projeto para que sejam escolhidos novos respons\u00e1veis pelas plantas.<\/p>\n<p>De acordo com o coordenador do projeto, professor \u00canio Wocily, em breve ser\u00e1 divulgado um mapa com o local espec\u00edfico de cada esp\u00e9cie, para facilitar a localiza\u00e7\u00e3o por parte dos cuidadores, at\u00e9 que cada muda receba uma placa, com o nome da esp\u00e9cie e o respons\u00e1vel. A coordena\u00e7\u00e3o do projeto tamb\u00e9m auxiliar\u00e1 os participantes informando o per\u00edodo correto de aduba\u00e7\u00e3o e cuidados espec\u00edficos relacionados a cada esp\u00e9cie.<\/p>\n","protected":false},"excerpt":{"rendered":"<p>Estudantes, docentes e t\u00e9cnicos administrativos do Centro de Ci\u00eancias Biol\u00f3gicas e Sociais Aplicadas, realizaram, de 26 a 28 de junho, o plantio das mudas de esp\u00e9cies frut\u00edferas e ornamentais na \u00e1rea de estacionamento do Campus V, de acordo com o cronograma do projeto \u201cAdote sua \u00e1rvore\u201d. Foram plantadas esp\u00e9cies de C\u00e1ssia-rosa, Ip\u00ea-roxo, Ip\u00ea-amarelo, Pau-Brasil, Pata <a class=\"leiamais\" href=\"https:\/\/centros.uepb.edu.br\/ccbsa\/comunidade-academica-do-campus-v-realiza-plantio-de-mudas-do-projeto-adote-sua-arvore\/\">Leia Mais&#8230;<\/a><\/p>\n","protected":false},"author":8,"featured_media":348,"comment_status":"open","ping_status":"open","sticky":false,"template":"","format":"standard","meta":{"footnotes":""},"categories":[1],"tags":[],"class_list":["post-344","post","type-post","status-publish","format-standard","has-post-thumbnail","hentry","category-sem-categoria"],"jetpack_featured_media_url":"https:\/\/centros.uepb.edu.br\/ccbsa\/files\/2013\/07\/foto-plantio.jpg","_links":{"self":[{"href":"https:\/\/centros.uepb.edu.br\/ccbsa\/wp-json\/wp\/v2\/posts\/344","targetHints":{"allow":["GET"]}}],"collection":[{"href":"https:\/\/centros.uepb.edu.br\/ccbsa\/wp-json\/wp\/v2\/posts"}],"about":[{"href":"https:\/\/centros.uepb.edu.br\/ccbsa\/wp-json\/wp\/v2\/types\/post"}],"author":[{"embeddable":true,"href":"https:\/\/centros.uepb.edu.br\/ccbsa\/wp-json\/wp\/v2\/users\/8"}],"replies":[{"embeddable":true,"href":"https:\/\/centros.uepb.edu.br\/ccbsa\/wp-json\/wp\/v2\/comments?post=344"}],"version-history":[{"count":0,"href":"https:\/\/centros.uepb.edu.br\/ccbsa\/wp-json\/wp\/v2\/posts\/344\/revisions"}],"wp:featuredmedia":[{"embeddable":true,"href":"https:\/\/centros.uepb.edu.br\/ccbsa\/wp-json\/wp\/v2\/media\/348"}],"wp:attachment":[{"href":"https:\/\/centros.uepb.edu.br\/ccbsa\/wp-json\/wp\/v2\/media?parent=344"}],"wp:term":[{"taxonomy":"category","embeddable":true,"href":"https:\/\/centros.uepb.edu.br\/ccbsa\/wp-json\/wp\/v2\/categories?post=344"},{"taxonomy":"post_tag","embeddable":true,"href":"https:\/\/centros.uepb.edu.br\/ccbsa\/wp-json\/wp\/v2\/tags?post=344"}],"curies":[{"name":"wp","href":"https:\/\/api.w.org\/{rel}","templated":true}]}}