{"id":3427,"date":"2016-08-23T13:19:53","date_gmt":"2016-08-23T13:19:53","guid":{"rendered":"https:\/\/centros.uepb.edu.br\/ccbsa\/?p=3427"},"modified":"2016-08-23T13:33:19","modified_gmt":"2016-08-23T13:33:19","slug":"campus-da-uepb-em-joao-pessoa-celebra-uma-decada-de-criacao-com-exposicao-de-projetos-e-mostra-fotografica","status":"publish","type":"post","link":"https:\/\/centros.uepb.edu.br\/ccbsa\/campus-da-uepb-em-joao-pessoa-celebra-uma-decada-de-criacao-com-exposicao-de-projetos-e-mostra-fotografica\/","title":{"rendered":"Campus V celebra uma d\u00e9cada de cria\u00e7\u00e3o com mostra fotogr\u00e1fica e exposi\u00e7\u00e3o de projetos e cursos"},"content":{"rendered":"<p><a href=\"https:\/\/centros.uepb.edu.br\/ccbsa\/files\/2016\/08\/ARTE-ANIVERS\u00c1RIO-SITE.png\"><img loading=\"lazy\" decoding=\"async\" class=\"aligncenter size-full wp-image-3428 img-responsive\" src=\"https:\/\/centros.uepb.edu.br\/ccbsa\/files\/2016\/08\/ARTE-ANIVERS\u00c1RIO-SITE.png\" alt=\"ARTE ANIVERS\u00c1RIO SITE\" width=\"840\" height=\"454\" srcset=\"https:\/\/centros.uepb.edu.br\/ccbsa\/files\/2016\/08\/ARTE-ANIVERS\u00c1RIO-SITE.png 840w, https:\/\/centros.uepb.edu.br\/ccbsa\/files\/2016\/08\/ARTE-ANIVERS\u00c1RIO-SITE-300x162.png 300w, https:\/\/centros.uepb.edu.br\/ccbsa\/files\/2016\/08\/ARTE-ANIVERS\u00c1RIO-SITE-768x415.png 768w, https:\/\/centros.uepb.edu.br\/ccbsa\/files\/2016\/08\/ARTE-ANIVERS\u00c1RIO-SITE-370x200.png 370w\" sizes=\"auto, (max-width: 840px) 100vw, 840px\" \/><\/a><\/p>\n<p>Com projetos e atividades de ensino, pesquisa e extens\u00e3o reconhecidos no cen\u00e1rio acad\u00eamico regional, nacional e internacional, publica\u00e7\u00f5es que refor\u00e7am o potencial de docentes, pesquisadores, t\u00e9cnicos e estudantes, a constante aprova\u00e7\u00e3o de egressos em p\u00f3s-gradua\u00e7\u00f5es e concursos p\u00fablicos e a excel\u00eancia dos profissionais formados na institui\u00e7\u00e3o, o Campus V da Universidade Estadual da Para\u00edba, em Jo\u00e3o Pessoa, completa dez anos de exist\u00eancia com uma exposi\u00e7\u00e3o de projetos e atividades que visa mostrar \u00e0 comunidade parte das iniciativas desenvolvidas ao longo desse per\u00edodo. A exposi\u00e7\u00e3o \u201cUEPB Campus V: uma d\u00e9cada de conhecimento e luta\u201d ser\u00e1 realizada dia 29 de agosto, das 14 \u00e0s 17h, no p\u00e1tio do Centro de Ci\u00eancias Biol\u00f3gicas e Sociais Aplicadas.<\/p>\n<p>A exposi\u00e7\u00e3o contar\u00e1 com stands das tr\u00eas gradua\u00e7\u00f5es do Campus V (Arquivologia, Ci\u00eancias Biol\u00f3gicas e Rela\u00e7\u00f5es Internacionais), informa\u00e7\u00f5es sobre os cursos de idiomas ofertados pelo N\u00facleo de L\u00ednguas, um balc\u00e3o de atendimento para empreendedores, um stand que apresentar\u00e1 o trabalho e a import\u00e2ncia da coleta seletiva, dentre outros projetos de pesquisa e extens\u00e3o desenvolvidos no CCBSA.<\/p>\n<p>Al\u00e9m disso, durante a semana de evento ser\u00e1 realizada, na biblioteca do Campus V, uma mostra fotogr\u00e1fica do material que ir\u00e1 comp\u00f4r o memorial do CCBSA. Dentre os registros que ir\u00e3o comp\u00f4r o memorial est\u00e3o fotografias da inaugura\u00e7\u00e3o, eventos realizados ao longo dos dez anos de funcionamento, as instala\u00e7\u00f5es pelas quais o CCBSA passou, personagens importantes na hist\u00f3ria do Campus V, cola\u00e7\u00f5es de grau, entre outras imagens marcantes.<\/p>\n<p>A exposi\u00e7\u00e3o contar ainda com a apresenta\u00e7\u00e3o do Corpo Coreogr\u00e1fico da Banda Marcial da Escola Municipal Santa \u00c2ngela, institui\u00e7\u00e3o parceira em projetos do Campus V.<\/p>\n","protected":false},"excerpt":{"rendered":"<p>Com projetos e atividades de ensino, pesquisa e extens\u00e3o reconhecidos no cen\u00e1rio acad\u00eamico regional, nacional e internacional, publica\u00e7\u00f5es que refor\u00e7am o potencial de docentes, pesquisadores, t\u00e9cnicos e estudantes, a constante aprova\u00e7\u00e3o de egressos em p\u00f3s-gradua\u00e7\u00f5es e concursos p\u00fablicos e a excel\u00eancia dos profissionais formados na institui\u00e7\u00e3o, o Campus V da Universidade Estadual da Para\u00edba, em <a class=\"leiamais\" href=\"https:\/\/centros.uepb.edu.br\/ccbsa\/campus-da-uepb-em-joao-pessoa-celebra-uma-decada-de-criacao-com-exposicao-de-projetos-e-mostra-fotografica\/\">Leia Mais&#8230;<\/a><\/p>\n","protected":false},"author":8,"featured_media":3428,"comment_status":"closed","ping_status":"closed","sticky":false,"template":"","format":"standard","meta":{"footnotes":""},"categories":[3,11],"tags":[],"class_list":["post-3427","post","type-post","status-publish","format-standard","has-post-thumbnail","hentry","category-noticias","category-noticias-destaque-img"],"jetpack_featured_media_url":"https:\/\/centros.uepb.edu.br\/ccbsa\/files\/2016\/08\/ARTE-ANIVERS\u00c1RIO-SITE.png","_links":{"self":[{"href":"https:\/\/centros.uepb.edu.br\/ccbsa\/wp-json\/wp\/v2\/posts\/3427","targetHints":{"allow":["GET"]}}],"collection":[{"href":"https:\/\/centros.uepb.edu.br\/ccbsa\/wp-json\/wp\/v2\/posts"}],"about":[{"href":"https:\/\/centros.uepb.edu.br\/ccbsa\/wp-json\/wp\/v2\/types\/post"}],"author":[{"embeddable":true,"href":"https:\/\/centros.uepb.edu.br\/ccbsa\/wp-json\/wp\/v2\/users\/8"}],"replies":[{"embeddable":true,"href":"https:\/\/centros.uepb.edu.br\/ccbsa\/wp-json\/wp\/v2\/comments?post=3427"}],"version-history":[{"count":0,"href":"https:\/\/centros.uepb.edu.br\/ccbsa\/wp-json\/wp\/v2\/posts\/3427\/revisions"}],"wp:featuredmedia":[{"embeddable":true,"href":"https:\/\/centros.uepb.edu.br\/ccbsa\/wp-json\/wp\/v2\/media\/3428"}],"wp:attachment":[{"href":"https:\/\/centros.uepb.edu.br\/ccbsa\/wp-json\/wp\/v2\/media?parent=3427"}],"wp:term":[{"taxonomy":"category","embeddable":true,"href":"https:\/\/centros.uepb.edu.br\/ccbsa\/wp-json\/wp\/v2\/categories?post=3427"},{"taxonomy":"post_tag","embeddable":true,"href":"https:\/\/centros.uepb.edu.br\/ccbsa\/wp-json\/wp\/v2\/tags?post=3427"}],"curies":[{"name":"wp","href":"https:\/\/api.w.org\/{rel}","templated":true}]}}