{"id":3418,"date":"2016-08-22T11:16:55","date_gmt":"2016-08-22T11:16:55","guid":{"rendered":"https:\/\/centros.uepb.edu.br\/ccbsa\/?p=3418"},"modified":"2016-08-22T11:17:46","modified_gmt":"2016-08-22T11:17:46","slug":"simposio-da-biologia-e-adiado-para-janeiro-de-2017-e-inscricoes-de-trabalhos-ja-estao-sendo-realizadas","status":"publish","type":"post","link":"https:\/\/centros.uepb.edu.br\/ccbsa\/simposio-da-biologia-e-adiado-para-janeiro-de-2017-e-inscricoes-de-trabalhos-ja-estao-sendo-realizadas\/","title":{"rendered":"Simp\u00f3sio da Biologia \u00e9 adiado para janeiro de 2017 e inscri\u00e7\u00f5es de trabalhos j\u00e1 est\u00e3o sendo realizadas"},"content":{"rendered":"<p><a href=\"https:\/\/centros.uepb.edu.br\/ccbsa\/files\/2016\/07\/SIMP\u00d3SIO-BIOLOGIA.jpg\"><img loading=\"lazy\" decoding=\"async\" class=\"aligncenter size-full wp-image-3251 img-responsive\" src=\"https:\/\/centros.uepb.edu.br\/ccbsa\/files\/2016\/07\/SIMP\u00d3SIO-BIOLOGIA.jpg\" alt=\"SIMP\u00d3SIO BIOLOGIA\" width=\"840\" height=\"454\" srcset=\"https:\/\/centros.uepb.edu.br\/ccbsa\/files\/2016\/07\/SIMP\u00d3SIO-BIOLOGIA.jpg 840w, https:\/\/centros.uepb.edu.br\/ccbsa\/files\/2016\/07\/SIMP\u00d3SIO-BIOLOGIA-300x162.jpg 300w, https:\/\/centros.uepb.edu.br\/ccbsa\/files\/2016\/07\/SIMP\u00d3SIO-BIOLOGIA-768x415.jpg 768w, https:\/\/centros.uepb.edu.br\/ccbsa\/files\/2016\/07\/SIMP\u00d3SIO-BIOLOGIA-370x200.jpg 370w\" sizes=\"auto, (max-width: 840px) 100vw, 840px\" \/><\/a><\/p>\n<p>A comiss\u00e3o organizadora do \u201cI Simp\u00f3sio de Biologia: diversidade e amplitude biol\u00f3gica em benef\u00edcio da Ci\u00eancia e da sociedade\u201d adiou o evento, que seria em setembro, e est\u00e1 previsto para ser realizado\u00a0de 10 a 13 de janeiro de 2017. Com a modifica\u00e7\u00e3o foram ampliados os prazo de inscri\u00e7\u00e3o e submiss\u00e3o de trabalhos, que agora podem ser enviados at\u00e9 5 de novembro de 2016. O evento \u00e9 promovido pelo Centro Acad\u00eamico Bioss\u00edntese, do curso de Ci\u00eancias Biol\u00f3gicas do Campus V da Universidade Estadual da Para\u00edba (UEPB), em Jo\u00e3o Pessoa, e tem o objetivo de\u00a0discutir a atua\u00e7\u00e3o do bi\u00f3logo em rela\u00e7\u00e3o \u00e0 preserva\u00e7\u00e3o ambiental e ampliar as discuss\u00f5es sobre a aplicabilidade das pesquisas cient\u00edficas, \u00a0promove, de 27 a 30 de setembro, no audit\u00f3rio Pioneiros, o \u201cI Simp\u00f3sio de Biologia: diversidade e amplitude biol\u00f3gica em benef\u00edcio da Ci\u00eancia e da sociedade\u201d.<\/p>\n<p>Est\u00e3o previstas palestras com pesquisadores do CCBSA e convidados, que abordar\u00e3o tem\u00e1ticas como: \u201cAdapta\u00e7\u00f5es fisiol\u00f3gicas da macrofauna estuarina\u201d, \u201cDiversidade e amplitude biol\u00f3gica em benef\u00edcio da ci\u00eancia e da sociedade\u201d, \u201cA resist\u00eancia aos antibi\u00f3ticos e \u00e0s superbact\u00e9rias\u201d, \u201cCrit\u00e9rios IUCN para a avalia\u00e7\u00e3o da fauna amea\u00e7ada de extin\u00e7\u00e3o\u201d, \u201cBiologia termal de metazo\u00e1rios\u201d, entre outros temas.<\/p>\n<p>Al\u00e9m disso est\u00e3o previstos os minicursos \u201cM\u00e9todos de amostragem e fisiologia de organismos aqu\u00e1ticos\u201d, \u201cBiofotografia: como registrar comportamentos usando conhecimentos biol\u00f3gicos\u201d, \u201cEcologia para um futuro menor\u201d, \u201cNo\u00e7\u00f5es sobre Ecologia de plantas aqu\u00e1ticas\u201d, \u201cNanotecnologia aplicada \u00e0 sa\u00fade\u201d, \u201cInvertebrados de interesse m\u00e9dico\u201d, \u201cMonitoramento de recife de corais: diagn\u00f3stico, branqueamento e outros impactos\u201d, \u201cEcologia de peixes estuarinos\u201d, \u201cBiologia e conserva\u00e7\u00e3o de raias\u201d, todos com carga hor\u00e1ria de 20h. Est\u00e3o sendo ofertadas 12 vagas para cada minicurso.<\/p>\n<p>As inscri\u00e7\u00f5es est\u00e3o sendo realizadas no<a href=\"http:\/\/isimposiodebiologi.wix.com\/isimpbiouepbv\"> site do evento<\/a> at\u00e9 que sejam preenchidas as 120 vagas disponibilizadas e d\u00e3o direito \u00e0 participa\u00e7\u00e3o nas palestras, em um minicurso e a apresenta\u00e7\u00e3o de trabalhos cient\u00edficos com o limite de dois trabalhos por inscrito.<\/p>\n<p>Outras informa\u00e7\u00f5es: (083) 999047615\/ isimposiodebiologiauepb@outlook.com\/ cabiossintese@outlook.com<\/p>\n","protected":false},"excerpt":{"rendered":"<p>A comiss\u00e3o organizadora do \u201cI Simp\u00f3sio de Biologia: diversidade e amplitude biol\u00f3gica em benef\u00edcio da Ci\u00eancia e da sociedade\u201d adiou o evento, que seria em setembro, e est\u00e1 previsto para ser realizado\u00a0de 10 a 13 de janeiro de 2017. Com a modifica\u00e7\u00e3o foram ampliados os prazo de inscri\u00e7\u00e3o e submiss\u00e3o de trabalhos, que agora podem <a class=\"leiamais\" href=\"https:\/\/centros.uepb.edu.br\/ccbsa\/simposio-da-biologia-e-adiado-para-janeiro-de-2017-e-inscricoes-de-trabalhos-ja-estao-sendo-realizadas\/\">Leia Mais&#8230;<\/a><\/p>\n","protected":false},"author":8,"featured_media":3251,"comment_status":"closed","ping_status":"closed","sticky":false,"template":"","format":"standard","meta":{"footnotes":""},"categories":[3,11],"tags":[],"class_list":["post-3418","post","type-post","status-publish","format-standard","has-post-thumbnail","hentry","category-noticias","category-noticias-destaque-img"],"jetpack_featured_media_url":"https:\/\/centros.uepb.edu.br\/ccbsa\/files\/2016\/07\/SIMP\u00d3SIO-BIOLOGIA.jpg","_links":{"self":[{"href":"https:\/\/centros.uepb.edu.br\/ccbsa\/wp-json\/wp\/v2\/posts\/3418","targetHints":{"allow":["GET"]}}],"collection":[{"href":"https:\/\/centros.uepb.edu.br\/ccbsa\/wp-json\/wp\/v2\/posts"}],"about":[{"href":"https:\/\/centros.uepb.edu.br\/ccbsa\/wp-json\/wp\/v2\/types\/post"}],"author":[{"embeddable":true,"href":"https:\/\/centros.uepb.edu.br\/ccbsa\/wp-json\/wp\/v2\/users\/8"}],"replies":[{"embeddable":true,"href":"https:\/\/centros.uepb.edu.br\/ccbsa\/wp-json\/wp\/v2\/comments?post=3418"}],"version-history":[{"count":0,"href":"https:\/\/centros.uepb.edu.br\/ccbsa\/wp-json\/wp\/v2\/posts\/3418\/revisions"}],"wp:featuredmedia":[{"embeddable":true,"href":"https:\/\/centros.uepb.edu.br\/ccbsa\/wp-json\/wp\/v2\/media\/3251"}],"wp:attachment":[{"href":"https:\/\/centros.uepb.edu.br\/ccbsa\/wp-json\/wp\/v2\/media?parent=3418"}],"wp:term":[{"taxonomy":"category","embeddable":true,"href":"https:\/\/centros.uepb.edu.br\/ccbsa\/wp-json\/wp\/v2\/categories?post=3418"},{"taxonomy":"post_tag","embeddable":true,"href":"https:\/\/centros.uepb.edu.br\/ccbsa\/wp-json\/wp\/v2\/tags?post=3418"}],"curies":[{"name":"wp","href":"https:\/\/api.w.org\/{rel}","templated":true}]}}