{"id":3395,"date":"2016-08-12T15:11:40","date_gmt":"2016-08-12T15:11:40","guid":{"rendered":"https:\/\/centros.uepb.edu.br\/ccbsa\/?p=3395"},"modified":"2016-08-15T11:50:44","modified_gmt":"2016-08-15T11:50:44","slug":"campus-v-sedia-lancamento-da-revista-piriah-e-debate-sobre-cultura-e-ri","status":"publish","type":"post","link":"https:\/\/centros.uepb.edu.br\/ccbsa\/campus-v-sedia-lancamento-da-revista-piriah-e-debate-sobre-cultura-e-ri\/","title":{"rendered":"Campus V sedia lan\u00e7amento da Revista Piriah e debate sobre Cultura e Rela\u00e7\u00f5es Internacionais"},"content":{"rendered":"<p><a href=\"https:\/\/centros.uepb.edu.br\/ccbsa\/files\/2016\/08\/2016-08-13-PHOTO-00000001.jpg\"><img loading=\"lazy\" decoding=\"async\" class=\"aligncenter size-full wp-image-3400 img-responsive\" src=\"https:\/\/centros.uepb.edu.br\/ccbsa\/files\/2016\/08\/2016-08-13-PHOTO-00000001.jpg\" alt=\"2016-08-13-PHOTO-00000001\" width=\"800\" height=\"454\" srcset=\"https:\/\/centros.uepb.edu.br\/ccbsa\/files\/2016\/08\/2016-08-13-PHOTO-00000001.jpg 800w, https:\/\/centros.uepb.edu.br\/ccbsa\/files\/2016\/08\/2016-08-13-PHOTO-00000001-300x170.jpg 300w, https:\/\/centros.uepb.edu.br\/ccbsa\/files\/2016\/08\/2016-08-13-PHOTO-00000001-768x436.jpg 768w, https:\/\/centros.uepb.edu.br\/ccbsa\/files\/2016\/08\/2016-08-13-PHOTO-00000001-370x210.jpg 370w\" sizes=\"auto, (max-width: 800px) 100vw, 800px\" \/><\/a><\/p>\n<p>O Campus V da Universidade Estadual da Para\u00edba sedia, na ter\u00e7a-feira, 16 de agosto, \u00e0s 10h30, no audit\u00f3rio Pioneiros, o lan\u00e7amento da Revista Piriah,\u00a0da Secretaria de Estado da Cultura da Para\u00edba (Secult) do Governo da Para\u00edba e um debate sobre cultura e Rela\u00e7\u00f5es Internacionais.\u00a0Participam do evento, o secret\u00e1rio de Cultura, Lau Siqueira, e os docentes da UEPB, Ana Paula Maielo, Carlos Enrique Ruiz, Henrique Fran\u00e7a, Julio Cabrera, Murilo Mesquita e Vancarder Brito.<\/p>\n<p>De car\u00e1ter institucional, a publica\u00e7\u00e3o \u00e9 descrita pelos idealizadores como um material que \u201cfoge do simples marketing de a\u00e7\u00f5es governamentais e se apresenta atrav\u00e9s da arte e cultura enquanto reflexo da realidade paraibana. Sistematizada a partir da Assessoria de Imprensa, a medida que sai o primeiro n\u00famero carrega v\u00e1rias promessas, principalmente destacar produ\u00e7\u00e3o art\u00edstica, difundindo experi\u00eancias culturais e visibilizando uma sociedade, muitas vezes, engolida apenas pelo fazer\/produzir eventos culturais\u201d.<\/p>\n<p>Entre os colaboradores est\u00e3o poetas, comunic\u00f3logos, gestores e professores que discorrem sobre as diversas vertentes da cultura erudita e popular, uma representa\u00e7\u00e3o hist\u00f3rica de uma mem\u00f3ria seletiva da produ\u00e7\u00e3o art\u00edstica e cultural do Estado da Para\u00edba.<\/p>\n<p>Segundo Lau Siqueira, secret\u00e1rio de Estado da Cultura e idealizador da revista, \u201co projeto inicial era de uma revista no m\u00ednimo bimestral, mas a conjuntura econ\u00f4mica nos empurrou para a semestralidade. O importante \u00e9 garantirmos um espa\u00e7o para o debate est\u00e9tico, principalmente, fora das publica\u00e7\u00f5es oficiais que algumas vezes buscam apenas estrat\u00e9gias de convencimento\u201d, concluiu.<\/p>\n<p>&nbsp;<\/p>\n","protected":false},"excerpt":{"rendered":"<p>O Campus V da Universidade Estadual da Para\u00edba sedia, na ter\u00e7a-feira, 16 de agosto, \u00e0s 10h30, no audit\u00f3rio Pioneiros, o lan\u00e7amento da Revista Piriah,\u00a0da Secretaria de Estado da Cultura da Para\u00edba (Secult) do Governo da Para\u00edba e um debate sobre cultura e Rela\u00e7\u00f5es Internacionais.\u00a0Participam do evento, o secret\u00e1rio de Cultura, Lau Siqueira, e os docentes <a class=\"leiamais\" href=\"https:\/\/centros.uepb.edu.br\/ccbsa\/campus-v-sedia-lancamento-da-revista-piriah-e-debate-sobre-cultura-e-ri\/\">Leia Mais&#8230;<\/a><\/p>\n","protected":false},"author":8,"featured_media":3400,"comment_status":"closed","ping_status":"closed","sticky":false,"template":"","format":"standard","meta":{"footnotes":""},"categories":[3,11],"tags":[],"class_list":["post-3395","post","type-post","status-publish","format-standard","has-post-thumbnail","hentry","category-noticias","category-noticias-destaque-img"],"jetpack_featured_media_url":"https:\/\/centros.uepb.edu.br\/ccbsa\/files\/2016\/08\/2016-08-13-PHOTO-00000001.jpg","_links":{"self":[{"href":"https:\/\/centros.uepb.edu.br\/ccbsa\/wp-json\/wp\/v2\/posts\/3395","targetHints":{"allow":["GET"]}}],"collection":[{"href":"https:\/\/centros.uepb.edu.br\/ccbsa\/wp-json\/wp\/v2\/posts"}],"about":[{"href":"https:\/\/centros.uepb.edu.br\/ccbsa\/wp-json\/wp\/v2\/types\/post"}],"author":[{"embeddable":true,"href":"https:\/\/centros.uepb.edu.br\/ccbsa\/wp-json\/wp\/v2\/users\/8"}],"replies":[{"embeddable":true,"href":"https:\/\/centros.uepb.edu.br\/ccbsa\/wp-json\/wp\/v2\/comments?post=3395"}],"version-history":[{"count":0,"href":"https:\/\/centros.uepb.edu.br\/ccbsa\/wp-json\/wp\/v2\/posts\/3395\/revisions"}],"wp:featuredmedia":[{"embeddable":true,"href":"https:\/\/centros.uepb.edu.br\/ccbsa\/wp-json\/wp\/v2\/media\/3400"}],"wp:attachment":[{"href":"https:\/\/centros.uepb.edu.br\/ccbsa\/wp-json\/wp\/v2\/media?parent=3395"}],"wp:term":[{"taxonomy":"category","embeddable":true,"href":"https:\/\/centros.uepb.edu.br\/ccbsa\/wp-json\/wp\/v2\/categories?post=3395"},{"taxonomy":"post_tag","embeddable":true,"href":"https:\/\/centros.uepb.edu.br\/ccbsa\/wp-json\/wp\/v2\/tags?post=3395"}],"curies":[{"name":"wp","href":"https:\/\/api.w.org\/{rel}","templated":true}]}}