{"id":3380,"date":"2016-08-10T13:09:35","date_gmt":"2016-08-10T13:09:35","guid":{"rendered":"https:\/\/centros.uepb.edu.br\/ccbsa\/?p=3380"},"modified":"2016-08-10T13:09:35","modified_gmt":"2016-08-10T13:09:35","slug":"direcao-do-ccbsa-envia-mensagem-de-felicitacao-aos-estudantes-do-campus-v","status":"publish","type":"post","link":"https:\/\/centros.uepb.edu.br\/ccbsa\/direcao-do-ccbsa-envia-mensagem-de-felicitacao-aos-estudantes-do-campus-v\/","title":{"rendered":"Dire\u00e7\u00e3o do CCBSA envia mensagem de felicita\u00e7\u00e3o aos estudantes do Campus V"},"content":{"rendered":"<p><a href=\"https:\/\/centros.uepb.edu.br\/ccbsa\/files\/2016\/08\/ARTE-DIA-DO-ESTUDANTE-OK.jpg\"><img loading=\"lazy\" decoding=\"async\" class=\"aligncenter size-full wp-image-3381 img-responsive\" src=\"https:\/\/centros.uepb.edu.br\/ccbsa\/files\/2016\/08\/ARTE-DIA-DO-ESTUDANTE-OK.jpg\" alt=\"ARTE DIA DO ESTUDANTE OK\" width=\"800\" height=\"454\" srcset=\"https:\/\/centros.uepb.edu.br\/ccbsa\/files\/2016\/08\/ARTE-DIA-DO-ESTUDANTE-OK.jpg 800w, https:\/\/centros.uepb.edu.br\/ccbsa\/files\/2016\/08\/ARTE-DIA-DO-ESTUDANTE-OK-300x170.jpg 300w, https:\/\/centros.uepb.edu.br\/ccbsa\/files\/2016\/08\/ARTE-DIA-DO-ESTUDANTE-OK-768x436.jpg 768w, https:\/\/centros.uepb.edu.br\/ccbsa\/files\/2016\/08\/ARTE-DIA-DO-ESTUDANTE-OK-370x210.jpg 370w\" sizes=\"auto, (max-width: 800px) 100vw, 800px\" \/><\/a><\/p>\n<p>&nbsp;<\/p>\n<p>A dire\u00e7\u00e3o do Centro de Ci\u00eancias Biol\u00f3gicas e Sociais Aplicadas da Universidade Estadual da Para\u00edba sa\u00fada todos os discentes do Campus V\u00a0pelo dia do estudante, comemorada em 11 de agosto.<\/p>\n","protected":false},"excerpt":{"rendered":"<p>&nbsp; A dire\u00e7\u00e3o do Centro de Ci\u00eancias Biol\u00f3gicas e Sociais Aplicadas da Universidade Estadual da Para\u00edba sa\u00fada todos os discentes do Campus V\u00a0pelo dia do estudante, comemorada em 11 de agosto.<\/p>\n","protected":false},"author":8,"featured_media":3381,"comment_status":"closed","ping_status":"closed","sticky":false,"template":"","format":"standard","meta":{"footnotes":""},"categories":[3,11],"tags":[],"class_list":["post-3380","post","type-post","status-publish","format-standard","has-post-thumbnail","hentry","category-noticias","category-noticias-destaque-img"],"jetpack_featured_media_url":"https:\/\/centros.uepb.edu.br\/ccbsa\/files\/2016\/08\/ARTE-DIA-DO-ESTUDANTE-OK.jpg","_links":{"self":[{"href":"https:\/\/centros.uepb.edu.br\/ccbsa\/wp-json\/wp\/v2\/posts\/3380","targetHints":{"allow":["GET"]}}],"collection":[{"href":"https:\/\/centros.uepb.edu.br\/ccbsa\/wp-json\/wp\/v2\/posts"}],"about":[{"href":"https:\/\/centros.uepb.edu.br\/ccbsa\/wp-json\/wp\/v2\/types\/post"}],"author":[{"embeddable":true,"href":"https:\/\/centros.uepb.edu.br\/ccbsa\/wp-json\/wp\/v2\/users\/8"}],"replies":[{"embeddable":true,"href":"https:\/\/centros.uepb.edu.br\/ccbsa\/wp-json\/wp\/v2\/comments?post=3380"}],"version-history":[{"count":0,"href":"https:\/\/centros.uepb.edu.br\/ccbsa\/wp-json\/wp\/v2\/posts\/3380\/revisions"}],"wp:featuredmedia":[{"embeddable":true,"href":"https:\/\/centros.uepb.edu.br\/ccbsa\/wp-json\/wp\/v2\/media\/3381"}],"wp:attachment":[{"href":"https:\/\/centros.uepb.edu.br\/ccbsa\/wp-json\/wp\/v2\/media?parent=3380"}],"wp:term":[{"taxonomy":"category","embeddable":true,"href":"https:\/\/centros.uepb.edu.br\/ccbsa\/wp-json\/wp\/v2\/categories?post=3380"},{"taxonomy":"post_tag","embeddable":true,"href":"https:\/\/centros.uepb.edu.br\/ccbsa\/wp-json\/wp\/v2\/tags?post=3380"}],"curies":[{"name":"wp","href":"https:\/\/api.w.org\/{rel}","templated":true}]}}