{"id":3341,"date":"2016-08-03T16:24:53","date_gmt":"2016-08-03T16:24:53","guid":{"rendered":"https:\/\/centros.uepb.edu.br\/ccbsa\/?p=3341"},"modified":"2016-08-03T16:24:53","modified_gmt":"2016-08-03T16:24:53","slug":"curso-de-arquivologia-da-uepb-inaugura-laboratorio-de-conservacao-e-restauracao-de-documentos","status":"publish","type":"post","link":"https:\/\/centros.uepb.edu.br\/ccbsa\/curso-de-arquivologia-da-uepb-inaugura-laboratorio-de-conservacao-e-restauracao-de-documentos\/","title":{"rendered":"Curso de Arquivologia da UEPB inaugura laborat\u00f3rio de conserva\u00e7\u00e3o e restaura\u00e7\u00e3o de documentos"},"content":{"rendered":"<p><a href=\"https:\/\/centros.uepb.edu.br\/ccbsa\/files\/2016\/08\/DSC04653.jpg\"><img loading=\"lazy\" decoding=\"async\" class=\"aligncenter size-full wp-image-3342 img-responsive\" src=\"https:\/\/centros.uepb.edu.br\/ccbsa\/files\/2016\/08\/DSC04653.jpg\" alt=\"\" width=\"840\" height=\"454\" srcset=\"https:\/\/centros.uepb.edu.br\/ccbsa\/files\/2016\/08\/DSC04653.jpg 840w, https:\/\/centros.uepb.edu.br\/ccbsa\/files\/2016\/08\/DSC04653-300x162.jpg 300w, https:\/\/centros.uepb.edu.br\/ccbsa\/files\/2016\/08\/DSC04653-768x415.jpg 768w, https:\/\/centros.uepb.edu.br\/ccbsa\/files\/2016\/08\/DSC04653-370x200.jpg 370w\" sizes=\"auto, (max-width: 840px) 100vw, 840px\" \/><\/a><\/p>\n<p>Restaura\u00e7\u00e3o de obras raras, conserva\u00e7\u00e3o de documentos, preserva\u00e7\u00e3o da mem\u00f3ria que est\u00e1 registrada em papel, s\u00e3o alguns dos servi\u00e7os j\u00e1 desenvolvidos pelo Bacharelado em Arquivologia da Universidade Estadual da Para\u00edba (UEPB), que adquirem maior viabilidade para a realiza\u00e7\u00e3o com a inaugura\u00e7\u00e3o do Laborat\u00f3rio de Conserva\u00e7\u00e3o, Restaura\u00e7\u00e3o e Encaderna\u00e7\u00e3o (LACRE), realizada nesta quarta-feira (3).<\/p>\n<p>Estiveram presentes na solenidade de inaugura\u00e7\u00e3o o reitor da UEPB, professor Ant\u00f4nio Rangel Junior; o diretor do Centro de Ci\u00eancias Biol\u00f3gicas e Sociais Aplicadas, Francisco Jaime Mendon\u00e7a Junior; a coordenadora do curso de Arquivologia, professora Esmeralda Porf\u00edrio Sales; o coordenador adjunto do curso de Arquivologia, professor Germano Ramalho; o coordenador do LACRE, professor Eutr\u00f3pio Bezerra; docentes, estudantes, arquivistas e egressos do curso de Arquivologia, representantes de entidades de classe e projetos de extens\u00e3o do referido Bacharelado.<\/p>\n<p>Na ocasi\u00e3o, o reitor Rangel Junior destacou a import\u00e2ncia desse momento para o curso de Arquivologia e para a sociedade, que poder\u00e1 contar com novas iniciativas de parceria para a restaura\u00e7\u00e3o de obras e preserva\u00e7\u00e3o de documentos de \u00f3rg\u00e3os p\u00fablicos e acervos privados.<\/p>\n<p>\u201cAcredito que com esse laborat\u00f3rio fechamos um ciclo importante para o desenvolvimento das atividades do curso de Arquivologia, que n\u00e3o pode ser desenvolvido apenas com a teoria. A atividade pr\u00e1tica, como o aprendizado das t\u00e9cnicas de preserva\u00e7\u00e3o e restauro de documentos, \u00e9 importante porque a forma\u00e7\u00e3o fica mais completa e s\u00f3lida. Por outro lado tem o aspecto da amplia\u00e7\u00e3o do campo de pesquisa e da presta\u00e7\u00e3o de servi\u00e7os \u00e0 sociedade, a \u00f3rg\u00e3os p\u00fablicos, a arquivos p\u00fablicos e privados, com a restaura\u00e7\u00e3o de obras\u201d, avalia o professor Rangel Junior.<\/p>\n<p><a href=\"https:\/\/centros.uepb.edu.br\/ccbsa\/files\/2016\/08\/DSC04594.jpg\"><img loading=\"lazy\" decoding=\"async\" class=\"aligncenter size-full wp-image-3345 img-responsive\" src=\"https:\/\/centros.uepb.edu.br\/ccbsa\/files\/2016\/08\/DSC04594.jpg\" alt=\"\" width=\"840\" height=\"454\" srcset=\"https:\/\/centros.uepb.edu.br\/ccbsa\/files\/2016\/08\/DSC04594.jpg 840w, https:\/\/centros.uepb.edu.br\/ccbsa\/files\/2016\/08\/DSC04594-300x162.jpg 300w, https:\/\/centros.uepb.edu.br\/ccbsa\/files\/2016\/08\/DSC04594-768x415.jpg 768w, https:\/\/centros.uepb.edu.br\/ccbsa\/files\/2016\/08\/DSC04594-370x200.jpg 370w\" sizes=\"auto, (max-width: 840px) 100vw, 840px\" \/><\/a><\/p>\n<p>O professor Francisco Jaime lembra que a cria\u00e7\u00e3o do LACRE \u00e9 idealizada desde a turma pioneira do curso de Arquivologia com o objetivo de permitir melhores condi\u00e7\u00f5es de ensino e trazer visibilidade \u00e0s atividades do Bacharelado.<\/p>\n<p>\u201c\u00c9 com muita felicidade que inauguramos hoje mais um laborat\u00f3rio. O Laborat\u00f3rio de Conserva\u00e7\u00e3o, Restaura\u00e7\u00e3o e Encaderna\u00e7\u00e3o de documentos antes funcionava de maneira muito rudimentar, sem equipamentos adequados, sem refrigera\u00e7\u00e3o, com material artesanal desenvolvido e doado pelo professor da disciplina e hoje estamos concluindo um processo de quase 8 anos desde a \u00e9poca em que os alunos solicitavam esse espa\u00e7o para exercer as pr\u00e1ticas do curso. Certamente a inaugura\u00e7\u00e3o desse espa\u00e7o vai trazer visibilidade para o Campus V e para o curso de Arquivologia uma vez que permite o restauro de obras raras, possibilita que os alunos fa\u00e7am projetos de extens\u00e3o e pesquisa, desenvolvam parcerias, enfim temos muito a comemorar\u201d, avalia Francisco Jaime.<\/p>\n<p>A coordenadora do curso de Arquivologia considera a inaugura\u00e7\u00e3o do LACRE um marco para a hist\u00f3ria do curso e uma conquista de grande porte. Na ocasi\u00e3o, a professora Esmeralda lembrou dos gestores que foram part\u00edcipes nesse processo de constru\u00e7\u00e3o e aquisi\u00e7\u00e3o de equipamentos para a montagem do laborat\u00f3rio: professora Jacqueline Barrancos, Jos\u00e9 Washington Medeiros, Maria Jos\u00e9 Cordeiro Lima.<\/p>\n<p>De acordo com o professor Eutr\u00f3pio o LACRE pode ser considerado um dos melhores laborat\u00f3rios de conserva\u00e7\u00e3o e restaura\u00e7\u00e3o de documentos do pa\u00eds n\u00e3o s\u00f3 pela qualidade dos equipamentos adquiridos e o espa\u00e7o f\u00edsico utilizado mas, pela equipe de profissionais que orientar\u00e1 as atividades no local.<\/p>\n<p>\u201cNesses 8 anos da minha presen\u00e7a na UEPB houve evolu\u00e7\u00e3o grande nos equipamentos e nas t\u00e9cnicas que utiliz\u00e1vamos. Antigamente criamos equipamentos alternativos que nos permitiam repassar as t\u00e9cnicas para salvaguardar documentos, mas, precis\u00e1vamos adquirir equipamentos tradicionais para ampliar nossas possibilidades de desenvolver projetos de extens\u00e3o, pesquisa e parcerias com institui\u00e7\u00f5es p\u00fablicas e privadas. Hoje podemos dizer que temos um laborat\u00f3rio de excel\u00eancia, com condi\u00e7\u00f5es de desenvolver cursos de pequena e curta dura\u00e7\u00e3o e a possibilidade de uma especializa\u00e7\u00e3o na \u00e1rea. Ent\u00e3o, temos muito a comemorar\u201d, destacou o coordenador do LACRE.<\/p>\n<p><a href=\"https:\/\/centros.uepb.edu.br\/ccbsa\/files\/2016\/08\/DSC04599.jpg\"><img loading=\"lazy\" decoding=\"async\" class=\"aligncenter size-full wp-image-3343 img-responsive\" src=\"https:\/\/centros.uepb.edu.br\/ccbsa\/files\/2016\/08\/DSC04599.jpg\" alt=\"\" width=\"840\" height=\"454\" srcset=\"https:\/\/centros.uepb.edu.br\/ccbsa\/files\/2016\/08\/DSC04599.jpg 840w, https:\/\/centros.uepb.edu.br\/ccbsa\/files\/2016\/08\/DSC04599-300x162.jpg 300w, https:\/\/centros.uepb.edu.br\/ccbsa\/files\/2016\/08\/DSC04599-768x415.jpg 768w, https:\/\/centros.uepb.edu.br\/ccbsa\/files\/2016\/08\/DSC04599-370x200.jpg 370w\" sizes=\"auto, (max-width: 840px) 100vw, 840px\" \/><\/a><br \/>\nAl\u00e9m da readequa\u00e7\u00e3o do espa\u00e7o f\u00edsico, que j\u00e1 era utilizado para as aulas de preserva\u00e7\u00e3o e conserva\u00e7\u00e3o de documentos, o LACRE foi equipado com mesa de umecta\u00e7\u00e3o, M\u00e1quina Obturadora de Papel (MOP), mesas de higieniza\u00e7\u00e3o, cabines e mesas de luz, c\u00e2mera de desinfeta\u00e7\u00e3o para g\u00e1s inerte e um aparelho multifuncional desenvolvido pelo professor Eutr\u00f3pio, destinado \u00e0 armazenagem de \u00e1gua deionizada e hidr\u00f3xido de c\u00e1lcio, que \u00e9 ligado diretamente ligado \u00e0 cuba e \u00e0 MOP. O espa\u00e7o conta ainda com bancadas e pias.<\/p>\n<p>Com o LACRE o curso de Arquivologia passa a contar com tr\u00eas laborat\u00f3rios, j\u00e1 que o referido bacharelado conta com os laborat\u00f3rios de Tecnologia da Informa\u00e7\u00e3o e o Laborat\u00f3rio Integrado de Arquivologia, que s\u00e3o utilizados para atividades pr\u00e1ticas acad\u00eamicas desde 2011.<\/p>\n","protected":false},"excerpt":{"rendered":"<p>Restaura\u00e7\u00e3o de obras raras, conserva\u00e7\u00e3o de documentos, preserva\u00e7\u00e3o da mem\u00f3ria que est\u00e1 registrada em papel, s\u00e3o alguns dos servi\u00e7os j\u00e1 desenvolvidos pelo Bacharelado em Arquivologia da Universidade Estadual da Para\u00edba (UEPB), que adquirem maior viabilidade para a realiza\u00e7\u00e3o com a inaugura\u00e7\u00e3o do Laborat\u00f3rio de Conserva\u00e7\u00e3o, Restaura\u00e7\u00e3o e Encaderna\u00e7\u00e3o (LACRE), realizada nesta quarta-feira (3). Estiveram presentes <a class=\"leiamais\" href=\"https:\/\/centros.uepb.edu.br\/ccbsa\/curso-de-arquivologia-da-uepb-inaugura-laboratorio-de-conservacao-e-restauracao-de-documentos\/\">Leia Mais&#8230;<\/a><\/p>\n","protected":false},"author":8,"featured_media":3342,"comment_status":"closed","ping_status":"closed","sticky":false,"template":"","format":"standard","meta":{"footnotes":""},"categories":[3,11],"tags":[],"class_list":["post-3341","post","type-post","status-publish","format-standard","has-post-thumbnail","hentry","category-noticias","category-noticias-destaque-img"],"jetpack_featured_media_url":"https:\/\/centros.uepb.edu.br\/ccbsa\/files\/2016\/08\/DSC04653.jpg","_links":{"self":[{"href":"https:\/\/centros.uepb.edu.br\/ccbsa\/wp-json\/wp\/v2\/posts\/3341","targetHints":{"allow":["GET"]}}],"collection":[{"href":"https:\/\/centros.uepb.edu.br\/ccbsa\/wp-json\/wp\/v2\/posts"}],"about":[{"href":"https:\/\/centros.uepb.edu.br\/ccbsa\/wp-json\/wp\/v2\/types\/post"}],"author":[{"embeddable":true,"href":"https:\/\/centros.uepb.edu.br\/ccbsa\/wp-json\/wp\/v2\/users\/8"}],"replies":[{"embeddable":true,"href":"https:\/\/centros.uepb.edu.br\/ccbsa\/wp-json\/wp\/v2\/comments?post=3341"}],"version-history":[{"count":0,"href":"https:\/\/centros.uepb.edu.br\/ccbsa\/wp-json\/wp\/v2\/posts\/3341\/revisions"}],"wp:featuredmedia":[{"embeddable":true,"href":"https:\/\/centros.uepb.edu.br\/ccbsa\/wp-json\/wp\/v2\/media\/3342"}],"wp:attachment":[{"href":"https:\/\/centros.uepb.edu.br\/ccbsa\/wp-json\/wp\/v2\/media?parent=3341"}],"wp:term":[{"taxonomy":"category","embeddable":true,"href":"https:\/\/centros.uepb.edu.br\/ccbsa\/wp-json\/wp\/v2\/categories?post=3341"},{"taxonomy":"post_tag","embeddable":true,"href":"https:\/\/centros.uepb.edu.br\/ccbsa\/wp-json\/wp\/v2\/tags?post=3341"}],"curies":[{"name":"wp","href":"https:\/\/api.w.org\/{rel}","templated":true}]}}