{"id":3334,"date":"2016-08-03T11:45:06","date_gmt":"2016-08-03T11:45:06","guid":{"rendered":"https:\/\/centros.uepb.edu.br\/ccbsa\/?p=3334"},"modified":"2016-08-03T11:45:06","modified_gmt":"2016-08-03T11:45:06","slug":"modelo-universitario-de-diplomacia-inscreve-novos-membros-para-a-comissao-organizadora","status":"publish","type":"post","link":"https:\/\/centros.uepb.edu.br\/ccbsa\/modelo-universitario-de-diplomacia-inscreve-novos-membros-para-a-comissao-organizadora\/","title":{"rendered":"Modelo Universit\u00e1rio de Diplomacia inscreve novos membros para a comiss\u00e3o organizadora"},"content":{"rendered":"<div><a href=\"https:\/\/centros.uepb.edu.br\/ccbsa\/files\/2016\/08\/13900341_1031759270205705_4924546605873066258_n.jpg\"><img loading=\"lazy\" decoding=\"async\" class=\"aligncenter size-full wp-image-3335 img-responsive\" src=\"https:\/\/centros.uepb.edu.br\/ccbsa\/files\/2016\/08\/13900341_1031759270205705_4924546605873066258_n.jpg\" alt=\"13900341_1031759270205705_4924546605873066258_n\" width=\"840\" height=\"454\" srcset=\"https:\/\/centros.uepb.edu.br\/ccbsa\/files\/2016\/08\/13900341_1031759270205705_4924546605873066258_n.jpg 840w, https:\/\/centros.uepb.edu.br\/ccbsa\/files\/2016\/08\/13900341_1031759270205705_4924546605873066258_n-300x162.jpg 300w, https:\/\/centros.uepb.edu.br\/ccbsa\/files\/2016\/08\/13900341_1031759270205705_4924546605873066258_n-768x415.jpg 768w, https:\/\/centros.uepb.edu.br\/ccbsa\/files\/2016\/08\/13900341_1031759270205705_4924546605873066258_n-370x200.jpg 370w\" sizes=\"auto, (max-width: 840px) 100vw, 840px\" \/><\/a><\/div>\n<div>O Modelo Universit\u00e1rio de Diplomacia (MUNDI), projeto de extens\u00e3o vinculado ao curso de Rela\u00e7\u00f5es Internacionais do Campus V da Universidade Estadual da Para\u00edba inscreeve, at\u00e9 o dia 14 de agosto, os interessados em integrar a comiss\u00e3o organizadora. S\u00e3o ofertadas 19 vagas, sendo 10 vagas para a comiss\u00e3o acad\u00eamica, 5 vagas para a comiss\u00e3o estrutural e 4 vagas para a comiss\u00e3o de imprensa.<\/div>\n<div><\/div>\n<div>A sele\u00e7\u00e3o ser\u00e1 feita com base no hist\u00f3rico do candidato e entrevista. Podem participar do processo seletivo estudantes da gradua\u00e7\u00e3o em Rela\u00e7\u00f5es Internacionais da UEPB com Comprovante de Rendimento Escolar (CRE) acima de 7.<\/div>\n<div><\/div>\n<div>As inscri\u00e7\u00f5es s\u00e3o feitas atrav\u00e9s de formul\u00e1rio online (<a href=\"https:\/\/goo.gl\/forms\/aonLZKgCzzSSyayF3\" target=\"_blank\">https:\/\/goo.gl\/forms\/aonLZKgCzzSSyayF3<\/a>). A entrevista ser\u00e1 no dia 15 de agosto \u00e0s 13 horas. O edital est\u00e1 dispon\u00edvel no link:\u00a0<a href=\"https:\/\/drive.google.com\/file\/d\/0B4ut6aPoSeNpMXZwYlBZVEJyNlE\/view\" target=\"_blank\">https:\/\/drive.google.com\/file\/d\/0B4ut6aPoSeNpMXZwYlBZVEJyNlE\/view<\/a>.<\/div>\n<div><\/div>\n<div><strong>Sobre o MUNDI<\/strong><\/p>\n<p>Voltado a estudantes de ensino superior da UEPB e outras Institui\u00e7\u00f5es de Ensino Superior, o MUNDI tem o objetivo de recriar o ambiente de Organiza\u00e7\u00f5es Internacionais. S\u00e3o aplicadas as mesmas regras procedimentais de conduta, passando pelo c\u00f3digo de vestimenta, at\u00e9 a representa\u00e7\u00e3o mais fidedigna poss\u00edvel da pol\u00edtica de cada delega\u00e7\u00e3o.<\/p>\n<p>A simula\u00e7\u00e3o \u00e9 destinada a v\u00e1rias \u00e1reas do conhecimento, como as Rela\u00e7\u00f5es Internacionais, o Direito, dentre outros cursos que tenham como \u00e1rea de trabalho o ramo das negocia\u00e7\u00f5es internacionais, al\u00e9m de cursos de comunica\u00e7\u00e3o como Jornalismo e Publicidade, pois al\u00e9m dos comit\u00eas acad\u00eamicos o MUNDI tamb\u00e9m simula o Comit\u00ea de Imprensa Internacional, no qual os participantes atuam como jornalistas e realizam a cobertura jornal\u00edstica dos comit\u00eas acad\u00eamicos.<\/p>\n<p>A atividade permite uma abrangente discuss\u00e3o sobre tem\u00e1ticas que constantemente permeiam a agenda internacional tornando-se uma experi\u00eancia pr\u00e1tica a partir da teoria que os alunos aprendem ao longo da vida acad\u00eamica.<\/p><\/div>\n<div><\/div>\n<div>Outras informa\u00e7\u00f5es:\u00a0<a href=\"http:\/\/www.facebook.com\/mundiuepb\" target=\"_blank\">www.facebook.com\/mundiuepb<\/a><\/div>\n","protected":false},"excerpt":{"rendered":"<p>O Modelo Universit\u00e1rio de Diplomacia (MUNDI), projeto de extens\u00e3o vinculado ao curso de Rela\u00e7\u00f5es Internacionais do Campus V da Universidade Estadual da Para\u00edba inscreeve, at\u00e9 o dia 14 de agosto, os interessados em integrar a comiss\u00e3o organizadora. S\u00e3o ofertadas 19 vagas, sendo 10 vagas para a comiss\u00e3o acad\u00eamica, 5 vagas para a comiss\u00e3o estrutural e <a class=\"leiamais\" href=\"https:\/\/centros.uepb.edu.br\/ccbsa\/modelo-universitario-de-diplomacia-inscreve-novos-membros-para-a-comissao-organizadora\/\">Leia Mais&#8230;<\/a><\/p>\n","protected":false},"author":8,"featured_media":3335,"comment_status":"closed","ping_status":"closed","sticky":false,"template":"","format":"standard","meta":{"footnotes":""},"categories":[3,11],"tags":[],"class_list":["post-3334","post","type-post","status-publish","format-standard","has-post-thumbnail","hentry","category-noticias","category-noticias-destaque-img"],"jetpack_featured_media_url":"https:\/\/centros.uepb.edu.br\/ccbsa\/files\/2016\/08\/13900341_1031759270205705_4924546605873066258_n.jpg","_links":{"self":[{"href":"https:\/\/centros.uepb.edu.br\/ccbsa\/wp-json\/wp\/v2\/posts\/3334","targetHints":{"allow":["GET"]}}],"collection":[{"href":"https:\/\/centros.uepb.edu.br\/ccbsa\/wp-json\/wp\/v2\/posts"}],"about":[{"href":"https:\/\/centros.uepb.edu.br\/ccbsa\/wp-json\/wp\/v2\/types\/post"}],"author":[{"embeddable":true,"href":"https:\/\/centros.uepb.edu.br\/ccbsa\/wp-json\/wp\/v2\/users\/8"}],"replies":[{"embeddable":true,"href":"https:\/\/centros.uepb.edu.br\/ccbsa\/wp-json\/wp\/v2\/comments?post=3334"}],"version-history":[{"count":0,"href":"https:\/\/centros.uepb.edu.br\/ccbsa\/wp-json\/wp\/v2\/posts\/3334\/revisions"}],"wp:featuredmedia":[{"embeddable":true,"href":"https:\/\/centros.uepb.edu.br\/ccbsa\/wp-json\/wp\/v2\/media\/3335"}],"wp:attachment":[{"href":"https:\/\/centros.uepb.edu.br\/ccbsa\/wp-json\/wp\/v2\/media?parent=3334"}],"wp:term":[{"taxonomy":"category","embeddable":true,"href":"https:\/\/centros.uepb.edu.br\/ccbsa\/wp-json\/wp\/v2\/categories?post=3334"},{"taxonomy":"post_tag","embeddable":true,"href":"https:\/\/centros.uepb.edu.br\/ccbsa\/wp-json\/wp\/v2\/tags?post=3334"}],"curies":[{"name":"wp","href":"https:\/\/api.w.org\/{rel}","templated":true}]}}