{"id":3317,"date":"2016-08-01T14:37:06","date_gmt":"2016-08-01T14:37:06","guid":{"rendered":"https:\/\/centros.uepb.edu.br\/ccbsa\/?p=3317"},"modified":"2016-08-01T15:00:49","modified_gmt":"2016-08-01T15:00:49","slug":"estudantes-do-curso-de-arquivologia-realizam-visita-tecnica-aos-arquivos-do-espaco-cultural","status":"publish","type":"post","link":"https:\/\/centros.uepb.edu.br\/ccbsa\/estudantes-do-curso-de-arquivologia-realizam-visita-tecnica-aos-arquivos-do-espaco-cultural\/","title":{"rendered":"Estudantes do curso de Arquivologia realizam visita t\u00e9cnica aos arquivos do Espa\u00e7o Cultural"},"content":{"rendered":"<p><a href=\"https:\/\/centros.uepb.edu.br\/ccbsa\/files\/2016\/08\/IMG_20160727_103716783.jpg\"><img loading=\"lazy\" decoding=\"async\" class=\"aligncenter size-full wp-image-3325 img-responsive\" src=\"https:\/\/centros.uepb.edu.br\/ccbsa\/files\/2016\/08\/IMG_20160727_103716783.jpg\" alt=\"IMG_20160727_103716783\" width=\"840\" height=\"454\" srcset=\"https:\/\/centros.uepb.edu.br\/ccbsa\/files\/2016\/08\/IMG_20160727_103716783.jpg 840w, https:\/\/centros.uepb.edu.br\/ccbsa\/files\/2016\/08\/IMG_20160727_103716783-300x162.jpg 300w, https:\/\/centros.uepb.edu.br\/ccbsa\/files\/2016\/08\/IMG_20160727_103716783-768x415.jpg 768w, https:\/\/centros.uepb.edu.br\/ccbsa\/files\/2016\/08\/IMG_20160727_103716783-370x200.jpg 370w\" sizes=\"auto, (max-width: 840px) 100vw, 840px\" \/><\/a><\/p>\n<p>Um grupo de 60 estudantes do curso de Arquivologia da Universidade Estadual da Para\u00edba participou de uma aula de campo na manh\u00e3 do dia 27 de julho, na\u00a0Ger\u00eancia Operacional de Arquivo e Documenta\u00e7\u00e3o da Para\u00edba e Arquivo Hist\u00f3rico Waldemar Duarte, localizados no Espa\u00e7o Cultural.<\/p>\n<p>A atividade reuniu\u00a0 estudantes do 3\u00ba per\u00edodo (manh\u00e3 e noite), \u00a05\u00ba per\u00edodo\u00a0(manh\u00e3), 6\u00ba per\u00edodo\u00a0(manh\u00e3) e 7\u00ba per\u00edodo (manh\u00e3), vinculados aos componentes &#8220;Gest\u00e3o de Institui\u00e7\u00f5es Arquiv\u00edsticas&#8221;, &#8220;Gest\u00e3o de Documentos II&#8221;, &#8220;An\u00e1lise document\u00e1ria I&#8221;, &#8220;Reprodu\u00e7\u00e3o de documentos&#8221;, &#8220;Gest\u00e3o de servi\u00e7os arquiv\u00edsticos&#8221;, &#8220;Fontes de informa\u00e7\u00f5es gerais e especializadas&#8221; e &#8220;Avalia\u00e7\u00e3o e sele\u00e7\u00e3o de documentos&#8221;. Participaram da atividade os docentes\u00a0Brenda Andrade, Claudialyne Ara\u00fajo, Esmeralda Sales, Naiany Carneiro, e Sanderson Dorneles.<\/p>\n<p>De acordo com a professora Esmeralda Sales a atividade foi organizada com o intuito de possibilitar aos estudantes um aprendizado pr\u00e1tico num ambiente que que disp\u00f5e de espa\u00e7os ideais\u00a0para a abordagem dos v\u00e1rios conte\u00fados que participaram da a\u00e7\u00e3o. A docente lembra que o curso de Arquivologia j\u00e1 conta com uma parceria com a\u00a0Ger\u00eancia Operacional de Arquivo e Documenta\u00e7\u00e3o da Para\u00edba, que permitiu a contrata\u00e7\u00e3o de seis\u00a0estagi\u00e1rios\u00a0do curso de Arquivologia da UEPB, para est\u00e1gio n\u00e3o-obrigat\u00f3rio, e possibilita a realiza\u00e7\u00e3o das visitas t\u00e9cnicas de v\u00e1rias turmas a cada semestre.<\/p>\n<p>&nbsp;<\/p>\n","protected":false},"excerpt":{"rendered":"<p>Um grupo de 60 estudantes do curso de Arquivologia da Universidade Estadual da Para\u00edba participou de uma aula de campo na manh\u00e3 do dia 27 de julho, na\u00a0Ger\u00eancia Operacional de Arquivo e Documenta\u00e7\u00e3o da Para\u00edba e Arquivo Hist\u00f3rico Waldemar Duarte, localizados no Espa\u00e7o Cultural. A atividade reuniu\u00a0 estudantes do 3\u00ba per\u00edodo (manh\u00e3 e noite), \u00a05\u00ba <a class=\"leiamais\" href=\"https:\/\/centros.uepb.edu.br\/ccbsa\/estudantes-do-curso-de-arquivologia-realizam-visita-tecnica-aos-arquivos-do-espaco-cultural\/\">Leia Mais&#8230;<\/a><\/p>\n","protected":false},"author":8,"featured_media":3325,"comment_status":"closed","ping_status":"closed","sticky":false,"template":"","format":"standard","meta":{"footnotes":""},"categories":[3,11],"tags":[],"class_list":["post-3317","post","type-post","status-publish","format-standard","has-post-thumbnail","hentry","category-noticias","category-noticias-destaque-img"],"jetpack_featured_media_url":"https:\/\/centros.uepb.edu.br\/ccbsa\/files\/2016\/08\/IMG_20160727_103716783.jpg","_links":{"self":[{"href":"https:\/\/centros.uepb.edu.br\/ccbsa\/wp-json\/wp\/v2\/posts\/3317","targetHints":{"allow":["GET"]}}],"collection":[{"href":"https:\/\/centros.uepb.edu.br\/ccbsa\/wp-json\/wp\/v2\/posts"}],"about":[{"href":"https:\/\/centros.uepb.edu.br\/ccbsa\/wp-json\/wp\/v2\/types\/post"}],"author":[{"embeddable":true,"href":"https:\/\/centros.uepb.edu.br\/ccbsa\/wp-json\/wp\/v2\/users\/8"}],"replies":[{"embeddable":true,"href":"https:\/\/centros.uepb.edu.br\/ccbsa\/wp-json\/wp\/v2\/comments?post=3317"}],"version-history":[{"count":0,"href":"https:\/\/centros.uepb.edu.br\/ccbsa\/wp-json\/wp\/v2\/posts\/3317\/revisions"}],"wp:featuredmedia":[{"embeddable":true,"href":"https:\/\/centros.uepb.edu.br\/ccbsa\/wp-json\/wp\/v2\/media\/3325"}],"wp:attachment":[{"href":"https:\/\/centros.uepb.edu.br\/ccbsa\/wp-json\/wp\/v2\/media?parent=3317"}],"wp:term":[{"taxonomy":"category","embeddable":true,"href":"https:\/\/centros.uepb.edu.br\/ccbsa\/wp-json\/wp\/v2\/categories?post=3317"},{"taxonomy":"post_tag","embeddable":true,"href":"https:\/\/centros.uepb.edu.br\/ccbsa\/wp-json\/wp\/v2\/tags?post=3317"}],"curies":[{"name":"wp","href":"https:\/\/api.w.org\/{rel}","templated":true}]}}