{"id":3305,"date":"2016-07-27T11:17:46","date_gmt":"2016-07-27T11:17:46","guid":{"rendered":"https:\/\/centros.uepb.edu.br\/ccbsa\/?p=3305"},"modified":"2016-08-29T15:18:02","modified_gmt":"2016-08-29T15:18:02","slug":"prazo-para-submissao-de-trabalhos-para-o-7o-seminario-de-saberes-arquivisticos-prorrogado","status":"publish","type":"post","link":"https:\/\/centros.uepb.edu.br\/ccbsa\/prazo-para-submissao-de-trabalhos-para-o-7o-seminario-de-saberes-arquivisticos-prorrogado\/","title":{"rendered":"Prazo para submiss\u00e3o de trabalhos para o 7\u00ba Semin\u00e1rio de Saberes Arquiv\u00edsticos \u00e9 prorrogado"},"content":{"rendered":"<p><a href=\"https:\/\/centros.uepb.edu.br\/ccbsa\/files\/2016\/07\/Juliana-pixels-ok.jpg\"><img loading=\"lazy\" decoding=\"async\" class=\"aligncenter size-full wp-image-3315 img-responsive\" src=\"https:\/\/centros.uepb.edu.br\/ccbsa\/files\/2016\/07\/Juliana-pixels-ok.jpg\" alt=\"ARTE SESA-ok\" width=\"840\" height=\"454\" srcset=\"https:\/\/centros.uepb.edu.br\/ccbsa\/files\/2016\/07\/Juliana-pixels-ok.jpg 840w, https:\/\/centros.uepb.edu.br\/ccbsa\/files\/2016\/07\/Juliana-pixels-ok-300x162.jpg 300w, https:\/\/centros.uepb.edu.br\/ccbsa\/files\/2016\/07\/Juliana-pixels-ok-768x415.jpg 768w, https:\/\/centros.uepb.edu.br\/ccbsa\/files\/2016\/07\/Juliana-pixels-ok-370x200.jpg 370w\" sizes=\"auto, (max-width: 840px) 100vw, 840px\" \/><\/a><\/p>\n<p>A comiss\u00e3o organizadora do\u00a07\u00ba Semin\u00e1rio de Saberes Arquiv\u00edsticos e o 1\u00ba Simp\u00f3sio do Grupo de Pesquisa Arquivologia e Sociedade, que ser\u00e3o realizados de 31 de agosto a 2 de setembro no Campus V da UEPB, prorrogou para o dia 21 de agosto o prazo para a submiss\u00e3o de trabalhos na modalidade resumo expandido. Organizado pelo Projeto SESA, que \u00e9\u00a0vinculado ao curso de Arquivologia da Universidade Estadual da Para\u00edba, o evento tem o\u00a0objetivo de compreender a Arquivologia diante das inova\u00e7\u00f5es cient\u00edficas, demandas e entornos sociais.<\/p>\n<p>Mesas-redondas, workshops, palestras, sess\u00f5es de p\u00f4steres e apresenta\u00e7\u00f5es culturais, s\u00e3o algumas das atividades a serem realizadas durante o evento. A abertura do Semin\u00e1rio ser\u00e1 dia 31 de agosto, \u00e0s 8h, no audit\u00f3rio Pioneiros com a mesa-redonda \u201cArquivos da ditadura, silenciamentos e esquecimentos, pontes investigativas para o presente\u201d, com a participa\u00e7\u00e3o do professor da UFPB, Afonso Scocuglia e da professora da Universidade Federal Rural de Pernambuco, Marc\u00edlia Gama, tendo como mediador o professor da UEPB, Rams\u00e9s Gama.<\/p>\n<p>Tamb\u00e9m ser\u00e3o realizadas as mesas-redondas \u201cDos discursos da atualidade aos arquivos do futuro\u201d, tendo como ministrantes os professores da UEPB, Eliete Correia e Henrique Fran\u00e7a, mediada pelo professor Vancarder Brito; \u201cAdministra\u00e7\u00e3o, Direito e Tecnologia da Informa\u00e7\u00e3o: di\u00e1logos permanentes com a Arquivologia\u201d, ministradas pelos professores da UEPB, Jaqueline Barrancos e Ant\u00f4nio Germano Ramalho, e mediada pelo professor Elder de Oliveira; \u201cDi\u00e1logos intr\u00ednsecos: Ci\u00eancias da Informa\u00e7\u00e3o e Arquivologia\u201d, com a participa\u00e7\u00e3o da professora da UEPB, Naiany Carneiro, e do professor da UFPB, Edvaldo Fernandes, sob a media\u00e7\u00e3o da professora Esmeralda Porf\u00edrio; \u201cPubliciza\u00e7\u00e3o de trabalhos acad\u00eamicos de Arquivologia\u201d, tema abordado pelos professores da UEPB, Danilo Ferreira e Manuela Maia, mediados pelo professor S\u00e2nderson Dorneles e \u201cSaberes e fazeres em Arquivologia\u201d, a ser ministrada pela professora da UFPB, Rosa Zuleide e pela docente da UEPB, Anna Carla Queiroz, tendo como mediador o professor Josemar Henrique.<\/p>\n<p>O evento conta ainda com os workshops \u201cPesquisa cient\u00edfica e normaliza\u00e7\u00e3o document\u00e1ria\u201d, tendo como ministrante a professora da UEPB Claudialyne Ara\u00fajo, que demonstrar\u00e1 a import\u00e2ncia do dom\u00ednio das principais normas da ABNT enquanto instrumento de aux\u00edlio no desenvolvimento da pesquisa; &#8220;Discuss\u00f5es interdisciplinares entre a Arquivologia e acessibilidade: abordagens te\u00f3ricas e aplica\u00e7\u00f5es pr\u00e1ticas em arquivos&#8221;, que busca apresentar os aspectos legais no que se refere \u00e0 constru\u00e7\u00e3o de ambientes de informa\u00e7\u00e3o acess\u00edveis por meio do uso da LIBRAS\u00a0em ambientes de informa\u00e7\u00e3o hiperm\u00eddia digitais, para usu\u00e1rios com defici\u00eancia auditiva e softwares leitores de tela e sintetizadores de voz para usu\u00e1rios com defici\u00eancia visual.<\/p>\n<p>E o\u00a0\u201cCurso B\u00e1sico de conserva\u00e7\u00e3o preventiva em documentos bibliogr\u00e1ficos\u201d, a ser ministrado pelo professor da UEPB Eutr\u00f3pio Bezerra, que apresentar\u00e1 uma introdu\u00e7\u00e3o na \u00e1rea de preserva\u00e7\u00e3o, conserva\u00e7\u00e3o de acervos bibliogr\u00e1ficos e informa\u00e7\u00f5es b\u00e1sicas para a ado\u00e7\u00e3o de uma pol\u00edtica preservacionista aliada a um conjunto de a\u00e7\u00f5es que visam prolongar a vida \u00fatil dos materiais, como forma de salvaguardar a mem\u00f3ria bibliogr\u00e1fica e proporcionar obras \u00edntegras e com suas caracter\u00edsticas originais.<\/p>\n<p>De acordo com a coordenadora geral do Semin\u00e1rio, professora Eliete Correia, essa iniciativa busca compreender as altera\u00e7\u00f5es pelas quais a Arquivologia vivencia na contemporaneidade, tanto em rela\u00e7\u00e3o ao seu marco te\u00f3rico quanto sob o aspecto metodol\u00f3gico. \u201cEm diversas realidades hist\u00f3rico-sociais, constatam-se altera\u00e7\u00f5es, especialmente, no cen\u00e1rio digital, nos processos, objetos, atores, interfaces e din\u00e2micas de Arquivologia. O fazer arquiv\u00edstico exige novos patamares de produ\u00e7\u00e3o e conhecimento cient\u00edfico capazes de contemplar demandas de inova\u00e7\u00e3o e gest\u00e3o de servi\u00e7os e institui\u00e7\u00f5es arquiv\u00edsticas. O di\u00e1logo da Arquivologia com outros campos de conhecimento, em uma postura interdisciplinar, favorece o desenvolvimento cient\u00edfico e inovador da teoria e da pr\u00e1tica arquiv\u00edstica mediante estudos do saber e fazer arquiv\u00edstico. E reconhecendo esse percurso da Arquivologia, \u00e9 que foi pensado esse evento\u201d, explica.<\/p>\n<p>As inscri\u00e7\u00f5es para o evento s\u00e3o realizadas online pelo site <a href=\"http:\/\/projetoarquisesa.wix.com\/gpasesa\">http:\/\/projetoarquisesa.wix.com\/gpasesa<\/a>, onde est\u00e3o dispon\u00edveis a programa\u00e7\u00e3o do evento, o cronograma de datas importantes, os guias e modelos para a elabora\u00e7\u00e3o dos trabalhos entre outras informa\u00e7\u00f5es.<\/p>\n","protected":false},"excerpt":{"rendered":"<p>A comiss\u00e3o organizadora do\u00a07\u00ba Semin\u00e1rio de Saberes Arquiv\u00edsticos e o 1\u00ba Simp\u00f3sio do Grupo de Pesquisa Arquivologia e Sociedade, que ser\u00e3o realizados de 31 de agosto a 2 de setembro no Campus V da UEPB, prorrogou para o dia 21 de agosto o prazo para a submiss\u00e3o de trabalhos na modalidade resumo expandido. Organizado pelo <a class=\"leiamais\" href=\"https:\/\/centros.uepb.edu.br\/ccbsa\/prazo-para-submissao-de-trabalhos-para-o-7o-seminario-de-saberes-arquivisticos-prorrogado\/\">Leia Mais&#8230;<\/a><\/p>\n","protected":false},"author":8,"featured_media":3315,"comment_status":"closed","ping_status":"closed","sticky":false,"template":"","format":"standard","meta":{"footnotes":""},"categories":[3,11],"tags":[],"class_list":["post-3305","post","type-post","status-publish","format-standard","has-post-thumbnail","hentry","category-noticias","category-noticias-destaque-img"],"jetpack_featured_media_url":"https:\/\/centros.uepb.edu.br\/ccbsa\/files\/2016\/07\/Juliana-pixels-ok.jpg","_links":{"self":[{"href":"https:\/\/centros.uepb.edu.br\/ccbsa\/wp-json\/wp\/v2\/posts\/3305","targetHints":{"allow":["GET"]}}],"collection":[{"href":"https:\/\/centros.uepb.edu.br\/ccbsa\/wp-json\/wp\/v2\/posts"}],"about":[{"href":"https:\/\/centros.uepb.edu.br\/ccbsa\/wp-json\/wp\/v2\/types\/post"}],"author":[{"embeddable":true,"href":"https:\/\/centros.uepb.edu.br\/ccbsa\/wp-json\/wp\/v2\/users\/8"}],"replies":[{"embeddable":true,"href":"https:\/\/centros.uepb.edu.br\/ccbsa\/wp-json\/wp\/v2\/comments?post=3305"}],"version-history":[{"count":0,"href":"https:\/\/centros.uepb.edu.br\/ccbsa\/wp-json\/wp\/v2\/posts\/3305\/revisions"}],"wp:featuredmedia":[{"embeddable":true,"href":"https:\/\/centros.uepb.edu.br\/ccbsa\/wp-json\/wp\/v2\/media\/3315"}],"wp:attachment":[{"href":"https:\/\/centros.uepb.edu.br\/ccbsa\/wp-json\/wp\/v2\/media?parent=3305"}],"wp:term":[{"taxonomy":"category","embeddable":true,"href":"https:\/\/centros.uepb.edu.br\/ccbsa\/wp-json\/wp\/v2\/categories?post=3305"},{"taxonomy":"post_tag","embeddable":true,"href":"https:\/\/centros.uepb.edu.br\/ccbsa\/wp-json\/wp\/v2\/tags?post=3305"}],"curies":[{"name":"wp","href":"https:\/\/api.w.org\/{rel}","templated":true}]}}