{"id":3302,"date":"2016-07-26T15:16:37","date_gmt":"2016-07-26T15:16:37","guid":{"rendered":"https:\/\/centros.uepb.edu.br\/ccbsa\/?p=3302"},"modified":"2016-07-26T15:16:37","modified_gmt":"2016-07-26T15:16:37","slug":"nucleo-de-pesquisa-do-ccbsa-promove-evento-que-discutira-desafios-e-perspectivas-das-migracoes-contemporaneas","status":"publish","type":"post","link":"https:\/\/centros.uepb.edu.br\/ccbsa\/nucleo-de-pesquisa-do-ccbsa-promove-evento-que-discutira-desafios-e-perspectivas-das-migracoes-contemporaneas\/","title":{"rendered":"N\u00facleo de Pesquisa do CCBSA promove evento que discutir\u00e1 desafios e perspectivas das migra\u00e7\u00f5es contempor\u00e2neas"},"content":{"rendered":"<p><a href=\"https:\/\/centros.uepb.edu.br\/ccbsa\/files\/2016\/07\/arteok.jpg\"><img loading=\"lazy\" decoding=\"async\" class=\"aligncenter size-full wp-image-3303 img-responsive\" src=\"https:\/\/centros.uepb.edu.br\/ccbsa\/files\/2016\/07\/arteok.jpg\" alt=\"arteok\" width=\"840\" height=\"454\" srcset=\"https:\/\/centros.uepb.edu.br\/ccbsa\/files\/2016\/07\/arteok.jpg 840w, https:\/\/centros.uepb.edu.br\/ccbsa\/files\/2016\/07\/arteok-300x162.jpg 300w, https:\/\/centros.uepb.edu.br\/ccbsa\/files\/2016\/07\/arteok-768x415.jpg 768w, https:\/\/centros.uepb.edu.br\/ccbsa\/files\/2016\/07\/arteok-370x200.jpg 370w\" sizes=\"auto, (max-width: 840px) 100vw, 840px\" \/><\/a><\/p>\n<p>O N\u00facleo de Estudo e Pesquisa sobre Deslocamentos Ambientais (Nepda), vinculado ao Centro de Ci\u00eancias Biol\u00f3gicas e Sociais Aplicadas da Universidade Estadual da Para\u00edba (UEPB), promove, no dia 28 de julho, \u00e0s 9h30, no audit\u00f3rio Pioneiros, a mesa-redonda \u201cMigra\u00e7\u00f5es contempor\u00e2neas desafios e perspectivas\u201d, que \u00e9 voltada a estudantes, professores e pesquisadores da gradua\u00e7\u00e3o e p\u00f3s-gradua\u00e7\u00e3o em Rela\u00e7\u00f5es Internacionais e \u00e1reas afins.<\/p>\n<p>Participam do debate a pesquisadora da UFPB Maritza Farena, que abordar\u00e1 os direitos humanos e migra\u00e7\u00f5es; o docente da UEPB, Reginaldo Lins Neto, que discutir\u00e1 a quest\u00e3o do deslocado em rela\u00e7\u00e3o \u00e0 constru\u00e7\u00e3o de grandes obras do estado e a falta de prote\u00e7\u00e3o de bens comuns; Pedro Castanheira, da UEPB, que suscitar\u00e1 uma discuss\u00e3o sobre as situa\u00e7\u00f5es prolongadas de ref\u00fagio, vulnerabilidade humana e o papel da coopera\u00e7\u00e3o internacional; a professora da UEPB Thalita Melo, que apresentar\u00e1 o tema \u201cMigra\u00e7\u00f5es na Am\u00e9rica Latina: o caso dos colombianos\u201d; a pesquisadora da UFPB, Xaman Korai, que abordar\u00e1 o olhar decolonial \u00e0 crise migrat\u00f3ria e o docente da Universidade Federal do Tocantins, Jan Marcel, que discutir\u00e1 a crise humanit\u00e1ria internacional relacionada \u00e0 guerra na S\u00edria.<\/p>\n<p>O evento ser\u00e1 realizado com o objetivo de apresentar o NEPDA aos calouros e reunir pesquisadores que desenvolvam estudos articulados a algumas linhas de pesquisa do n\u00facleo que atua nas \u00e1reas de \u201cMigrantes for\u00e7ados e refugiados\u201d, \u201cDegrada\u00e7\u00e3o ambiental e mudan\u00e7a clim\u00e1tica\u201d, \u201cRegimes internacionais e prote\u00e7\u00e3o aos direitos humanos\u201d e \u201cTeorias de seguran\u00e7a aplicadas \u00e0 migra\u00e7\u00e3o\u201d.<\/p>\n<p>Criado em abril de 2012 o NEPDA possui sede no Campus V da UEPB, em Jo\u00e3o Pessoa, e re\u00fane docentes dos cursos de gradua\u00e7\u00e3o e p\u00f3s-gradua\u00e7\u00e3o em Rela\u00e7\u00f5es Internacionais da UEPB e pesquisadores de institui\u00e7\u00f5es nacionais e internacionais, voltados ao estudo sobre deslocados ambientais e tem\u00e1ticas relacionadas.<\/p>\n","protected":false},"excerpt":{"rendered":"<p>O N\u00facleo de Estudo e Pesquisa sobre Deslocamentos Ambientais (Nepda), vinculado ao Centro de Ci\u00eancias Biol\u00f3gicas e Sociais Aplicadas da Universidade Estadual da Para\u00edba (UEPB), promove, no dia 28 de julho, \u00e0s 9h30, no audit\u00f3rio Pioneiros, a mesa-redonda \u201cMigra\u00e7\u00f5es contempor\u00e2neas desafios e perspectivas\u201d, que \u00e9 voltada a estudantes, professores e pesquisadores da gradua\u00e7\u00e3o e p\u00f3s-gradua\u00e7\u00e3o <a class=\"leiamais\" href=\"https:\/\/centros.uepb.edu.br\/ccbsa\/nucleo-de-pesquisa-do-ccbsa-promove-evento-que-discutira-desafios-e-perspectivas-das-migracoes-contemporaneas\/\">Leia Mais&#8230;<\/a><\/p>\n","protected":false},"author":8,"featured_media":3303,"comment_status":"closed","ping_status":"closed","sticky":false,"template":"","format":"standard","meta":{"footnotes":""},"categories":[3,11],"tags":[],"class_list":["post-3302","post","type-post","status-publish","format-standard","has-post-thumbnail","hentry","category-noticias","category-noticias-destaque-img"],"jetpack_featured_media_url":"https:\/\/centros.uepb.edu.br\/ccbsa\/files\/2016\/07\/arteok.jpg","_links":{"self":[{"href":"https:\/\/centros.uepb.edu.br\/ccbsa\/wp-json\/wp\/v2\/posts\/3302","targetHints":{"allow":["GET"]}}],"collection":[{"href":"https:\/\/centros.uepb.edu.br\/ccbsa\/wp-json\/wp\/v2\/posts"}],"about":[{"href":"https:\/\/centros.uepb.edu.br\/ccbsa\/wp-json\/wp\/v2\/types\/post"}],"author":[{"embeddable":true,"href":"https:\/\/centros.uepb.edu.br\/ccbsa\/wp-json\/wp\/v2\/users\/8"}],"replies":[{"embeddable":true,"href":"https:\/\/centros.uepb.edu.br\/ccbsa\/wp-json\/wp\/v2\/comments?post=3302"}],"version-history":[{"count":0,"href":"https:\/\/centros.uepb.edu.br\/ccbsa\/wp-json\/wp\/v2\/posts\/3302\/revisions"}],"wp:featuredmedia":[{"embeddable":true,"href":"https:\/\/centros.uepb.edu.br\/ccbsa\/wp-json\/wp\/v2\/media\/3303"}],"wp:attachment":[{"href":"https:\/\/centros.uepb.edu.br\/ccbsa\/wp-json\/wp\/v2\/media?parent=3302"}],"wp:term":[{"taxonomy":"category","embeddable":true,"href":"https:\/\/centros.uepb.edu.br\/ccbsa\/wp-json\/wp\/v2\/categories?post=3302"},{"taxonomy":"post_tag","embeddable":true,"href":"https:\/\/centros.uepb.edu.br\/ccbsa\/wp-json\/wp\/v2\/tags?post=3302"}],"curies":[{"name":"wp","href":"https:\/\/api.w.org\/{rel}","templated":true}]}}