{"id":3271,"date":"2016-07-19T15:47:27","date_gmt":"2016-07-19T15:47:27","guid":{"rendered":"https:\/\/centros.uepb.edu.br\/ccbsa\/?p=3271"},"modified":"2016-07-19T15:47:27","modified_gmt":"2016-07-19T15:47:27","slug":"estudantes-do-curso-de-arquivologia-participam-de-enearq-e-uepb-e-aprovada-como-sede-da-proxima-edicao-do-evento","status":"publish","type":"post","link":"https:\/\/centros.uepb.edu.br\/ccbsa\/estudantes-do-curso-de-arquivologia-participam-de-enearq-e-uepb-e-aprovada-como-sede-da-proxima-edicao-do-evento\/","title":{"rendered":"Estudantes do curso de Arquivologia participam de ENEARQ e UEPB \u00e9 aprovada como sede da pr\u00f3xima edi\u00e7\u00e3o do evento"},"content":{"rendered":"<p><a href=\"https:\/\/centros.uepb.edu.br\/ccbsa\/files\/2016\/07\/DSC04491.jpg\"><img loading=\"lazy\" decoding=\"async\" class=\"aligncenter size-full wp-image-3272 img-responsive\" src=\"https:\/\/centros.uepb.edu.br\/ccbsa\/files\/2016\/07\/DSC04491.jpg\" alt=\"\" width=\"840\" height=\"454\" srcset=\"https:\/\/centros.uepb.edu.br\/ccbsa\/files\/2016\/07\/DSC04491.jpg 840w, https:\/\/centros.uepb.edu.br\/ccbsa\/files\/2016\/07\/DSC04491-300x162.jpg 300w, https:\/\/centros.uepb.edu.br\/ccbsa\/files\/2016\/07\/DSC04491-768x415.jpg 768w, https:\/\/centros.uepb.edu.br\/ccbsa\/files\/2016\/07\/DSC04491-370x200.jpg 370w\" sizes=\"auto, (max-width: 840px) 100vw, 840px\" \/><\/a><\/p>\n<p>Um grupo de graduandos do Bacharelado em Arquivologia do Campus V da Universidade Estadual da Para\u00edba, participou, entre os dias 10 e 15 de julho, da 20\u00aa edi\u00e7\u00e3o do Encontro Nacional de Estudantes de Arquivologia (ENEARQ), que reuniu alunos de cursos de gradua\u00e7\u00e3o de todo o pa\u00eds. Na oportunidade, os estudantes apresentaram trabalhos, participaram de oficinas, minicursos, palestras e da COPARQ, vencendo a competi\u00e7\u00e3o de futebol.<\/p>\n<p>Com a tem\u00e1tica: \u201cArquivologia sem fronteiras: interfaces do campo\u201d, o ENEARQ \u00e9 um espa\u00e7o para contato com as produ\u00e7\u00f5es e pesquisas desenvolvidas por estudantes da arquivologia de todo o pa\u00eds e discuss\u00f5es relacionadas ao desenvolvimento cient\u00edfico e tecnol\u00f3gico da arquiv\u00edstica, forma\u00e7\u00e3o profissional, di\u00e1logo com a sociedade.<\/p>\n<p>Durante o evento a comitiva da UEPB apresentou a proposta de sediar a pr\u00f3xima edi\u00e7\u00e3o do ENEARQ, aprovada por unanimidade pelos presentes. Dessa forma, em julho de 2017 o evento ocorrer\u00e1 pela terceira vez na Para\u00edba, tendo sido sediado anteriormente em 2011 pela UEPB e em 2014 pela UFPB.<\/p>\n","protected":false},"excerpt":{"rendered":"<p>Um grupo de graduandos do Bacharelado em Arquivologia do Campus V da Universidade Estadual da Para\u00edba, participou, entre os dias 10 e 15 de julho, da 20\u00aa edi\u00e7\u00e3o do Encontro Nacional de Estudantes de Arquivologia (ENEARQ), que reuniu alunos de cursos de gradua\u00e7\u00e3o de todo o pa\u00eds. Na oportunidade, os estudantes apresentaram trabalhos, participaram de <a class=\"leiamais\" href=\"https:\/\/centros.uepb.edu.br\/ccbsa\/estudantes-do-curso-de-arquivologia-participam-de-enearq-e-uepb-e-aprovada-como-sede-da-proxima-edicao-do-evento\/\">Leia Mais&#8230;<\/a><\/p>\n","protected":false},"author":8,"featured_media":3272,"comment_status":"closed","ping_status":"closed","sticky":false,"template":"","format":"standard","meta":{"footnotes":""},"categories":[3,11],"tags":[],"class_list":["post-3271","post","type-post","status-publish","format-standard","has-post-thumbnail","hentry","category-noticias","category-noticias-destaque-img"],"jetpack_featured_media_url":"https:\/\/centros.uepb.edu.br\/ccbsa\/files\/2016\/07\/DSC04491.jpg","_links":{"self":[{"href":"https:\/\/centros.uepb.edu.br\/ccbsa\/wp-json\/wp\/v2\/posts\/3271","targetHints":{"allow":["GET"]}}],"collection":[{"href":"https:\/\/centros.uepb.edu.br\/ccbsa\/wp-json\/wp\/v2\/posts"}],"about":[{"href":"https:\/\/centros.uepb.edu.br\/ccbsa\/wp-json\/wp\/v2\/types\/post"}],"author":[{"embeddable":true,"href":"https:\/\/centros.uepb.edu.br\/ccbsa\/wp-json\/wp\/v2\/users\/8"}],"replies":[{"embeddable":true,"href":"https:\/\/centros.uepb.edu.br\/ccbsa\/wp-json\/wp\/v2\/comments?post=3271"}],"version-history":[{"count":0,"href":"https:\/\/centros.uepb.edu.br\/ccbsa\/wp-json\/wp\/v2\/posts\/3271\/revisions"}],"wp:featuredmedia":[{"embeddable":true,"href":"https:\/\/centros.uepb.edu.br\/ccbsa\/wp-json\/wp\/v2\/media\/3272"}],"wp:attachment":[{"href":"https:\/\/centros.uepb.edu.br\/ccbsa\/wp-json\/wp\/v2\/media?parent=3271"}],"wp:term":[{"taxonomy":"category","embeddable":true,"href":"https:\/\/centros.uepb.edu.br\/ccbsa\/wp-json\/wp\/v2\/categories?post=3271"},{"taxonomy":"post_tag","embeddable":true,"href":"https:\/\/centros.uepb.edu.br\/ccbsa\/wp-json\/wp\/v2\/tags?post=3271"}],"curies":[{"name":"wp","href":"https:\/\/api.w.org\/{rel}","templated":true}]}}