{"id":3266,"date":"2016-07-19T15:19:50","date_gmt":"2016-07-19T15:19:50","guid":{"rendered":"https:\/\/centros.uepb.edu.br\/ccbsa\/?p=3266"},"modified":"2016-07-19T15:21:11","modified_gmt":"2016-07-19T15:21:11","slug":"campus-v-sedia-atividade-de-prestacao-de-contas-da-uepb-com-a-presenca-de-representantes-da-administracao-central","status":"publish","type":"post","link":"https:\/\/centros.uepb.edu.br\/ccbsa\/campus-v-sedia-atividade-de-prestacao-de-contas-da-uepb-com-a-presenca-de-representantes-da-administracao-central\/","title":{"rendered":"Campus V sedia presta\u00e7\u00e3o de contas da UEPB com a presen\u00e7a de representantes das pro-reitorias"},"content":{"rendered":"<p><a href=\"https:\/\/centros.uepb.edu.br\/ccbsa\/files\/2016\/07\/DSC04519.jpg\"><img loading=\"lazy\" decoding=\"async\" class=\"aligncenter size-full wp-image-3267 img-responsive\" src=\"https:\/\/centros.uepb.edu.br\/ccbsa\/files\/2016\/07\/DSC04519.jpg\" alt=\"\" width=\"840\" height=\"454\" srcset=\"https:\/\/centros.uepb.edu.br\/ccbsa\/files\/2016\/07\/DSC04519.jpg 840w, https:\/\/centros.uepb.edu.br\/ccbsa\/files\/2016\/07\/DSC04519-300x162.jpg 300w, https:\/\/centros.uepb.edu.br\/ccbsa\/files\/2016\/07\/DSC04519-768x415.jpg 768w, https:\/\/centros.uepb.edu.br\/ccbsa\/files\/2016\/07\/DSC04519-370x200.jpg 370w\" sizes=\"auto, (max-width: 840px) 100vw, 840px\" \/><\/a><\/p>\n<p>Despesas correntes, licita\u00e7\u00f5es em andamento, atos administrativos, pol\u00edticas de transpar\u00eancia institucional, foram alguns dos temas abordados durante a atividade de presta\u00e7\u00e3o de contas realizada nesta ter\u00e7a-feira (19) no Campus V da Universidade Estadual da Para\u00edba, com a participa\u00e7\u00e3o de representantes das pr\u00f3-reitorias de Planejamento (PROPLAN), de Gest\u00e3o Administrativa (PROAD) e de Gest\u00e3o de Pessoas (PROGEP) e membros da comunidade acad\u00eamica do Centro de Ci\u00eancias Biol\u00f3gicas e Sociais Aplicadas.<\/p>\n<p>Na oportunidade, a pro-reitora adjunta de planejamento, Pollyana Fran\u00e7a, a pro-reitora adjunta de administra\u00e7\u00e3o, Ang\u00e9lica Nobre, o contador da PROGEP, Alexandre Menino e o servidor respons\u00e1vel pela transpar\u00eancia p\u00fablica na UEPB, Ivan Barbosa, apresentaram um demonstrativo da execu\u00e7\u00e3o da folha de pagamento 2016; presta\u00e7\u00e3o de contas financeira e or\u00e7ament\u00e1ria \u2013 exerc\u00edcio 2016; demonstrativos das demandas atendidas e em andamento para 2016; apresenta\u00e7\u00e3o da sistem\u00e1tica de acompanhamento sobre demandas diagnosticadas pela PROPLAN, bem como da sistem\u00e1tica de levantamento de demandas atuais, como forma de subsidiar a elabora\u00e7\u00e3o do or\u00e7amento de 2017 e divulga\u00e7\u00e3o da fun\u00e7\u00e3o e import\u00e2ncia do setor de Transpar\u00eancia da PROPLAN.<\/p>\n<p>Durante a apresenta\u00e7\u00e3o, os presentes puderam esclarecer d\u00favidas relacionadas aos termos t\u00e9cnicos utilizados para os c\u00e1lculos financeiros e or\u00e7ament\u00e1rios da UEPB, quais os custos e investimentos realizados, o que serviu de base para a implanta\u00e7\u00e3o das medidas tomadas, al\u00e9m de apresentarem as necessidades espec\u00edficas do CCBSA para que fossem contempladas pelos respons\u00e1veis de cada pro-reitoria. Essa a\u00e7\u00e3o segue a pol\u00edtica institucional de descentraliza\u00e7\u00e3o das a\u00e7\u00f5es, aproxima\u00e7\u00e3o entre a administra\u00e7\u00e3o central e a comunidade acad\u00eamica de centros localizados fora de Campina Grande e transpar\u00eancia dos atos administrativos.<\/p>\n","protected":false},"excerpt":{"rendered":"<p>Despesas correntes, licita\u00e7\u00f5es em andamento, atos administrativos, pol\u00edticas de transpar\u00eancia institucional, foram alguns dos temas abordados durante a atividade de presta\u00e7\u00e3o de contas realizada nesta ter\u00e7a-feira (19) no Campus V da Universidade Estadual da Para\u00edba, com a participa\u00e7\u00e3o de representantes das pr\u00f3-reitorias de Planejamento (PROPLAN), de Gest\u00e3o Administrativa (PROAD) e de Gest\u00e3o de Pessoas (PROGEP) <a class=\"leiamais\" href=\"https:\/\/centros.uepb.edu.br\/ccbsa\/campus-v-sedia-atividade-de-prestacao-de-contas-da-uepb-com-a-presenca-de-representantes-da-administracao-central\/\">Leia Mais&#8230;<\/a><\/p>\n","protected":false},"author":8,"featured_media":3267,"comment_status":"closed","ping_status":"closed","sticky":false,"template":"","format":"standard","meta":{"footnotes":""},"categories":[3,11],"tags":[],"class_list":["post-3266","post","type-post","status-publish","format-standard","has-post-thumbnail","hentry","category-noticias","category-noticias-destaque-img"],"jetpack_featured_media_url":"https:\/\/centros.uepb.edu.br\/ccbsa\/files\/2016\/07\/DSC04519.jpg","_links":{"self":[{"href":"https:\/\/centros.uepb.edu.br\/ccbsa\/wp-json\/wp\/v2\/posts\/3266","targetHints":{"allow":["GET"]}}],"collection":[{"href":"https:\/\/centros.uepb.edu.br\/ccbsa\/wp-json\/wp\/v2\/posts"}],"about":[{"href":"https:\/\/centros.uepb.edu.br\/ccbsa\/wp-json\/wp\/v2\/types\/post"}],"author":[{"embeddable":true,"href":"https:\/\/centros.uepb.edu.br\/ccbsa\/wp-json\/wp\/v2\/users\/8"}],"replies":[{"embeddable":true,"href":"https:\/\/centros.uepb.edu.br\/ccbsa\/wp-json\/wp\/v2\/comments?post=3266"}],"version-history":[{"count":0,"href":"https:\/\/centros.uepb.edu.br\/ccbsa\/wp-json\/wp\/v2\/posts\/3266\/revisions"}],"wp:featuredmedia":[{"embeddable":true,"href":"https:\/\/centros.uepb.edu.br\/ccbsa\/wp-json\/wp\/v2\/media\/3267"}],"wp:attachment":[{"href":"https:\/\/centros.uepb.edu.br\/ccbsa\/wp-json\/wp\/v2\/media?parent=3266"}],"wp:term":[{"taxonomy":"category","embeddable":true,"href":"https:\/\/centros.uepb.edu.br\/ccbsa\/wp-json\/wp\/v2\/categories?post=3266"},{"taxonomy":"post_tag","embeddable":true,"href":"https:\/\/centros.uepb.edu.br\/ccbsa\/wp-json\/wp\/v2\/tags?post=3266"}],"curies":[{"name":"wp","href":"https:\/\/api.w.org\/{rel}","templated":true}]}}