{"id":3253,"date":"2016-07-14T14:16:01","date_gmt":"2016-07-14T14:16:01","guid":{"rendered":"https:\/\/centros.uepb.edu.br\/ccbsa\/?p=3253"},"modified":"2016-07-14T14:16:01","modified_gmt":"2016-07-14T14:16:01","slug":"ato-em-homenagem-a-saara-rodrigues-e-demais-vitimas-de-violencia-contra-a-mulher-e-realizado-no-campus-v","status":"publish","type":"post","link":"https:\/\/centros.uepb.edu.br\/ccbsa\/ato-em-homenagem-a-saara-rodrigues-e-demais-vitimas-de-violencia-contra-a-mulher-e-realizado-no-campus-v\/","title":{"rendered":"Ato em homenagem a Saara Rodrigues e demais v\u00edtimas de viol\u00eancia contra a mulher \u00e9 realizado no Campus V"},"content":{"rendered":"<p>&nbsp;<\/p>\n<p><a href=\"https:\/\/centros.uepb.edu.br\/ccbsa\/files\/2016\/07\/DSC04499.jpg\"><img loading=\"lazy\" decoding=\"async\" class=\"aligncenter size-full wp-image-3255 img-responsive\" src=\"https:\/\/centros.uepb.edu.br\/ccbsa\/files\/2016\/07\/DSC04499.jpg\" alt=\"\" width=\"840\" height=\"454\" srcset=\"https:\/\/centros.uepb.edu.br\/ccbsa\/files\/2016\/07\/DSC04499.jpg 840w, https:\/\/centros.uepb.edu.br\/ccbsa\/files\/2016\/07\/DSC04499-300x162.jpg 300w, https:\/\/centros.uepb.edu.br\/ccbsa\/files\/2016\/07\/DSC04499-768x415.jpg 768w, https:\/\/centros.uepb.edu.br\/ccbsa\/files\/2016\/07\/DSC04499-370x200.jpg 370w\" sizes=\"auto, (max-width: 840px) 100vw, 840px\" \/><\/a><\/p>\n<p>Alegre, estudiosa, bondosa, bem-humorada, pacificadora, essas s\u00e3o algumas das caracter\u00edsticas utilizadas por colegas para definir Saara Rodrigues, estudante do curso de Ci\u00eancias Biol\u00f3gicas do Campus V da Universidade Estadual da Para\u00edba (UEPB) morta violentamente no \u00faltimo domingo (10), e homenageada na tarde desta quarta-feira (13) durante um ato solene promovido pelo Centro Acad\u00eamico Bioss\u00edntese. O evento contou com a participa\u00e7\u00e3o de colegas, familiares, professores e movimentos feministas.<\/p>\n<p>Na oportunidade tamb\u00e9m foram lembrados os casos emblem\u00e1ticos de viol\u00eancia contra a mulher do Campus V da professora do curso de Arquivologia Briggida Louren\u00e7o e da estudante do ensino m\u00e9dio Amanda Kelly. Al\u00e9m da exibi\u00e7\u00e3o de fotos das tr\u00eas v\u00edtimas, participaram das homenagens com depoimentos a diretora da Escola Jos\u00e9 Lins do R\u00eago, professora Miriam Gon\u00e7alves Dias; a representante do gr\u00eamio estudantil, Maria Clara; colegas da turma de Saara; o orientador, professor Cl\u00e9ber Salimon; o professor Vancarder Brito; a coordenadora do curso de Ci\u00eancias Biol\u00f3gicas, Daniela Pontes, e o irm\u00e3o de Saara, Carlos Rodrigues.<\/p>\n<p><a href=\"https:\/\/centros.uepb.edu.br\/ccbsa\/files\/2016\/07\/COLETIVO-BRIGIDA-LOUREN\u00c7O.jpg\"><img loading=\"lazy\" decoding=\"async\" class=\"aligncenter size-full wp-image-3256 img-responsive\" src=\"https:\/\/centros.uepb.edu.br\/ccbsa\/files\/2016\/07\/COLETIVO-BRIGIDA-LOUREN\u00c7O.jpg\" alt=\"\" width=\"840\" height=\"454\" srcset=\"https:\/\/centros.uepb.edu.br\/ccbsa\/files\/2016\/07\/COLETIVO-BRIGIDA-LOUREN\u00c7O.jpg 840w, https:\/\/centros.uepb.edu.br\/ccbsa\/files\/2016\/07\/COLETIVO-BRIGIDA-LOUREN\u00c7O-300x162.jpg 300w, https:\/\/centros.uepb.edu.br\/ccbsa\/files\/2016\/07\/COLETIVO-BRIGIDA-LOUREN\u00c7O-768x415.jpg 768w, https:\/\/centros.uepb.edu.br\/ccbsa\/files\/2016\/07\/COLETIVO-BRIGIDA-LOUREN\u00c7O-370x200.jpg 370w\" sizes=\"auto, (max-width: 840px) 100vw, 840px\" \/><\/a><\/p>\n<p>A representante do Coletivo Br\u00edgida Louren\u00e7o, Maria Clara Andrade, refor\u00e7ou a necessidade de discuss\u00e3o e empenho constante da comunidade acad\u00eamica para que casos como esse n\u00e3o sejam esquecidos e a viol\u00eancia contra a mulher n\u00e3o continue a ser uma realidade constante, como ocorre na atualidade. A jovem explicou o que \u00e9 feminic\u00eddio e apresentou a Lei 13.104 de 2015 que, em linhas gerais, prev\u00ea o feminic\u00eddio como circunst\u00e2ncia qualificadora do crime de homic\u00eddio. Tamb\u00e9m participou dessa discuss\u00e3o a representante da Associa\u00e7\u00e3o Flor Mulher, Paula Ver\u00edssimo.<\/p>\n<p>O professor Vancarder Brito frisou a relev\u00e2ncia da discuss\u00e3o em torno da quest\u00e3o da viol\u00eancia contra a mulher e a necessidade de uma for\u00e7a feminista que possa provocar uma mudan\u00e7a de padr\u00f5es na sociedade. \u201cEstamos aqui gritando silenciosamente por mudan\u00e7as, por algo que n\u00e3o pode continuar. A mulher n\u00e3o pode continuar sendo tratada como algo inferior, como mat\u00e9ria a ser usada\u201d, destacou indignado.<\/p>\n<p>Com o objetivo de chamar a aten\u00e7\u00e3o da sociedade para a viol\u00eancia sofrida pela estudante Saara Rodrigues e os demais casos de agress\u00e3o que atingem mulheres diariamente, o coletivo Brigida Louren\u00e7o promove, no dia 18 de julho, \u00e0s 9h, no CCBSA, um ato contra o feminic\u00eddio. O evento deve ter in\u00edcio com uma oficina de cartazes seguida de mobiliza\u00e7\u00e3o nas ruas do bairro do Cristo.<\/p>\n<p><strong>O Feminic\u00eddio no Brasil<\/strong><\/p>\n<p>A viol\u00eancia contra mulheres constitui-se em uma das principais formas de viola\u00e7\u00e3o dos seus direitos humanos, atingindo-as em seus direitos \u00e0 vida, \u00e0 sa\u00fade e \u00e0 integridade f\u00edsica. Ela \u00e9 estruturante da desigualdade de g\u00eanero. Por\u00e9m, apesar de ser um crime e grave viola\u00e7\u00e3o de direitos humanos, a viol\u00eancia contra as mulheres segue vitimando milhares de brasileiras reiteradamente.<\/p>\n<p>De acordo com dados da Organiza\u00e7\u00e3o Mundial da Sa\u00fade (OMS), no Brasil, a taxa de feminic\u00eddios (morte de mulheres em decorr\u00eancia de conflitos de g\u00eanero) \u00e9 de 4,8 para 100 mil mulheres \u2013 a quinta maior no mundo. As regi\u00f5es Nordeste, Centro-oeste e Norte s\u00e3o as que apresentam a taxa de feminic\u00eddio mais altas. Sendo 31% dos casos no Nordeste.<\/p>\n<p>Com a san\u00e7\u00e3o da Lei 13.104 o homic\u00eddio praticado contra a mulher em raz\u00e3o da condi\u00e7\u00e3o de sexo feminino, quando envolver viol\u00eancia dom\u00e9stica e familiar ou menosprezo e discrimina\u00e7\u00e3o por quest\u00f5es de g\u00eanero, recebe a qualifica\u00e7\u00e3o de feminic\u00eddio, cuja pena \u00e9 de reclus\u00e3o de 12 a 30 anos.<\/p>\n","protected":false},"excerpt":{"rendered":"<p>&nbsp; Alegre, estudiosa, bondosa, bem-humorada, pacificadora, essas s\u00e3o algumas das caracter\u00edsticas utilizadas por colegas para definir Saara Rodrigues, estudante do curso de Ci\u00eancias Biol\u00f3gicas do Campus V da Universidade Estadual da Para\u00edba (UEPB) morta violentamente no \u00faltimo domingo (10), e homenageada na tarde desta quarta-feira (13) durante um ato solene promovido pelo Centro Acad\u00eamico Bioss\u00edntese. <a class=\"leiamais\" href=\"https:\/\/centros.uepb.edu.br\/ccbsa\/ato-em-homenagem-a-saara-rodrigues-e-demais-vitimas-de-violencia-contra-a-mulher-e-realizado-no-campus-v\/\">Leia Mais&#8230;<\/a><\/p>\n","protected":false},"author":8,"featured_media":3254,"comment_status":"closed","ping_status":"closed","sticky":false,"template":"","format":"standard","meta":{"footnotes":""},"categories":[3,11],"tags":[],"class_list":["post-3253","post","type-post","status-publish","format-standard","has-post-thumbnail","hentry","category-noticias","category-noticias-destaque-img"],"jetpack_featured_media_url":"https:\/\/centros.uepb.edu.br\/ccbsa\/files\/2016\/07\/DSC04505.jpg","_links":{"self":[{"href":"https:\/\/centros.uepb.edu.br\/ccbsa\/wp-json\/wp\/v2\/posts\/3253","targetHints":{"allow":["GET"]}}],"collection":[{"href":"https:\/\/centros.uepb.edu.br\/ccbsa\/wp-json\/wp\/v2\/posts"}],"about":[{"href":"https:\/\/centros.uepb.edu.br\/ccbsa\/wp-json\/wp\/v2\/types\/post"}],"author":[{"embeddable":true,"href":"https:\/\/centros.uepb.edu.br\/ccbsa\/wp-json\/wp\/v2\/users\/8"}],"replies":[{"embeddable":true,"href":"https:\/\/centros.uepb.edu.br\/ccbsa\/wp-json\/wp\/v2\/comments?post=3253"}],"version-history":[{"count":0,"href":"https:\/\/centros.uepb.edu.br\/ccbsa\/wp-json\/wp\/v2\/posts\/3253\/revisions"}],"wp:featuredmedia":[{"embeddable":true,"href":"https:\/\/centros.uepb.edu.br\/ccbsa\/wp-json\/wp\/v2\/media\/3254"}],"wp:attachment":[{"href":"https:\/\/centros.uepb.edu.br\/ccbsa\/wp-json\/wp\/v2\/media?parent=3253"}],"wp:term":[{"taxonomy":"category","embeddable":true,"href":"https:\/\/centros.uepb.edu.br\/ccbsa\/wp-json\/wp\/v2\/categories?post=3253"},{"taxonomy":"post_tag","embeddable":true,"href":"https:\/\/centros.uepb.edu.br\/ccbsa\/wp-json\/wp\/v2\/tags?post=3253"}],"curies":[{"name":"wp","href":"https:\/\/api.w.org\/{rel}","templated":true}]}}