{"id":3242,"date":"2016-07-12T15:53:40","date_gmt":"2016-07-12T15:53:40","guid":{"rendered":"https:\/\/centros.uepb.edu.br\/ccbsa\/?p=3242"},"modified":"2016-07-12T15:53:40","modified_gmt":"2016-07-12T15:53:40","slug":"campus-v-sedia-discussao-sobre-a-violencia-contra-a-mulher-e-ato-solene-em-homenagem-a-aluna-saara-rodrigues","status":"publish","type":"post","link":"https:\/\/centros.uepb.edu.br\/ccbsa\/campus-v-sedia-discussao-sobre-a-violencia-contra-a-mulher-e-ato-solene-em-homenagem-a-aluna-saara-rodrigues\/","title":{"rendered":"Campus V sedia discuss\u00e3o sobre a viol\u00eancia contra a mulher e ato solene em homenagem \u00e0 aluna Saara Rodrigues"},"content":{"rendered":"<p><a href=\"https:\/\/centros.uepb.edu.br\/ccbsa\/files\/2016\/07\/ARTE-SAARA.jpg\"><img loading=\"lazy\" decoding=\"async\" class=\"aligncenter size-full wp-image-3244 img-responsive\" src=\"https:\/\/centros.uepb.edu.br\/ccbsa\/files\/2016\/07\/ARTE-SAARA.jpg\" alt=\"ARTE SAARA\" width=\"840\" height=\"454\" srcset=\"https:\/\/centros.uepb.edu.br\/ccbsa\/files\/2016\/07\/ARTE-SAARA.jpg 840w, https:\/\/centros.uepb.edu.br\/ccbsa\/files\/2016\/07\/ARTE-SAARA-300x162.jpg 300w, https:\/\/centros.uepb.edu.br\/ccbsa\/files\/2016\/07\/ARTE-SAARA-768x415.jpg 768w, https:\/\/centros.uepb.edu.br\/ccbsa\/files\/2016\/07\/ARTE-SAARA-370x200.jpg 370w\" sizes=\"auto, (max-width: 840px) 100vw, 840px\" \/><\/a><\/p>\n<p>Com o objetivo de homenagear a estudante do 8\u00ba per\u00edodo do curso de Ci\u00eancias Biol\u00f3gicas do Campus V da Universidade Estadual da Para\u00edba (UEPB) Saara Rodrigues, brutalmente assassinada no domingo, 10 de julho, e discutir a viol\u00eancia contra a mulher, o Centro Acad\u00eamico do curso de Ci\u00eancias Biol\u00f3gicas promove, nesta quarta-feira, 13 de julho, \u00e0s 13h, no audit\u00f3rio Pioneiros, um ato solene seguido de debate voltado \u00e0 comunidade acad\u00eamica, amigos e familiares da aluna.<\/p>\n<p>Na oportunidade participar\u00e3o da atividade o coletivo feminista Brigida Louren\u00e7o, membros do Centro Acad\u00eamico Bioss\u00edntese e colegas de turma de Saara. Tamb\u00e9m ser\u00e3o lembrados os casos de viol\u00eancia sofridos pela professora do curso de Arquivologia Briggida Louren\u00e7o e o assassinato da estudante do ensino m\u00e9dio Amanda Kelly.<\/p>\n<p>Orientador de Saara no Trabalho de Conclus\u00e3o de Curso, professor Cleber Salimon destaca a dedica\u00e7\u00e3o e o esfor\u00e7o da aluna para finalizar a pesquisa sobre fragmenta\u00e7\u00e3o da paisagem na \u00e1rea de Tambaba que seria apresentada ao final deste semestre. A coordenadora do curso de Ci\u00eancias Biol\u00f3gicas, Daniela Pontes, lembra que a estudante tinha um hist\u00f3rico de participa\u00e7\u00e3o em projetos de pesquisa, extens\u00e3o e monitoria, um rendimento acima da m\u00e9dia e era considerada uma excelente aluna e estagi\u00e1ria. \u201cFicamos em choque, sensibilizados pela brutalidade como tudo ocorreu e tristes pois sab\u00edamos que ela era uma pessoa com um futuro promissor como bi\u00f3loga e teve uma trajet\u00f3ria de sucesso interrompida de forma t\u00e3o violenta\u201d, destacou professora Daniela.<\/p>\n<p>A colega de turma de Saara, Bruna Lopes enfatiza que a marca registrada da estudante \u00e9 a alegria e intelig\u00eancia. \u201cEla era muito alegre, sempre a v\u00edamos com um sorriso no rosto, como se n\u00e3o tivesse problemas na vida dela. Al\u00e9m disso ela era muito querida por todos, inteligente, n\u00e3o fazia quest\u00e3o de nos ajudar a estudar as disciplinas que t\u00ednhamos mais dificuldades. Estamos todos muito abalados\u201d, lembrou.<\/p>\n","protected":false},"excerpt":{"rendered":"<p>Com o objetivo de homenagear a estudante do 8\u00ba per\u00edodo do curso de Ci\u00eancias Biol\u00f3gicas do Campus V da Universidade Estadual da Para\u00edba (UEPB) Saara Rodrigues, brutalmente assassinada no domingo, 10 de julho, e discutir a viol\u00eancia contra a mulher, o Centro Acad\u00eamico do curso de Ci\u00eancias Biol\u00f3gicas promove, nesta quarta-feira, 13 de julho, \u00e0s <a class=\"leiamais\" href=\"https:\/\/centros.uepb.edu.br\/ccbsa\/campus-v-sedia-discussao-sobre-a-violencia-contra-a-mulher-e-ato-solene-em-homenagem-a-aluna-saara-rodrigues\/\">Leia Mais&#8230;<\/a><\/p>\n","protected":false},"author":8,"featured_media":3244,"comment_status":"closed","ping_status":"closed","sticky":false,"template":"","format":"standard","meta":{"footnotes":""},"categories":[3,11],"tags":[],"class_list":["post-3242","post","type-post","status-publish","format-standard","has-post-thumbnail","hentry","category-noticias","category-noticias-destaque-img"],"jetpack_featured_media_url":"https:\/\/centros.uepb.edu.br\/ccbsa\/files\/2016\/07\/ARTE-SAARA.jpg","_links":{"self":[{"href":"https:\/\/centros.uepb.edu.br\/ccbsa\/wp-json\/wp\/v2\/posts\/3242","targetHints":{"allow":["GET"]}}],"collection":[{"href":"https:\/\/centros.uepb.edu.br\/ccbsa\/wp-json\/wp\/v2\/posts"}],"about":[{"href":"https:\/\/centros.uepb.edu.br\/ccbsa\/wp-json\/wp\/v2\/types\/post"}],"author":[{"embeddable":true,"href":"https:\/\/centros.uepb.edu.br\/ccbsa\/wp-json\/wp\/v2\/users\/8"}],"replies":[{"embeddable":true,"href":"https:\/\/centros.uepb.edu.br\/ccbsa\/wp-json\/wp\/v2\/comments?post=3242"}],"version-history":[{"count":0,"href":"https:\/\/centros.uepb.edu.br\/ccbsa\/wp-json\/wp\/v2\/posts\/3242\/revisions"}],"wp:featuredmedia":[{"embeddable":true,"href":"https:\/\/centros.uepb.edu.br\/ccbsa\/wp-json\/wp\/v2\/media\/3244"}],"wp:attachment":[{"href":"https:\/\/centros.uepb.edu.br\/ccbsa\/wp-json\/wp\/v2\/media?parent=3242"}],"wp:term":[{"taxonomy":"category","embeddable":true,"href":"https:\/\/centros.uepb.edu.br\/ccbsa\/wp-json\/wp\/v2\/categories?post=3242"},{"taxonomy":"post_tag","embeddable":true,"href":"https:\/\/centros.uepb.edu.br\/ccbsa\/wp-json\/wp\/v2\/tags?post=3242"}],"curies":[{"name":"wp","href":"https:\/\/api.w.org\/{rel}","templated":true}]}}