{"id":3218,"date":"2016-07-07T15:17:51","date_gmt":"2016-07-07T15:17:51","guid":{"rendered":"https:\/\/centros.uepb.edu.br\/ccbsa\/?p=3218"},"modified":"2016-07-07T15:21:20","modified_gmt":"2016-07-07T15:21:20","slug":"calouros-de-relacoes-internacionais-participam-de-atividades-academicas-e-culturais-de-recepcao","status":"publish","type":"post","link":"https:\/\/centros.uepb.edu.br\/ccbsa\/calouros-de-relacoes-internacionais-participam-de-atividades-academicas-e-culturais-de-recepcao\/","title":{"rendered":"Calouros de Rela\u00e7\u00f5es Internacionais participam de atividades acad\u00eamicas e culturais de boas vindas"},"content":{"rendered":"<p>&nbsp;<\/p>\n<p><a href=\"https:\/\/centros.uepb.edu.br\/ccbsa\/files\/2016\/07\/semana-dos-feras1.jpg\"><img loading=\"lazy\" decoding=\"async\" class=\"aligncenter size-full wp-image-3219 img-responsive\" src=\"https:\/\/centros.uepb.edu.br\/ccbsa\/files\/2016\/07\/semana-dos-feras1.jpg\" alt=\"\" width=\"840\" height=\"454\" srcset=\"https:\/\/centros.uepb.edu.br\/ccbsa\/files\/2016\/07\/semana-dos-feras1.jpg 840w, https:\/\/centros.uepb.edu.br\/ccbsa\/files\/2016\/07\/semana-dos-feras1-300x162.jpg 300w, https:\/\/centros.uepb.edu.br\/ccbsa\/files\/2016\/07\/semana-dos-feras1-768x415.jpg 768w, https:\/\/centros.uepb.edu.br\/ccbsa\/files\/2016\/07\/semana-dos-feras1-370x200.jpg 370w\" sizes=\"auto, (max-width: 840px) 100vw, 840px\" \/><\/a><\/p>\n<p>Palestras, oficinas, mesas redondas, c\u00edrculos de di\u00e1logo e apresenta\u00e7\u00f5es culturais marcam a Semana dos Feras voltada aos calouros do per\u00edodo letivo 2016.1 do curso de Rela\u00e7\u00f5es Internacionais da Universidade Estadual da Para\u00edba, que teve in\u00edcio na quarta-feira (6) e segue at\u00e9 esta sexta-feira (8) nas depend\u00eancias do Centro de Ci\u00eancias Biol\u00f3gicas e Sociais Aplicadas.<\/p>\n<p>O evento, promovido pelo Centro Acad\u00eamico Epit\u00e1cio Pessoa, contou com as palestras\u00a0\u201cConhecendo o mercado de trabalho de um internacionalista!\u201d, \u201cConhecendo a UEPB e o curso de RI\u201d, \u201cO papel da China e do Jap\u00e3o na \u00c1sia\u201d, al\u00e9m de apresenta\u00e7\u00f5es\u00a0dos projetos de extens\u00e3o, da Empresa Jr Dignata, N\u00facleo de L\u00ednguas e Biblioteca e uma abordagem dos grupos de estudos e projetos de pesquisa.<\/p>\n<p>A palestra de encerramento \u201cDiversidade cultural e respeito\u201d\u00a0ocorrer\u00e1 na tarde desta sexta-feira, 8 de julho,\u00a0e ser\u00e1 proferida pela professora Silvia Nogueira. Na noite do \u00faltimo dia de evento ser\u00e1 realizada uma\u00a0calourada no\u00a0p\u00e1tio em frente a biblioteca do Campus V.<\/p>\n","protected":false},"excerpt":{"rendered":"<p>&nbsp; Palestras, oficinas, mesas redondas, c\u00edrculos de di\u00e1logo e apresenta\u00e7\u00f5es culturais marcam a Semana dos Feras voltada aos calouros do per\u00edodo letivo 2016.1 do curso de Rela\u00e7\u00f5es Internacionais da Universidade Estadual da Para\u00edba, que teve in\u00edcio na quarta-feira (6) e segue at\u00e9 esta sexta-feira (8) nas depend\u00eancias do Centro de Ci\u00eancias Biol\u00f3gicas e Sociais Aplicadas. <a class=\"leiamais\" href=\"https:\/\/centros.uepb.edu.br\/ccbsa\/calouros-de-relacoes-internacionais-participam-de-atividades-academicas-e-culturais-de-recepcao\/\">Leia Mais&#8230;<\/a><\/p>\n","protected":false},"author":8,"featured_media":3219,"comment_status":"closed","ping_status":"closed","sticky":false,"template":"","format":"standard","meta":{"footnotes":""},"categories":[3,11],"tags":[],"class_list":["post-3218","post","type-post","status-publish","format-standard","has-post-thumbnail","hentry","category-noticias","category-noticias-destaque-img"],"jetpack_featured_media_url":"https:\/\/centros.uepb.edu.br\/ccbsa\/files\/2016\/07\/semana-dos-feras1.jpg","_links":{"self":[{"href":"https:\/\/centros.uepb.edu.br\/ccbsa\/wp-json\/wp\/v2\/posts\/3218","targetHints":{"allow":["GET"]}}],"collection":[{"href":"https:\/\/centros.uepb.edu.br\/ccbsa\/wp-json\/wp\/v2\/posts"}],"about":[{"href":"https:\/\/centros.uepb.edu.br\/ccbsa\/wp-json\/wp\/v2\/types\/post"}],"author":[{"embeddable":true,"href":"https:\/\/centros.uepb.edu.br\/ccbsa\/wp-json\/wp\/v2\/users\/8"}],"replies":[{"embeddable":true,"href":"https:\/\/centros.uepb.edu.br\/ccbsa\/wp-json\/wp\/v2\/comments?post=3218"}],"version-history":[{"count":0,"href":"https:\/\/centros.uepb.edu.br\/ccbsa\/wp-json\/wp\/v2\/posts\/3218\/revisions"}],"wp:featuredmedia":[{"embeddable":true,"href":"https:\/\/centros.uepb.edu.br\/ccbsa\/wp-json\/wp\/v2\/media\/3219"}],"wp:attachment":[{"href":"https:\/\/centros.uepb.edu.br\/ccbsa\/wp-json\/wp\/v2\/media?parent=3218"}],"wp:term":[{"taxonomy":"category","embeddable":true,"href":"https:\/\/centros.uepb.edu.br\/ccbsa\/wp-json\/wp\/v2\/categories?post=3218"},{"taxonomy":"post_tag","embeddable":true,"href":"https:\/\/centros.uepb.edu.br\/ccbsa\/wp-json\/wp\/v2\/tags?post=3218"}],"curies":[{"name":"wp","href":"https:\/\/api.w.org\/{rel}","templated":true}]}}