{"id":3201,"date":"2016-07-04T15:06:35","date_gmt":"2016-07-04T15:06:35","guid":{"rendered":"https:\/\/centros.uepb.edu.br\/ccbsa\/?p=3201"},"modified":"2016-07-04T15:07:32","modified_gmt":"2016-07-04T15:07:32","slug":"centro-academico-de-relacoes-internacionais-promove-semana-dos-feras-com-tres-dias-de-atividades-academicas-e-culturais","status":"publish","type":"post","link":"https:\/\/centros.uepb.edu.br\/ccbsa\/centro-academico-de-relacoes-internacionais-promove-semana-dos-feras-com-tres-dias-de-atividades-academicas-e-culturais\/","title":{"rendered":"CA de Rela\u00e7\u00f5es Internacionais promove Semana dos Feras com atividades acad\u00eamicas e culturais"},"content":{"rendered":"<p><a href=\"https:\/\/centros.uepb.edu.br\/ccbsa\/files\/2016\/07\/CA-RI.jpg\"><img loading=\"lazy\" decoding=\"async\" class=\"aligncenter size-full wp-image-3202 img-responsive\" src=\"https:\/\/centros.uepb.edu.br\/ccbsa\/files\/2016\/07\/CA-RI.jpg\" alt=\"CA RI\" width=\"840\" height=\"454\" srcset=\"https:\/\/centros.uepb.edu.br\/ccbsa\/files\/2016\/07\/CA-RI.jpg 840w, https:\/\/centros.uepb.edu.br\/ccbsa\/files\/2016\/07\/CA-RI-300x162.jpg 300w, https:\/\/centros.uepb.edu.br\/ccbsa\/files\/2016\/07\/CA-RI-768x415.jpg 768w, https:\/\/centros.uepb.edu.br\/ccbsa\/files\/2016\/07\/CA-RI-370x200.jpg 370w\" sizes=\"auto, (max-width: 840px) 100vw, 840px\" \/><\/a><\/p>\n<p>O Centro Acad\u00eamico Epit\u00e1cio Pessoa, do curso de Rela\u00e7\u00f5es Internacionais da Universidade Estadual da Para\u00edba, promove, entre os dias 6 e 8 de julho, no audit\u00f3rio Pioneiros, a Semana dos Feras, evento voltado \u00e0 apresenta\u00e7\u00e3o da UEPB, do curso, perspectiva do mercado de trabalho, projetos de extens\u00e3o, N\u00facleo de L\u00ednguas, entre outras vertentes relacionadas \u00e0 referida gradua\u00e7\u00e3o.<\/p>\n<p>As atividades ser\u00e3o iniciadas com\u00a0as palestras \u201cConhecendo o mercado de trabalho de um internacionalista!\u201d, no turno da manh\u00e3, e \u201cConhecendo a UEPB e o curso de RI\u201d, no per\u00edodo da tarde, al\u00e9m de um \u201cC\u00edrculo\u201d de Di\u00e1logo. \u00c0 noite ser\u00e1 realizada a palestra \u201cO papel da China e do Jap\u00e3o na \u00c1sia\u201d, a ser preferida pelo professor Henrique Altemani.<\/p>\n<p>No dia 7 de julho ser\u00e3o realizadas\u00a0atividades culturais no per\u00edodo da manh\u00e3, apresenta\u00e7\u00f5es de projetos de extens\u00e3o, da Empresa Jr Dignata, N\u00facleo de L\u00ednguas e Biblioteca, \u00e0 tarde, e uma abordagem dos grupos de estudos e projetos de pesquisa, no hor\u00e1rio da noite.<\/p>\n<p>O \u00faltimo dia de atividades, 8 de julho, contar\u00e1 com a apresenta\u00e7\u00e3o do coletivo feminista Brigida Louren\u00e7o, pela manh\u00e3, a palestra de encerramento com a professora Silvia Nogueira sobre \u201cDiversidade cultural e respeito\u201d e a calourada que ocorrer\u00e1 no p\u00e1tio em frente a biblioteca do Campus V.<\/p>\n","protected":false},"excerpt":{"rendered":"<p>O Centro Acad\u00eamico Epit\u00e1cio Pessoa, do curso de Rela\u00e7\u00f5es Internacionais da Universidade Estadual da Para\u00edba, promove, entre os dias 6 e 8 de julho, no audit\u00f3rio Pioneiros, a Semana dos Feras, evento voltado \u00e0 apresenta\u00e7\u00e3o da UEPB, do curso, perspectiva do mercado de trabalho, projetos de extens\u00e3o, N\u00facleo de L\u00ednguas, entre outras vertentes relacionadas \u00e0 <a class=\"leiamais\" href=\"https:\/\/centros.uepb.edu.br\/ccbsa\/centro-academico-de-relacoes-internacionais-promove-semana-dos-feras-com-tres-dias-de-atividades-academicas-e-culturais\/\">Leia Mais&#8230;<\/a><\/p>\n","protected":false},"author":8,"featured_media":3202,"comment_status":"closed","ping_status":"closed","sticky":false,"template":"","format":"standard","meta":{"footnotes":""},"categories":[3,11],"tags":[],"class_list":["post-3201","post","type-post","status-publish","format-standard","has-post-thumbnail","hentry","category-noticias","category-noticias-destaque-img"],"jetpack_featured_media_url":"https:\/\/centros.uepb.edu.br\/ccbsa\/files\/2016\/07\/CA-RI.jpg","_links":{"self":[{"href":"https:\/\/centros.uepb.edu.br\/ccbsa\/wp-json\/wp\/v2\/posts\/3201","targetHints":{"allow":["GET"]}}],"collection":[{"href":"https:\/\/centros.uepb.edu.br\/ccbsa\/wp-json\/wp\/v2\/posts"}],"about":[{"href":"https:\/\/centros.uepb.edu.br\/ccbsa\/wp-json\/wp\/v2\/types\/post"}],"author":[{"embeddable":true,"href":"https:\/\/centros.uepb.edu.br\/ccbsa\/wp-json\/wp\/v2\/users\/8"}],"replies":[{"embeddable":true,"href":"https:\/\/centros.uepb.edu.br\/ccbsa\/wp-json\/wp\/v2\/comments?post=3201"}],"version-history":[{"count":0,"href":"https:\/\/centros.uepb.edu.br\/ccbsa\/wp-json\/wp\/v2\/posts\/3201\/revisions"}],"wp:featuredmedia":[{"embeddable":true,"href":"https:\/\/centros.uepb.edu.br\/ccbsa\/wp-json\/wp\/v2\/media\/3202"}],"wp:attachment":[{"href":"https:\/\/centros.uepb.edu.br\/ccbsa\/wp-json\/wp\/v2\/media?parent=3201"}],"wp:term":[{"taxonomy":"category","embeddable":true,"href":"https:\/\/centros.uepb.edu.br\/ccbsa\/wp-json\/wp\/v2\/categories?post=3201"},{"taxonomy":"post_tag","embeddable":true,"href":"https:\/\/centros.uepb.edu.br\/ccbsa\/wp-json\/wp\/v2\/tags?post=3201"}],"curies":[{"name":"wp","href":"https:\/\/api.w.org\/{rel}","templated":true}]}}