{"id":320,"date":"2013-06-25T14:50:54","date_gmt":"2013-06-25T14:50:54","guid":{"rendered":"\/ccbsa\/?p=320"},"modified":"2013-06-25T14:55:28","modified_gmt":"2013-06-25T14:55:28","slug":"uepb-filia-se-a-associacao-de-universidades-de-lingua-portuguesa-e-pode-participar-de-edital-pro-mobilidade-internacional","status":"publish","type":"post","link":"https:\/\/centros.uepb.edu.br\/ccbsa\/uepb-filia-se-a-associacao-de-universidades-de-lingua-portuguesa-e-pode-participar-de-edital-pro-mobilidade-internacional\/","title":{"rendered":"UEPB filia-se \u00e0 Associa\u00e7\u00e3o de Universidades de L\u00edngua Portuguesa e pode concorrer a editais de financiamento"},"content":{"rendered":"<p>A Universidade Estadual da Para\u00edba tornou-se, desde o in\u00edcio de junho, a primeira institui\u00e7\u00e3o paraibana filiada \u00e0 Associa\u00e7\u00e3o das Universidades de L\u00edngua Portuguesa (AULP), organiza\u00e7\u00e3o internacional que re\u00fane oito pa\u00edses de l\u00edngua portuguesa, Angola, Brasil, Cabo Verde, Guin\u00e9-Bissau, Mo\u00e7ambique, Portugal, S\u00e3o Tom\u00e9 e Pr\u00edncipe e Timor Leste, e a regi\u00e3o administrativa especial de Macau.<\/p>\n<p>Um dos benef\u00edcios conquistados com a filia\u00e7\u00e3o da Universidade Estadual \u00e0 AULP \u00e9 a autoriza\u00e7\u00e3o para docentes e discentes da Institui\u00e7\u00e3o participarem do Programa Internacional de Apoio \u00e0 Pesquisa e ao Ensino por meio da Mobilidade Docente e Discente Internacional (Pr\u00f3-Mobilidade Internacional). A iniciativa destina-se \u00e0 estrutura\u00e7\u00e3o, fortalecimento e internacionaliza\u00e7\u00e3o dos Programas de Gradua\u00e7\u00e3o, Pesquisa e P\u00f3s-Gradua\u00e7\u00e3o das universidades integrantes da Associa\u00e7\u00e3o das Universidades de L\u00edngua Portuguesa (AULP).<\/p>\n<p>Por meio deste <a href=\"http:\/\/www.capes.gov.br\/editais\/abertos\/5593-pro-mobilidade-internacional-capesaulp\">edital<\/a>, que contempla as diversas \u00e1reas do conhecimento, discentes e docentes de gradua\u00e7\u00e3o e p\u00f3s-gradua\u00e7\u00e3o, matriculados ou que fa\u00e7am parte do quadro de efetivos da institui\u00e7\u00e3o, poder\u00e3o ter projetos aprovados e receber bolsas de pesquisa e interc\u00e2mbio em institui\u00e7\u00f5es associadas \u00e0 AULP.<\/p>\n<p>Outras informa\u00e7\u00f5es: <a href=\"http:\/\/aulp.org\">http:\/\/aulp.org<\/a><\/p>\n<p>Pr\u00eamio Fern\u00e3o Mendes Pinto<\/p>\n<p>Al\u00e9m disso, com a filia\u00e7\u00e3o \u00e0 AULP, os estudantes de mestrado e doutorado da UEPB tamb\u00e9m poder\u00e3o concorrer ao Pr\u00e9mio Fern\u00e3o Mendes Pinto, organizado pela associa\u00e7\u00e3o em parceria com a Comunidade dos Pa\u00edses de L\u00edngua Portuguesa, que pretende premiar anualmente uma tese de mestrado ou doutoramento que contribua para a aproxima\u00e7\u00e3o das comunidades de l\u00edngua portuguesa. O valor do Pr\u00eamio Fern\u00e3o Mendes Pinto \u00e9 de 8.000\u20ac (oito mil euros) destinados ao autor premiado e cuja publica\u00e7\u00e3o ser\u00e1 da responsabilidade do Instituto Cam\u00f5es.<\/p>\n<p>Mais informa\u00e7\u00f5es: <a href=\"http:\/\/aulp.org\/parcerias\/premios\/5740-premio-fernao-mendes-pinto-edicao-2013\">http:\/\/aulp.org\/parcerias\/premios\/5740-premio-fernao-mendes-pinto-edicao-2013<\/a><\/p>\n<p>&nbsp;<\/p>\n","protected":false},"excerpt":{"rendered":"<p>A Universidade Estadual da Para\u00edba tornou-se, desde o in\u00edcio de junho, a primeira institui\u00e7\u00e3o paraibana filiada \u00e0 Associa\u00e7\u00e3o das Universidades de L\u00edngua Portuguesa (AULP), organiza\u00e7\u00e3o internacional que re\u00fane oito pa\u00edses de l\u00edngua portuguesa, Angola, Brasil, Cabo Verde, Guin\u00e9-Bissau, Mo\u00e7ambique, Portugal, S\u00e3o Tom\u00e9 e Pr\u00edncipe e Timor Leste, e a regi\u00e3o administrativa especial de Macau. Um <a class=\"leiamais\" href=\"https:\/\/centros.uepb.edu.br\/ccbsa\/uepb-filia-se-a-associacao-de-universidades-de-lingua-portuguesa-e-pode-participar-de-edital-pro-mobilidade-internacional\/\">Leia Mais&#8230;<\/a><\/p>\n","protected":false},"author":8,"featured_media":0,"comment_status":"open","ping_status":"open","sticky":false,"template":"","format":"standard","meta":{"footnotes":""},"categories":[3,5],"tags":[],"class_list":["post-320","post","type-post","status-publish","format-standard","hentry","category-noticias","category-visiveis"],"jetpack_featured_media_url":"","_links":{"self":[{"href":"https:\/\/centros.uepb.edu.br\/ccbsa\/wp-json\/wp\/v2\/posts\/320","targetHints":{"allow":["GET"]}}],"collection":[{"href":"https:\/\/centros.uepb.edu.br\/ccbsa\/wp-json\/wp\/v2\/posts"}],"about":[{"href":"https:\/\/centros.uepb.edu.br\/ccbsa\/wp-json\/wp\/v2\/types\/post"}],"author":[{"embeddable":true,"href":"https:\/\/centros.uepb.edu.br\/ccbsa\/wp-json\/wp\/v2\/users\/8"}],"replies":[{"embeddable":true,"href":"https:\/\/centros.uepb.edu.br\/ccbsa\/wp-json\/wp\/v2\/comments?post=320"}],"version-history":[{"count":0,"href":"https:\/\/centros.uepb.edu.br\/ccbsa\/wp-json\/wp\/v2\/posts\/320\/revisions"}],"wp:attachment":[{"href":"https:\/\/centros.uepb.edu.br\/ccbsa\/wp-json\/wp\/v2\/media?parent=320"}],"wp:term":[{"taxonomy":"category","embeddable":true,"href":"https:\/\/centros.uepb.edu.br\/ccbsa\/wp-json\/wp\/v2\/categories?post=320"},{"taxonomy":"post_tag","embeddable":true,"href":"https:\/\/centros.uepb.edu.br\/ccbsa\/wp-json\/wp\/v2\/tags?post=320"}],"curies":[{"name":"wp","href":"https:\/\/api.w.org\/{rel}","templated":true}]}}