{"id":3198,"date":"2016-07-04T14:38:39","date_gmt":"2016-07-04T14:38:39","guid":{"rendered":"https:\/\/centros.uepb.edu.br\/ccbsa\/?p=3198"},"modified":"2016-07-04T14:38:39","modified_gmt":"2016-07-04T14:38:39","slug":"coordenacao-do-curso-de-arquivologia-realiza-atividade-de-recepcao-aos-calouros-do-periodo-letivo-2016-1","status":"publish","type":"post","link":"https:\/\/centros.uepb.edu.br\/ccbsa\/coordenacao-do-curso-de-arquivologia-realiza-atividade-de-recepcao-aos-calouros-do-periodo-letivo-2016-1\/","title":{"rendered":"Coordena\u00e7\u00e3o do curso de Arquivologia realiza atividade de recep\u00e7\u00e3o aos calouros do per\u00edodo letivo 2016.1"},"content":{"rendered":"<p><a href=\"https:\/\/centros.uepb.edu.br\/ccbsa\/files\/2016\/07\/DSC04446.jpg\"><img loading=\"lazy\" decoding=\"async\" class=\"aligncenter size-full wp-image-3199 img-responsive\" src=\"https:\/\/centros.uepb.edu.br\/ccbsa\/files\/2016\/07\/DSC04446.jpg\" alt=\"\" width=\"840\" height=\"454\" srcset=\"https:\/\/centros.uepb.edu.br\/ccbsa\/files\/2016\/07\/DSC04446.jpg 840w, https:\/\/centros.uepb.edu.br\/ccbsa\/files\/2016\/07\/DSC04446-300x162.jpg 300w, https:\/\/centros.uepb.edu.br\/ccbsa\/files\/2016\/07\/DSC04446-768x415.jpg 768w, https:\/\/centros.uepb.edu.br\/ccbsa\/files\/2016\/07\/DSC04446-370x200.jpg 370w\" sizes=\"auto, (max-width: 840px) 100vw, 840px\" \/><\/a><\/p>\n<p>Com o objetivo de apresentar aos estudantes novatos do per\u00edodo letivo 2016.1 as principais informa\u00e7\u00f5es sobre o curso e prestar informa\u00e7\u00f5es b\u00e1sicas necess\u00e1rias ao longo da forma\u00e7\u00e3o, a coordena\u00e7\u00e3o do bacharelado em Arquivologia da Universidade Estadual da Para\u00edba realiza nesta segunda-feira, 4 de julho, um evento de recep\u00e7\u00e3o.<\/p>\n<p>Participam da atividade a coordenadora do curso, professora Esmeralda Porf\u00edrio de Sales; o coordenador adjunto, professor Ant\u00f4nio Germano Ramalho; o coordenador de est\u00e1gios do Curso, professor Henrique Fran\u00e7a; o coordenador de monitoria, professor Josemar Henrique de Melo; o docente do bacharelado, S\u00e2nderson Dorneles; o representante do Centro Acad\u00eamico de Arquivologia, Bruno Pereira de Lima; a integrante da Executiva Nacional dos Estudantes de Arquivologia, Layane Marques; o representante do DCE, Paulo Henrique e o representante da Empresa J\u00fanior do Curso de Arquivologia, Junio Felipe.<\/p>\n<p>Durante a atividade os estudantes puderam conhecer o que \u00e9 e como funciona a monitoria, quais as possibilidades de est\u00e1gio no curso de Arquivologia, tiveram conhecimento das experi\u00eancias de alunos e egressos do curso aprovados em concursos p\u00fablicos e sele\u00e7\u00f5es de p\u00f3s-gradua\u00e7\u00e3o, as possibilidades a serem desenvolvidas na \u00e1rea de pesquisa e extens\u00e3o, entre outros temas.<\/p>\n<p>Criado em 2006, o curso de Arquivologia da Universidade Estadual da Para\u00edba foi pioneiro na Para\u00edba, segundo curso da \u00e1rea no Nordeste e desde a sua funda\u00e7\u00e3o tem se fortalecido tanto com rela\u00e7\u00e3o \u00e0 estrutura f\u00edsica, quanto no que diz respeito \u00e0 qualifica\u00e7\u00e3o do seu corpo docente. Com um perfil consolidado, o curso tem desempenhado o importante papel de ampliar a produ\u00e7\u00e3o de conhecimento cient\u00edfico em Arquivologia e formar profissionais capazes de conhecer, intervir, implementar, desenvolver, inovar e analisar processos arquiv\u00edsticos, elaborando programas de gest\u00e3o da informa\u00e7\u00e3o.<\/p>\n","protected":false},"excerpt":{"rendered":"<p>Com o objetivo de apresentar aos estudantes novatos do per\u00edodo letivo 2016.1 as principais informa\u00e7\u00f5es sobre o curso e prestar informa\u00e7\u00f5es b\u00e1sicas necess\u00e1rias ao longo da forma\u00e7\u00e3o, a coordena\u00e7\u00e3o do bacharelado em Arquivologia da Universidade Estadual da Para\u00edba realiza nesta segunda-feira, 4 de julho, um evento de recep\u00e7\u00e3o. Participam da atividade a coordenadora do curso, <a class=\"leiamais\" href=\"https:\/\/centros.uepb.edu.br\/ccbsa\/coordenacao-do-curso-de-arquivologia-realiza-atividade-de-recepcao-aos-calouros-do-periodo-letivo-2016-1\/\">Leia Mais&#8230;<\/a><\/p>\n","protected":false},"author":8,"featured_media":3199,"comment_status":"closed","ping_status":"closed","sticky":false,"template":"","format":"standard","meta":{"footnotes":""},"categories":[3,11],"tags":[],"class_list":["post-3198","post","type-post","status-publish","format-standard","has-post-thumbnail","hentry","category-noticias","category-noticias-destaque-img"],"jetpack_featured_media_url":"https:\/\/centros.uepb.edu.br\/ccbsa\/files\/2016\/07\/DSC04446.jpg","_links":{"self":[{"href":"https:\/\/centros.uepb.edu.br\/ccbsa\/wp-json\/wp\/v2\/posts\/3198","targetHints":{"allow":["GET"]}}],"collection":[{"href":"https:\/\/centros.uepb.edu.br\/ccbsa\/wp-json\/wp\/v2\/posts"}],"about":[{"href":"https:\/\/centros.uepb.edu.br\/ccbsa\/wp-json\/wp\/v2\/types\/post"}],"author":[{"embeddable":true,"href":"https:\/\/centros.uepb.edu.br\/ccbsa\/wp-json\/wp\/v2\/users\/8"}],"replies":[{"embeddable":true,"href":"https:\/\/centros.uepb.edu.br\/ccbsa\/wp-json\/wp\/v2\/comments?post=3198"}],"version-history":[{"count":0,"href":"https:\/\/centros.uepb.edu.br\/ccbsa\/wp-json\/wp\/v2\/posts\/3198\/revisions"}],"wp:featuredmedia":[{"embeddable":true,"href":"https:\/\/centros.uepb.edu.br\/ccbsa\/wp-json\/wp\/v2\/media\/3199"}],"wp:attachment":[{"href":"https:\/\/centros.uepb.edu.br\/ccbsa\/wp-json\/wp\/v2\/media?parent=3198"}],"wp:term":[{"taxonomy":"category","embeddable":true,"href":"https:\/\/centros.uepb.edu.br\/ccbsa\/wp-json\/wp\/v2\/categories?post=3198"},{"taxonomy":"post_tag","embeddable":true,"href":"https:\/\/centros.uepb.edu.br\/ccbsa\/wp-json\/wp\/v2\/tags?post=3198"}],"curies":[{"name":"wp","href":"https:\/\/api.w.org\/{rel}","templated":true}]}}