{"id":3145,"date":"2016-06-21T14:58:55","date_gmt":"2016-06-21T14:58:55","guid":{"rendered":"https:\/\/centros.uepb.edu.br\/ccbsa\/?p=3145"},"modified":"2016-06-22T18:16:05","modified_gmt":"2016-06-22T18:16:05","slug":"campus-v-sedia-palestra-nesta-terca-feira-21-sobre-praticas-em-circulos-restaurativos-para-adolescentes","status":"publish","type":"post","link":"https:\/\/centros.uepb.edu.br\/ccbsa\/campus-v-sedia-palestra-nesta-terca-feira-21-sobre-praticas-em-circulos-restaurativos-para-adolescentes\/","title":{"rendered":"Grupo de estudos e Projeto de Extens\u00e3o do CCBSA realizam palestra sobre c\u00edrculos restaurativos"},"content":{"rendered":"<p><a href=\"https:\/\/centros.uepb.edu.br\/ccbsa\/files\/2016\/06\/13466025_986246031488654_76406192581669049_n.jpg\"><img loading=\"lazy\" decoding=\"async\" class=\"aligncenter size-full wp-image-3148 img-responsive\" src=\"https:\/\/centros.uepb.edu.br\/ccbsa\/files\/2016\/06\/13466025_986246031488654_76406192581669049_n.jpg\" alt=\"13466025_986246031488654_76406192581669049_n\" width=\"840\" height=\"454\" srcset=\"https:\/\/centros.uepb.edu.br\/ccbsa\/files\/2016\/06\/13466025_986246031488654_76406192581669049_n.jpg 840w, https:\/\/centros.uepb.edu.br\/ccbsa\/files\/2016\/06\/13466025_986246031488654_76406192581669049_n-300x162.jpg 300w, https:\/\/centros.uepb.edu.br\/ccbsa\/files\/2016\/06\/13466025_986246031488654_76406192581669049_n-768x415.jpg 768w, https:\/\/centros.uepb.edu.br\/ccbsa\/files\/2016\/06\/13466025_986246031488654_76406192581669049_n-370x200.jpg 370w\" sizes=\"auto, (max-width: 840px) 100vw, 840px\" \/><\/a><\/p>\n<p>O Grupo de Estudos de Paz e Seguran\u00e7a Mundial da Universidade Estadual da Para\u00edba (GEPASM\/UEPB) e o Projeto UEPB em a\u00e7\u00e3o (PUA) realizaram\u00a0nesta ter\u00e7a-feira (21)\u00a0\u00e0 noite,\u00a0na sala do Mestrado em Rela\u00e7\u00f5es Internacionais, a palestra \u201cPr\u00e1ticas em c\u00edrculos restaurativos para adolescentes`\u201d, ministrada pela facilitadora de c\u00edrculos restaurativos da Organiza\u00e7\u00e3o N\u00e3o Governamental \u201cTerre des hommes\u201d (Tdh), Nadia Paula Gomes.<\/p>\n<p>De acordo com o organizador da atividade, professor Paulo Kuhlmann, a palestra foi promovido com o objetivo de aproximar o p\u00fablico que estuda e atua com c\u00edrculos restaurativos da experi\u00eancia de algu\u00e9m que trabalha em uma organiza\u00e7\u00e3o que \u00e9 refer\u00eancia nesse tipo de iniciativa. \u201cDurante as a\u00e7\u00f5es do PUA n\u00f3s j\u00e1 realizamos c\u00edrculos restaurativos, com gestore,s professores e alunos da Escola Municipal Santa \u00c2ngela e com docentes da Escola Estadual Jos\u00e9 Lins do R\u00eago. Mas precis\u00e1vamos ver em que pontos podemos melhorar e ouvir a experi\u00eancia da Nadia nos ajudar\u00e1 muito\u201d, avalia o docente.<\/p>\n<p>A Terre des hommes Brasil \u00e9 uma organiza\u00e7\u00e3o n\u00e3o governamental sem fins lucrativos, que faz parte da Fondation Terre des hommes (Tdh), organiza\u00e7\u00e3o su\u00ed\u00e7a com sede em Lausanne. Tem como miss\u00e3o a promo\u00e7\u00e3o, garantia e defesa dos direitos de crian\u00e7as e adolescentes em situa\u00e7\u00e3o de vulnerabilidade. Atualmente, nas regi\u00f5es Norte e Nordeste Tdh desenvolve a\u00e7\u00f5es voltadas para uma justi\u00e7a mais educativa que repressiva, contribuindo em abordagens inovadoras para a dissemina\u00e7\u00e3o do paradigma da Justi\u00e7a Juvenil Restaurativa, Protagonismo Juvenil e Media\u00e7\u00e3o de Conflitos.<\/p>\n<p>Dentre as a\u00e7\u00f5es da Tdh durante a palestra a ser realizada na UEPB ser\u00e3o contempladas as Pr\u00e1ticas Restaurativas, que d\u00e3o \u00eanfase ao restabelecimento das rela\u00e7\u00f5es depois de uma situa\u00e7\u00e3o de conflito ou viol\u00eancia vivenciada. \u201cTrata-se de um ritual, j\u00e1 desenvolvido h\u00e1 muito tempo em tribos ind\u00edgenas, que busca nos resgatar da nossa individualidade e, a partir de um conflito, intermediar um di\u00e1logo e uma conex\u00e3o entre as pessoas.<\/p>\n","protected":false},"excerpt":{"rendered":"<p>O Grupo de Estudos de Paz e Seguran\u00e7a Mundial da Universidade Estadual da Para\u00edba (GEPASM\/UEPB) e o Projeto UEPB em a\u00e7\u00e3o (PUA) realizaram\u00a0nesta ter\u00e7a-feira (21)\u00a0\u00e0 noite,\u00a0na sala do Mestrado em Rela\u00e7\u00f5es Internacionais, a palestra \u201cPr\u00e1ticas em c\u00edrculos restaurativos para adolescentes`\u201d, ministrada pela facilitadora de c\u00edrculos restaurativos da Organiza\u00e7\u00e3o N\u00e3o Governamental \u201cTerre des hommes\u201d (Tdh), Nadia <a class=\"leiamais\" href=\"https:\/\/centros.uepb.edu.br\/ccbsa\/campus-v-sedia-palestra-nesta-terca-feira-21-sobre-praticas-em-circulos-restaurativos-para-adolescentes\/\">Leia Mais&#8230;<\/a><\/p>\n","protected":false},"author":8,"featured_media":3148,"comment_status":"closed","ping_status":"closed","sticky":false,"template":"","format":"standard","meta":{"footnotes":""},"categories":[3,11],"tags":[],"class_list":["post-3145","post","type-post","status-publish","format-standard","has-post-thumbnail","hentry","category-noticias","category-noticias-destaque-img"],"jetpack_featured_media_url":"https:\/\/centros.uepb.edu.br\/ccbsa\/files\/2016\/06\/13466025_986246031488654_76406192581669049_n.jpg","_links":{"self":[{"href":"https:\/\/centros.uepb.edu.br\/ccbsa\/wp-json\/wp\/v2\/posts\/3145","targetHints":{"allow":["GET"]}}],"collection":[{"href":"https:\/\/centros.uepb.edu.br\/ccbsa\/wp-json\/wp\/v2\/posts"}],"about":[{"href":"https:\/\/centros.uepb.edu.br\/ccbsa\/wp-json\/wp\/v2\/types\/post"}],"author":[{"embeddable":true,"href":"https:\/\/centros.uepb.edu.br\/ccbsa\/wp-json\/wp\/v2\/users\/8"}],"replies":[{"embeddable":true,"href":"https:\/\/centros.uepb.edu.br\/ccbsa\/wp-json\/wp\/v2\/comments?post=3145"}],"version-history":[{"count":0,"href":"https:\/\/centros.uepb.edu.br\/ccbsa\/wp-json\/wp\/v2\/posts\/3145\/revisions"}],"wp:featuredmedia":[{"embeddable":true,"href":"https:\/\/centros.uepb.edu.br\/ccbsa\/wp-json\/wp\/v2\/media\/3148"}],"wp:attachment":[{"href":"https:\/\/centros.uepb.edu.br\/ccbsa\/wp-json\/wp\/v2\/media?parent=3145"}],"wp:term":[{"taxonomy":"category","embeddable":true,"href":"https:\/\/centros.uepb.edu.br\/ccbsa\/wp-json\/wp\/v2\/categories?post=3145"},{"taxonomy":"post_tag","embeddable":true,"href":"https:\/\/centros.uepb.edu.br\/ccbsa\/wp-json\/wp\/v2\/tags?post=3145"}],"curies":[{"name":"wp","href":"https:\/\/api.w.org\/{rel}","templated":true}]}}