{"id":3136,"date":"2016-06-20T15:37:04","date_gmt":"2016-06-20T15:37:04","guid":{"rendered":"https:\/\/centros.uepb.edu.br\/ccbsa\/?p=3136"},"modified":"2016-06-20T15:40:14","modified_gmt":"2016-06-20T15:40:14","slug":"estudante-de-relacoes-internacionais-compoe-a-delegacao-de-jovens-brasileiros-em-forum-europeu-de-desenvolvimento-mundial","status":"publish","type":"post","link":"https:\/\/centros.uepb.edu.br\/ccbsa\/estudante-de-relacoes-internacionais-compoe-a-delegacao-de-jovens-brasileiros-em-forum-europeu-de-desenvolvimento-mundial\/","title":{"rendered":"Estudante de Rela\u00e7\u00f5es Internacionais participa de F\u00f3rum Europeu de desenvolvimento mundial em Bruxelas"},"content":{"rendered":"<p><a href=\"https:\/\/centros.uepb.edu.br\/ccbsa\/files\/2016\/06\/DSC0040-768x456.jpg\"><img loading=\"lazy\" decoding=\"async\" class=\"aligncenter size-full wp-image-3137 img-responsive\" src=\"https:\/\/centros.uepb.edu.br\/ccbsa\/files\/2016\/06\/DSC0040-768x456.jpg\" alt=\"DSC0040-768x456\" width=\"840\" height=\"454\" srcset=\"https:\/\/centros.uepb.edu.br\/ccbsa\/files\/2016\/06\/DSC0040-768x456.jpg 840w, https:\/\/centros.uepb.edu.br\/ccbsa\/files\/2016\/06\/DSC0040-768x456-300x162.jpg 300w, https:\/\/centros.uepb.edu.br\/ccbsa\/files\/2016\/06\/DSC0040-768x456-768x415.jpg 768w, https:\/\/centros.uepb.edu.br\/ccbsa\/files\/2016\/06\/DSC0040-768x456-370x200.jpg 370w\" sizes=\"auto, (max-width: 840px) 100vw, 840px\" \/><\/a><\/p>\n<p>&#8220;Grandes ambi\u00e7\u00f5es fazem voc\u00ea atingir grandes objetivos&#8221;, essa \u00e9 a frase escolhida pela estudante da gradua\u00e7\u00e3o em Rela\u00e7\u00f5es Internacionais da Universidade Estadual da Para\u00edba Stefanny Officiati de Lima para ilustrar a conquista mais recente na vida da jovem, que foi escolhida para compor a delega\u00e7\u00e3o de jovens brasileiros que representaram o pa\u00eds durante o European Development Days (EDD) 2016, realizado em Bruxelas, B\u00e9lgica, de 12 a 18 de junho.<\/p>\n<p>A edi\u00e7\u00e3o de 2016 do EDD contou com atividades voltadas a discuss\u00f5es com o tema \u201cAgenda 2030 para Desenvolvimento Sustent\u00e1vel\u201d, desenvolvido em\u00a0cinco t\u00f3picos: pessoas (desigualdade, g\u00eanero e n\u00e3o deixando ningu\u00e9m para tr\u00e1s), planeta (mudan\u00e7as clim\u00e1ticas, economia circular, rela\u00e7\u00e3o \u00e1gua-energia-comida), prosperidade (cidades sustent\u00e1veis, ci\u00eancia, tecnologia e inova\u00e7\u00e3o e com\u00e9rcio e crescimento), paz (Estados fr\u00e1geis, migra\u00e7\u00e3o e refugiados) e parceria (m\u00e9todos de implementa\u00e7\u00e3o e engajando o setor privado).<\/p>\n<p>Um dia antes do in\u00edcio do evento, a delega\u00e7\u00e3o formada por Beatriz Scotton, Let\u00edcia Nogueira, Jack Netto, Juarez Silva, M\u00edzia Brito, Pedro Guedes e Stefanny Officiati fez uma visita oficial ao Parlamento Europeu, onde eles puderam conhecer um pouco mais sobre o funcionamento da institui\u00e7\u00e3o. Ainda no mesmo dia, a delega\u00e7\u00e3o teve uma reuni\u00e3o com a Conselheira Tatiana Bustamante, do setor de Direitos Humanos e Temas Sociais da Miss\u00e3o Brasileira Junto \u00e0 Uni\u00e3o Europeia.<\/p>\n<p>No primeiro dia do EDD, na quarta-feira (15), os delegados se distribu\u00edram em uma s\u00e9rie de palestras e debates de interesse pr\u00f3prio, como tr\u00e1fico humano, cidades inclusivas sustent\u00e1veis e resilientes, justi\u00e7a como pilar para o desenvolvimento, luta contra pobreza e fome, entre outros. A delega\u00e7\u00e3o participou da cerim\u00f4nia de abertura, que contou com discurso do Secret\u00e1rio-Geral da ONU, Ban Ki-Moon, sobre a coopera\u00e7\u00e3o para a constru\u00e7\u00e3o de um mundo melhor e mais pac\u00edfico e conversou ainda com alguns Young Leaders e com a jornalista filipina Rina David.<\/p>\n<p>\u201cAl\u00e9m dos assuntos que me interesso, procurei assistir tamb\u00e9m as palestras com temas dif\u00edceis de encontrar na internet ou que a m\u00eddia n\u00e3o discursa tanto. N\u00fameros e estat\u00edsticas n\u00e3o tocam as pessoas tanto quanto o relato de uma experi\u00eancia pr\u00f3pria, que vem do cora\u00e7\u00e3o, e foi isso que percebi: os palestrantes n\u00e3o se mostram c\u00e9ticos ao ocupar cargos de embaixadores, diplomatas, etc, eles est\u00e3o ali com paix\u00e3o e defendendo ideais que acreditam ser importantes para uma na\u00e7\u00e3o. Achei muito bonito e diferente do que estamos acostumados a ver\u201d, lembra Stefanny.<\/p>\n<p><a href=\"https:\/\/centros.uepb.edu.br\/ccbsa\/files\/2016\/06\/DSC0003-768x450.jpg\"><img loading=\"lazy\" decoding=\"async\" class=\"aligncenter size-full wp-image-3138 img-responsive\" src=\"https:\/\/centros.uepb.edu.br\/ccbsa\/files\/2016\/06\/DSC0003-768x450.jpg\" alt=\"DSC0003-768x450\" width=\"840\" height=\"454\" srcset=\"https:\/\/centros.uepb.edu.br\/ccbsa\/files\/2016\/06\/DSC0003-768x450.jpg 840w, https:\/\/centros.uepb.edu.br\/ccbsa\/files\/2016\/06\/DSC0003-768x450-300x162.jpg 300w, https:\/\/centros.uepb.edu.br\/ccbsa\/files\/2016\/06\/DSC0003-768x450-768x415.jpg 768w, https:\/\/centros.uepb.edu.br\/ccbsa\/files\/2016\/06\/DSC0003-768x450-370x200.jpg 370w\" sizes=\"auto, (max-width: 840px) 100vw, 840px\" \/><\/a><\/p>\n<p>O segundo dia contou com a participa\u00e7\u00e3o do delegado Jack em um dos workshops com debate aberto sobre cidades inclusivas. Ap\u00f3s se focar em palestras sobre este assunto, ele se sentiu mais confiante em seu discurso, expondo ideias para a cria\u00e7\u00e3o de espa\u00e7os urbanos preparados para receber fluxos imigrat\u00f3rios e projetos que ajudem na capacidade de produ\u00e7\u00e3o agr\u00edcola.<\/p>\n<p>O evento contou ainda com um discurso da Rainha Matilde da B\u00e9lgica, que destacou a import\u00e2ncia da Uni\u00e3o Europeia ter uma vis\u00e3o global e comprometimento com o desenvolvimento sustent\u00e1vel, mencionando ainda dificuldades com o terrorismo, crise econ\u00f4mica, migra\u00e7\u00e3o, intoler\u00e2ncia e racismo.<\/p>\n<p>\u201cAssisti uma Young Leader falando sobre empoderamento da juventude e ela citou que \u2018s\u00e3o com grandes ambi\u00e7\u00f5es que se atingem grandes objetivos\u2019. Com isso, aprendi que n\u00e3o devemos nos contentar com a nossa realidade. Temos voz e poder desde que sonhemos alto e lutemos para chegar l\u00e1\u201d, afirma Stefanny.<\/p>\n<p>&nbsp;<\/p>\n<p><strong>Fotos:<\/strong>\u00a0Diplomacia Civil &#8211; Instituto Global Atittude<\/p>\n<p><strong>Texto:<\/strong> Juliana Marques com colabora\u00e7\u00e3o do\u00a0Diplomacia Civil &#8211; Instituto Global Atittude<\/p>\n","protected":false},"excerpt":{"rendered":"<p>&#8220;Grandes ambi\u00e7\u00f5es fazem voc\u00ea atingir grandes objetivos&#8221;, essa \u00e9 a frase escolhida pela estudante da gradua\u00e7\u00e3o em Rela\u00e7\u00f5es Internacionais da Universidade Estadual da Para\u00edba Stefanny Officiati de Lima para ilustrar a conquista mais recente na vida da jovem, que foi escolhida para compor a delega\u00e7\u00e3o de jovens brasileiros que representaram o pa\u00eds durante o European <a class=\"leiamais\" href=\"https:\/\/centros.uepb.edu.br\/ccbsa\/estudante-de-relacoes-internacionais-compoe-a-delegacao-de-jovens-brasileiros-em-forum-europeu-de-desenvolvimento-mundial\/\">Leia Mais&#8230;<\/a><\/p>\n","protected":false},"author":8,"featured_media":3137,"comment_status":"closed","ping_status":"closed","sticky":false,"template":"","format":"standard","meta":{"footnotes":""},"categories":[3,11],"tags":[],"class_list":["post-3136","post","type-post","status-publish","format-standard","has-post-thumbnail","hentry","category-noticias","category-noticias-destaque-img"],"jetpack_featured_media_url":"https:\/\/centros.uepb.edu.br\/ccbsa\/files\/2016\/06\/DSC0040-768x456.jpg","_links":{"self":[{"href":"https:\/\/centros.uepb.edu.br\/ccbsa\/wp-json\/wp\/v2\/posts\/3136","targetHints":{"allow":["GET"]}}],"collection":[{"href":"https:\/\/centros.uepb.edu.br\/ccbsa\/wp-json\/wp\/v2\/posts"}],"about":[{"href":"https:\/\/centros.uepb.edu.br\/ccbsa\/wp-json\/wp\/v2\/types\/post"}],"author":[{"embeddable":true,"href":"https:\/\/centros.uepb.edu.br\/ccbsa\/wp-json\/wp\/v2\/users\/8"}],"replies":[{"embeddable":true,"href":"https:\/\/centros.uepb.edu.br\/ccbsa\/wp-json\/wp\/v2\/comments?post=3136"}],"version-history":[{"count":0,"href":"https:\/\/centros.uepb.edu.br\/ccbsa\/wp-json\/wp\/v2\/posts\/3136\/revisions"}],"wp:featuredmedia":[{"embeddable":true,"href":"https:\/\/centros.uepb.edu.br\/ccbsa\/wp-json\/wp\/v2\/media\/3137"}],"wp:attachment":[{"href":"https:\/\/centros.uepb.edu.br\/ccbsa\/wp-json\/wp\/v2\/media?parent=3136"}],"wp:term":[{"taxonomy":"category","embeddable":true,"href":"https:\/\/centros.uepb.edu.br\/ccbsa\/wp-json\/wp\/v2\/categories?post=3136"},{"taxonomy":"post_tag","embeddable":true,"href":"https:\/\/centros.uepb.edu.br\/ccbsa\/wp-json\/wp\/v2\/tags?post=3136"}],"curies":[{"name":"wp","href":"https:\/\/api.w.org\/{rel}","templated":true}]}}