{"id":3098,"date":"2016-06-10T15:14:39","date_gmt":"2016-06-10T15:14:39","guid":{"rendered":"https:\/\/centros.uepb.edu.br\/ccbsa\/?p=3098"},"modified":"2016-06-10T15:14:39","modified_gmt":"2016-06-10T15:14:39","slug":"campus-v-sedia-cafe-junino-de-adesao-no-dia-22-de-junho-destinado-a-toda-a-comunidade-academica","status":"publish","type":"post","link":"https:\/\/centros.uepb.edu.br\/ccbsa\/campus-v-sedia-cafe-junino-de-adesao-no-dia-22-de-junho-destinado-a-toda-a-comunidade-academica\/","title":{"rendered":"Campus V sedia caf\u00e9 junino de ades\u00e3o no dia 22 de junho destinado a toda a comunidade acad\u00eamica"},"content":{"rendered":"<p class=\"western\">\n<p class=\"western\"><a href=\"https:\/\/centros.uepb.edu.br\/ccbsa\/files\/2016\/06\/Sem-t\u00edtulo-2.jpg\"><img loading=\"lazy\" decoding=\"async\" class=\"aligncenter size-full wp-image-3101 img-responsive\" src=\"https:\/\/centros.uepb.edu.br\/ccbsa\/files\/2016\/06\/Sem-t\u00edtulo-2.jpg\" alt=\"Sem t\u00edtulo\" width=\"840\" height=\"454\" srcset=\"https:\/\/centros.uepb.edu.br\/ccbsa\/files\/2016\/06\/Sem-t\u00edtulo-2.jpg 840w, https:\/\/centros.uepb.edu.br\/ccbsa\/files\/2016\/06\/Sem-t\u00edtulo-2-300x162.jpg 300w, https:\/\/centros.uepb.edu.br\/ccbsa\/files\/2016\/06\/Sem-t\u00edtulo-2-768x415.jpg 768w, https:\/\/centros.uepb.edu.br\/ccbsa\/files\/2016\/06\/Sem-t\u00edtulo-2-370x200.jpg 370w\" sizes=\"auto, (max-width: 840px) 100vw, 840px\" \/><\/a><\/p>\n<p class=\"western\">Com o objetivo de comemorar os festejos juninos e realizar uma confraterniza\u00e7\u00e3o entre t\u00e9cnicos-administrativos, docentes e estudantes, os servidores do\u00a0Campus V da Universidade Estadual da Para\u00edba, com apoio da Dire\u00e7\u00e3o de Centro, promovem, no dia 22 de junho, \u00e0s 9h,\u00a0no p\u00e1tio em frente \u00e0 biblioteca, o &#8220;Arrai\u00e1 do CCBSA&#8221;, um caf\u00e9 junino de ades\u00e3o aberto \u00e0 comunidade acad\u00eamica.<\/p>\n<p class=\"western\">Na oportunidade haver\u00e1 um bingo, m\u00fasicas juninas, comidas t\u00edpicas, quadrilha e brincadeiras t\u00edpicas desse per\u00edodo do ano.<\/p>\n<p class=\"western\">\n<p class=\"western\">\n","protected":false},"excerpt":{"rendered":"<p>Com o objetivo de comemorar os festejos juninos e realizar uma confraterniza\u00e7\u00e3o entre t\u00e9cnicos-administrativos, docentes e estudantes, os servidores do\u00a0Campus V da Universidade Estadual da Para\u00edba, com apoio da Dire\u00e7\u00e3o de Centro, promovem, no dia 22 de junho, \u00e0s 9h,\u00a0no p\u00e1tio em frente \u00e0 biblioteca, o &#8220;Arrai\u00e1 do CCBSA&#8221;, um caf\u00e9 junino de ades\u00e3o aberto <a class=\"leiamais\" href=\"https:\/\/centros.uepb.edu.br\/ccbsa\/campus-v-sedia-cafe-junino-de-adesao-no-dia-22-de-junho-destinado-a-toda-a-comunidade-academica\/\">Leia Mais&#8230;<\/a><\/p>\n","protected":false},"author":8,"featured_media":3101,"comment_status":"closed","ping_status":"closed","sticky":false,"template":"","format":"standard","meta":{"footnotes":""},"categories":[3,11],"tags":[],"class_list":["post-3098","post","type-post","status-publish","format-standard","has-post-thumbnail","hentry","category-noticias","category-noticias-destaque-img"],"jetpack_featured_media_url":"https:\/\/centros.uepb.edu.br\/ccbsa\/files\/2016\/06\/Sem-t\u00edtulo-2.jpg","_links":{"self":[{"href":"https:\/\/centros.uepb.edu.br\/ccbsa\/wp-json\/wp\/v2\/posts\/3098","targetHints":{"allow":["GET"]}}],"collection":[{"href":"https:\/\/centros.uepb.edu.br\/ccbsa\/wp-json\/wp\/v2\/posts"}],"about":[{"href":"https:\/\/centros.uepb.edu.br\/ccbsa\/wp-json\/wp\/v2\/types\/post"}],"author":[{"embeddable":true,"href":"https:\/\/centros.uepb.edu.br\/ccbsa\/wp-json\/wp\/v2\/users\/8"}],"replies":[{"embeddable":true,"href":"https:\/\/centros.uepb.edu.br\/ccbsa\/wp-json\/wp\/v2\/comments?post=3098"}],"version-history":[{"count":0,"href":"https:\/\/centros.uepb.edu.br\/ccbsa\/wp-json\/wp\/v2\/posts\/3098\/revisions"}],"wp:featuredmedia":[{"embeddable":true,"href":"https:\/\/centros.uepb.edu.br\/ccbsa\/wp-json\/wp\/v2\/media\/3101"}],"wp:attachment":[{"href":"https:\/\/centros.uepb.edu.br\/ccbsa\/wp-json\/wp\/v2\/media?parent=3098"}],"wp:term":[{"taxonomy":"category","embeddable":true,"href":"https:\/\/centros.uepb.edu.br\/ccbsa\/wp-json\/wp\/v2\/categories?post=3098"},{"taxonomy":"post_tag","embeddable":true,"href":"https:\/\/centros.uepb.edu.br\/ccbsa\/wp-json\/wp\/v2\/tags?post=3098"}],"curies":[{"name":"wp","href":"https:\/\/api.w.org\/{rel}","templated":true}]}}