{"id":3093,"date":"2016-06-10T14:30:10","date_gmt":"2016-06-10T14:30:10","guid":{"rendered":"https:\/\/centros.uepb.edu.br\/ccbsa\/?p=3093"},"modified":"2016-06-13T14:00:01","modified_gmt":"2016-06-13T14:00:01","slug":"estudante-de-relacoes-internacionais-compoe-delegacao-de-brasileiros-que-irao-a-forum-europeu-de-desenvolvimento-mundial","status":"publish","type":"post","link":"https:\/\/centros.uepb.edu.br\/ccbsa\/estudante-de-relacoes-internacionais-compoe-delegacao-de-brasileiros-que-irao-a-forum-europeu-de-desenvolvimento-mundial\/","title":{"rendered":"Estudante de Rela\u00e7\u00f5es Internacionais comp\u00f5e delega\u00e7\u00e3o que ir\u00e1 a f\u00f3rum europeu de desenvolvimento mundial"},"content":{"rendered":"<p><a href=\"https:\/\/centros.uepb.edu.br\/ccbsa\/files\/2016\/06\/4EDITADA.jpg\"><img loading=\"lazy\" decoding=\"async\" class=\"aligncenter size-full wp-image-3094 img-responsive\" src=\"https:\/\/centros.uepb.edu.br\/ccbsa\/files\/2016\/06\/4EDITADA.jpg\" alt=\"4EDITADA\" width=\"840\" height=\"454\" srcset=\"https:\/\/centros.uepb.edu.br\/ccbsa\/files\/2016\/06\/4EDITADA.jpg 840w, https:\/\/centros.uepb.edu.br\/ccbsa\/files\/2016\/06\/4EDITADA-300x162.jpg 300w, https:\/\/centros.uepb.edu.br\/ccbsa\/files\/2016\/06\/4EDITADA-768x415.jpg 768w, https:\/\/centros.uepb.edu.br\/ccbsa\/files\/2016\/06\/4EDITADA-370x200.jpg 370w\" sizes=\"auto, (max-width: 840px) 100vw, 840px\" \/><\/a><\/p>\n<p>Ap\u00f3s ser escolhida entre mais de 100 inscritos de todo o Brasil, a estudante da gradua\u00e7\u00e3o em Rela\u00e7\u00f5es Internacionais da Universidade Estadual da Para\u00edba, Stefanny Officiati de Lima, foi escolhida para compor a delega\u00e7\u00e3o de jovens brasileiros que participar\u00e1 do European Development Days (EDD) 2016, a ser realizado em Bruxelas, B\u00e9lgica, de 12 a 18 de junho.<\/p>\n<p>Promovido anualmente pela Comiss\u00e3o Europeia, que re\u00fane 140 pa\u00edses e 1200 organiza\u00e7\u00f5es, com intuito de compartilhar ideias e experi\u00eancias que inspirem solu\u00e7\u00f5es inovadores para os problemas mais urgentes do mundo, o EDD tem a miss\u00e3o de engajar jovens brasileiros na agenda mundial, capacitando e coordenando delega\u00e7\u00f5es para confer\u00eancias internacionais, permitindo que esses jovens tenham voz ativa no cen\u00e1rio externo.<\/p>\n<p>Esse ano, o evento completa sua 10\u00aa edi\u00e7\u00e3o e ter\u00e1 como tema \u201cAgenda 2030 para Desenvolvimento Sustent\u00e1vel\u201d. As discuss\u00f5es ser\u00e3o voltadas para cinco t\u00f3picos: pessoas (desigualdade, g\u00eanero e n\u00e3o deixando ningu\u00e9m para tr\u00e1s), planeta (mudan\u00e7as clim\u00e1ticas, economia circular, rela\u00e7\u00e3o \u00e1gua-energia-comida), prosperidade (cidades sustent\u00e1veis, ci\u00eancia, tecnologia e inova\u00e7\u00e3o e com\u00e9rcio e crescimento), paz (Estados fr\u00e1geis, migra\u00e7\u00e3o e refugiados) e parceria (m\u00e9todos de implementa\u00e7\u00e3o e engajando o setor privado).<\/p>\n<p>A delega\u00e7\u00e3o passa no momento por quatro workshops preparat\u00f3rios para o melhor proveito da viagem e produzir\u00e1, ainda, um artigo de opini\u00e3o com tema de pr\u00f3pria escolha. Durante a confer\u00eancia, os delegados ter\u00e3o a oportunidade de participar dos debates e discuss\u00f5es, estando em constante contato com pessoas influentes.<\/p>\n<p>Cursando o 1\u00ba per\u00edodo de Rela\u00e7\u00f5es Internacionais Stefanny de Lima realiza trabalho volunt\u00e1rio h\u00e1 seis anos no Rotary Club, j\u00e1 tendo ocupado os cargos de presidente, vice-presidente, protocolo, presidente de projetos internacionais e representante distrital. Fez interc\u00e2mbio de um ano em Taiwan, onde aperfei\u00e7oou o mandarim e seu interesse pela \u00e1rea diplom\u00e1tica. Foi volunt\u00e1ria no Internet Governance Forum (IGF) 2015 e participa da coordena\u00e7\u00e3o de delega\u00e7\u00f5es do Encontro Nacional dos Organizadores de Modelos das Na\u00e7\u00f5es Unidas (ENOMUN).<\/p>\n<p>A estudante da UEPB foi selecionada pelo programa Diplomacia Civil do <a href=\"https:\/\/www.facebook.com\/global.attitude.org\/\">Instituto Global Atittude<\/a>, que \u00e9 a organiza\u00e7\u00e3o respons\u00e1vel por coordenar delega\u00e7\u00f5es de jovens brasileiros para confer\u00eancias internacionais, ap\u00f3s preencher um formul\u00e1rio disponibilizado pela organiza\u00e7\u00e3o do evento e passou por tr\u00eas etapas: an\u00e1lise do curr\u00edculo, julgamento da motiva\u00e7\u00e3o pessoal e profissional e avalia\u00e7\u00e3o da proposta de tema para produ\u00e7\u00e3o de um artigo de opini\u00e3o antes da viagem.<\/p>\n","protected":false},"excerpt":{"rendered":"<p>Ap\u00f3s ser escolhida entre mais de 100 inscritos de todo o Brasil, a estudante da gradua\u00e7\u00e3o em Rela\u00e7\u00f5es Internacionais da Universidade Estadual da Para\u00edba, Stefanny Officiati de Lima, foi escolhida para compor a delega\u00e7\u00e3o de jovens brasileiros que participar\u00e1 do European Development Days (EDD) 2016, a ser realizado em Bruxelas, B\u00e9lgica, de 12 a 18 <a class=\"leiamais\" href=\"https:\/\/centros.uepb.edu.br\/ccbsa\/estudante-de-relacoes-internacionais-compoe-delegacao-de-brasileiros-que-irao-a-forum-europeu-de-desenvolvimento-mundial\/\">Leia Mais&#8230;<\/a><\/p>\n","protected":false},"author":8,"featured_media":3094,"comment_status":"closed","ping_status":"closed","sticky":false,"template":"","format":"standard","meta":{"footnotes":""},"categories":[3,11],"tags":[],"class_list":["post-3093","post","type-post","status-publish","format-standard","has-post-thumbnail","hentry","category-noticias","category-noticias-destaque-img"],"jetpack_featured_media_url":"https:\/\/centros.uepb.edu.br\/ccbsa\/files\/2016\/06\/4EDITADA.jpg","_links":{"self":[{"href":"https:\/\/centros.uepb.edu.br\/ccbsa\/wp-json\/wp\/v2\/posts\/3093","targetHints":{"allow":["GET"]}}],"collection":[{"href":"https:\/\/centros.uepb.edu.br\/ccbsa\/wp-json\/wp\/v2\/posts"}],"about":[{"href":"https:\/\/centros.uepb.edu.br\/ccbsa\/wp-json\/wp\/v2\/types\/post"}],"author":[{"embeddable":true,"href":"https:\/\/centros.uepb.edu.br\/ccbsa\/wp-json\/wp\/v2\/users\/8"}],"replies":[{"embeddable":true,"href":"https:\/\/centros.uepb.edu.br\/ccbsa\/wp-json\/wp\/v2\/comments?post=3093"}],"version-history":[{"count":0,"href":"https:\/\/centros.uepb.edu.br\/ccbsa\/wp-json\/wp\/v2\/posts\/3093\/revisions"}],"wp:featuredmedia":[{"embeddable":true,"href":"https:\/\/centros.uepb.edu.br\/ccbsa\/wp-json\/wp\/v2\/media\/3094"}],"wp:attachment":[{"href":"https:\/\/centros.uepb.edu.br\/ccbsa\/wp-json\/wp\/v2\/media?parent=3093"}],"wp:term":[{"taxonomy":"category","embeddable":true,"href":"https:\/\/centros.uepb.edu.br\/ccbsa\/wp-json\/wp\/v2\/categories?post=3093"},{"taxonomy":"post_tag","embeddable":true,"href":"https:\/\/centros.uepb.edu.br\/ccbsa\/wp-json\/wp\/v2\/tags?post=3093"}],"curies":[{"name":"wp","href":"https:\/\/api.w.org\/{rel}","templated":true}]}}