{"id":3077,"date":"2016-06-08T11:12:25","date_gmt":"2016-06-08T11:12:25","guid":{"rendered":"https:\/\/centros.uepb.edu.br\/ccbsa\/?p=3077"},"modified":"2016-06-08T14:10:18","modified_gmt":"2016-06-08T14:10:18","slug":"concluintes-do-campus-de-joao-pessoa-participam-de-solenidade-de-colacao-de-grau-do-periodo-letivo-2015-2","status":"publish","type":"post","link":"https:\/\/centros.uepb.edu.br\/ccbsa\/concluintes-do-campus-de-joao-pessoa-participam-de-solenidade-de-colacao-de-grau-do-periodo-letivo-2015-2\/","title":{"rendered":"Concluintes do Campus de Jo\u00e3o Pessoa participam de solenidade de cola\u00e7\u00e3o de grau do per\u00edodo letivo 2015.2"},"content":{"rendered":"<p><a href=\"https:\/\/centros.uepb.edu.br\/ccbsa\/files\/2016\/06\/13416845_1350821664946057_404788054102066731_o.jpg\"><img loading=\"lazy\" decoding=\"async\" class=\"aligncenter size-full wp-image-3078 img-responsive\" src=\"https:\/\/centros.uepb.edu.br\/ccbsa\/files\/2016\/06\/13416845_1350821664946057_404788054102066731_o.jpg\" alt=\"13416845_1350821664946057_404788054102066731_o\" width=\"840\" height=\"454\" srcset=\"https:\/\/centros.uepb.edu.br\/ccbsa\/files\/2016\/06\/13416845_1350821664946057_404788054102066731_o.jpg 840w, https:\/\/centros.uepb.edu.br\/ccbsa\/files\/2016\/06\/13416845_1350821664946057_404788054102066731_o-300x162.jpg 300w, https:\/\/centros.uepb.edu.br\/ccbsa\/files\/2016\/06\/13416845_1350821664946057_404788054102066731_o-768x415.jpg 768w, https:\/\/centros.uepb.edu.br\/ccbsa\/files\/2016\/06\/13416845_1350821664946057_404788054102066731_o-370x200.jpg 370w\" sizes=\"auto, (max-width: 840px) 100vw, 840px\" \/><\/a><\/p>\n<p>Alegria, coragem, determina\u00e7\u00e3o, responsabilidade, foram algumas das palavras que marcaram os discursos e o clima entre os formandos do Campus V da Universidade Estadual da Para\u00edba (UEPB), que participaram da cerim\u00f4nia de Cola\u00e7\u00e3o de Grau do per\u00edodo letivo 2015.2, realizada na manh\u00e3 desta ter\u00e7a-feira (07), no audit\u00f3rio da reitoria da universidade Federal da Para\u00edba, Campus I. A solenidade colocou \u00e0 disposi\u00e7\u00e3o do mercado de trabalho 78 novos profissionais de Arquivologia, Ci\u00eancias Biol\u00f3gicas, Rela\u00e7\u00f5es Internacionais e Administra\u00e7\u00e3o P\u00fablica.<\/p>\n<p>Compuseram a mesa de honra o reitor Ant\u00f4nio Rangel J\u00fanior; o diretor do CCBSA e paraninfo das turmas concluintes, professor Francisco Jaime Mendon\u00e7a J\u00fanior; a diretora adjunta do CCBSA, professora Giuliana Dias Vieira; o pr\u00f3-reitor de Gradua\u00e7\u00e3o da UEPB, professor Eli Brand\u00e3o; a pro-reitora de P\u00f3s-Gradua\u00e7\u00e3o e Pesquisa da UEPB, professora Maria Jos\u00e9 Lima da Silva; o pro-reitor de Gest\u00e3o de Pessoas, professor Sandy Gonzaga; a coordenadora do curso de Arquivologia, professora Esmeralda Porf\u00edrio de Sales; a coordenadora do bacharelado em Ci\u00eancias Biol\u00f3gicas, professora Daniela Pontes; o coordenador do bacharelado em Rela\u00e7\u00f5es Internacionais, professor Filipe Reis e a coordenadora do curso de Administra\u00e7\u00e3o P\u00fablica, Jacqueline Echeverr\u00eda Barrancos.<\/p>\n<p>Na oportunidade, a oradora oficial, Vivianne Evelyn Alves, do curso de Ci\u00eancias Biol\u00f3gicas, lembrou o papel dos formandos de buscar contribuir para o bem comum da sociedade atuando com \u00e9tica em cada \u00e1rea. \u201cAos arquivistas cabe a tarefa de assegurar informa\u00e7\u00e3o de qualidade utilizando, para isso, novas tecnologias. A n\u00f3s bi\u00f3logos compete a obriga\u00e7\u00e3o de transmitir o conhecimento para as futuras gera\u00e7\u00f5es compreenderem os problemas que a sociedade provoca ao ambiente e tentarem intermediar os danos que o impacto antr\u00f3pico possa causar \u00e0 natureza e \u00e0 vida e bem-estar comum. Aos profissionais de Rela\u00e7\u00f5es Internacionais inicia-se agora a desafiadora por\u00e9m apaixonante jornada de desbravar o mundo entendendo os desafios e oportunidades advindas da multiculturalidade e promover o di\u00e1logo pol\u00edtico, econ\u00f4mico e social. Amigos, crescer \u00e9 inevit\u00e1vel e por mais que queiramos guardar este momento, devemos seguir em frente nesta jornada aproveitando as oportunidades e vivendo-as intensamente\u201d, declarou.<\/p>\n<p><a href=\"https:\/\/centros.uepb.edu.br\/ccbsa\/files\/2016\/06\/13416858_1350821988279358_7168735716313944178_o.jpg\"><img loading=\"lazy\" decoding=\"async\" class=\"aligncenter size-full wp-image-3079 img-responsive\" src=\"https:\/\/centros.uepb.edu.br\/ccbsa\/files\/2016\/06\/13416858_1350821988279358_7168735716313944178_o.jpg\" alt=\"13416858_1350821988279358_7168735716313944178_o\" width=\"840\" height=\"454\" srcset=\"https:\/\/centros.uepb.edu.br\/ccbsa\/files\/2016\/06\/13416858_1350821988279358_7168735716313944178_o.jpg 840w, https:\/\/centros.uepb.edu.br\/ccbsa\/files\/2016\/06\/13416858_1350821988279358_7168735716313944178_o-300x162.jpg 300w, https:\/\/centros.uepb.edu.br\/ccbsa\/files\/2016\/06\/13416858_1350821988279358_7168735716313944178_o-768x415.jpg 768w, https:\/\/centros.uepb.edu.br\/ccbsa\/files\/2016\/06\/13416858_1350821988279358_7168735716313944178_o-370x200.jpg 370w\" sizes=\"auto, (max-width: 840px) 100vw, 840px\" \/><\/a><\/p>\n<p>Homenageado pelas turmas concluintes, o paraninfo geral, professor Francisco Jaime, chegou conduzido pela comiss\u00e3o formada pelos estudantes: Jefferson da Silva Morais (Arquivologia), Ana L\u00edgia Pereira (Ci\u00eancias Biol\u00f3gicas), Clemilda Noberto da Silva (Rela\u00e7\u00f5es Internacionais) e Luanna da Silva Moura (Administra\u00e7\u00e3o P\u00fablica).<br \/>\nMarcado por momentos que remetiam ao fim do mandato como diretor de centro e relembrando a trajet\u00f3ria de 10 anos de UEPB, o paraninfo destacou a emo\u00e7\u00e3o de ser homenageado pelas turmas concluintes nesta fase profissional, considerada pelo mesmo como um presente de reconhecimento. \u201cFiquei muito feliz e emocionado por ter sido escolhido paraninfo e os motivos s\u00e3o v\u00e1rios. Iniciando pelo fato de eu ser um dos fundadores desse campus e por estar prestes a completar 10 anos de UEPB, universidade essa a qual tenho honra e orgulho de fazer parte. Al\u00e9m disso, por estar concluindo mais um ciclo de minha vida, o de diretor do nosso campus\u201d, avaliou.<\/p>\n<p>Durante o discurso, o paraninfo aconselhou os formandos a buscar o aprendizado constantemente e deixar um legado de admira\u00e7\u00e3o pela verdade e indigna\u00e7\u00e3o contra as injusti\u00e7as. \u201cA vida nos ensina a assumir a responsabilidade de procurar os caminhos que nortear\u00e3o nossos destinos e nos abrir\u00e3o as portas para o conhecimento, a cultura e o consequente desenvolvimento pessoal. Desenvolvimento esse que visa moldar a nossa personalidade, para que diante de cada escolha que nos seja apresentada, possamos optar pela mais correta. E a partir dessas escolhas, meu sincero desejo \u00e9 que voc\u00eas sejam empreendedores, ousados e determinados. Mas tamb\u00e9m, e principalmente, que sejam sensatos, interpessoais, \u00e9ticos e respons\u00e1veis com a sociedade e o meio ambiente.<\/p>\n<p>Para encerrar a fala o homenageado destacou a import\u00e2ncia de que cada egresso busque um caminho pr\u00f3prio que os permita brilhar no mundo profissional a partir de escolhas respons\u00e1veis e comprometidas com suas convic\u00e7\u00f5es. \u201cO ser-como-todo-mundo, ou seja, a massifica\u00e7\u00e3o despersonalizante, \u00e9 uma grande tenta\u00e7\u00e3o mundanizadora pujante e que objetiva nivelar por baixo todos os seres humanos e dessa forma mediocrizar a sociedade. Mas voc\u00eas podem fazer a diferen\u00e7a. Portanto n\u00e3o se intimidem com os fatos da vida, mesmo aqueles mais penosos e sofridos. Utilizem o bom humor e o riso como meios para criar situa\u00e7\u00f5es mais humanas. E principalmente, n\u00e3o parem apenas nessa etapa, enxerguem e busquem novos desafios e oportunidades, v\u00e3o ousem sejam pessoas e profissionais exemplares\u201d, aconselhou Francisco Jaime.<\/p>\n<p><a href=\"https:\/\/centros.uepb.edu.br\/ccbsa\/files\/2016\/06\/13350279_1350821928279364_5863065700183134205_o.jpg\"><img loading=\"lazy\" decoding=\"async\" class=\"aligncenter size-full wp-image-3080 img-responsive\" src=\"https:\/\/centros.uepb.edu.br\/ccbsa\/files\/2016\/06\/13350279_1350821928279364_5863065700183134205_o.jpg\" alt=\"13350279_1350821928279364_5863065700183134205_o\" width=\"1072\" height=\"712\" srcset=\"https:\/\/centros.uepb.edu.br\/ccbsa\/files\/2016\/06\/13350279_1350821928279364_5863065700183134205_o.jpg 1072w, https:\/\/centros.uepb.edu.br\/ccbsa\/files\/2016\/06\/13350279_1350821928279364_5863065700183134205_o-300x199.jpg 300w, https:\/\/centros.uepb.edu.br\/ccbsa\/files\/2016\/06\/13350279_1350821928279364_5863065700183134205_o-768x510.jpg 768w, https:\/\/centros.uepb.edu.br\/ccbsa\/files\/2016\/06\/13350279_1350821928279364_5863065700183134205_o-1024x680.jpg 1024w, https:\/\/centros.uepb.edu.br\/ccbsa\/files\/2016\/06\/13350279_1350821928279364_5863065700183134205_o-370x246.jpg 370w, https:\/\/centros.uepb.edu.br\/ccbsa\/files\/2016\/06\/13350279_1350821928279364_5863065700183134205_o-840x558.jpg 840w\" sizes=\"auto, (max-width: 1072px) 100vw, 1072px\" \/><\/a><\/p>\n<p>&nbsp;<\/p>\n<p>O pro-reitor de Gradua\u00e7\u00e3o, professor Eli Brand\u00e3o pautou sua fala inicial na figura do \u201cprofissional artes\u00e3o\u201d, aquele que se diverte com seu trabalho, que est\u00e1 em constante busca por aperfei\u00e7oamento, que \u00e9 marcado pela autonomia no que faz, um modelo de atua\u00e7\u00e3o que, de acordo com o pro-reitor, ganha espa\u00e7o para superar as dificuldades do mundo contempor\u00e2neo.<br \/>\nO docente lembrou um pensamento do educador Rubem Alves, segundo o qual cada ser humano carrega duas caixas &#8211; uma de ferramentas e uma de brinquedos \u2013 sendo ambas necess\u00e1rias ao bom profissional. \u201cAs ferramentas nos d\u00e3o os meios de viver, mas, n\u00e3o nos d\u00e3o raz\u00f5es para viver. J\u00e1 os brinquedos, est\u00e3o relacionados ao amor e prazer que sentimos ao realizar algo. Carregando essas duas caixas de ferramentas certamente voc\u00eas, formandos conseguir\u00e3o conquistar um mundo melhor\u201d, avaliou.<\/p>\n<p>Utilizando o poema de Khalil Gibran que compara os filhos a flechas projetas pelos arqueiros (pais) para o mais longe poss\u00edvel, seguindo uma trajet\u00f3ria de crescimento, o reitor Rangel J\u00fanior fez um discurso cujo enfoque estava na emo\u00e7\u00e3o e dedica\u00e7\u00e3o dos pais que ali estavam presenciando um marco na vida dos filhos. \u201cOs pais aqui presentes podem estar sentindo que est\u00e3o perdendo os filhos para o mundo. Aqui n\u00f3s temos jovens que criaram condi\u00e7\u00f5es de voar com as pr\u00f3prias asas. Mas, \u00e9 importante lembrarmos que essa conquista \u00e9 muito mais desses pais do que de qualquer outra pessoa. Ent\u00e3o, n\u00e3o podemos deixar de parabeniz\u00e1-los tamb\u00e9m nesse momento. E aos formandos o que desejo \u00e9 que essas asas que voc\u00eas ganharam sejam cada vez mais usadas e que voc\u00eas sigam voando alto\u201d, concluiu o reitor.<\/p>\n<p>Receberam o grau acad\u00eamico, em nome dos demais formandos: Adriana L\u00edgia (Arquivologia), Bruna Caroline Lopes (Ci\u00eancias Biol\u00f3gicas), Raianna Morais Souto (Rela\u00e7\u00f5es Internacionais) e R\u00f4mulo Gomes de Fran\u00e7a (Administra\u00e7\u00e3o P\u00fablica \u2013 a dist\u00e2ncia). O juramentista foi o estudante do curso de Arquivologia Victor Hugo Pessoa Lacerda de Ara\u00fajo.<\/p>\n","protected":false},"excerpt":{"rendered":"<p>Alegria, coragem, determina\u00e7\u00e3o, responsabilidade, foram algumas das palavras que marcaram os discursos e o clima entre os formandos do Campus V da Universidade Estadual da Para\u00edba (UEPB), que participaram da cerim\u00f4nia de Cola\u00e7\u00e3o de Grau do per\u00edodo letivo 2015.2, realizada na manh\u00e3 desta ter\u00e7a-feira (07), no audit\u00f3rio da reitoria da universidade Federal da Para\u00edba, Campus <a class=\"leiamais\" href=\"https:\/\/centros.uepb.edu.br\/ccbsa\/concluintes-do-campus-de-joao-pessoa-participam-de-solenidade-de-colacao-de-grau-do-periodo-letivo-2015-2\/\">Leia Mais&#8230;<\/a><\/p>\n","protected":false},"author":8,"featured_media":3078,"comment_status":"closed","ping_status":"closed","sticky":false,"template":"","format":"standard","meta":{"footnotes":""},"categories":[3,11],"tags":[],"class_list":["post-3077","post","type-post","status-publish","format-standard","has-post-thumbnail","hentry","category-noticias","category-noticias-destaque-img"],"jetpack_featured_media_url":"https:\/\/centros.uepb.edu.br\/ccbsa\/files\/2016\/06\/13416845_1350821664946057_404788054102066731_o.jpg","_links":{"self":[{"href":"https:\/\/centros.uepb.edu.br\/ccbsa\/wp-json\/wp\/v2\/posts\/3077","targetHints":{"allow":["GET"]}}],"collection":[{"href":"https:\/\/centros.uepb.edu.br\/ccbsa\/wp-json\/wp\/v2\/posts"}],"about":[{"href":"https:\/\/centros.uepb.edu.br\/ccbsa\/wp-json\/wp\/v2\/types\/post"}],"author":[{"embeddable":true,"href":"https:\/\/centros.uepb.edu.br\/ccbsa\/wp-json\/wp\/v2\/users\/8"}],"replies":[{"embeddable":true,"href":"https:\/\/centros.uepb.edu.br\/ccbsa\/wp-json\/wp\/v2\/comments?post=3077"}],"version-history":[{"count":0,"href":"https:\/\/centros.uepb.edu.br\/ccbsa\/wp-json\/wp\/v2\/posts\/3077\/revisions"}],"wp:featuredmedia":[{"embeddable":true,"href":"https:\/\/centros.uepb.edu.br\/ccbsa\/wp-json\/wp\/v2\/media\/3078"}],"wp:attachment":[{"href":"https:\/\/centros.uepb.edu.br\/ccbsa\/wp-json\/wp\/v2\/media?parent=3077"}],"wp:term":[{"taxonomy":"category","embeddable":true,"href":"https:\/\/centros.uepb.edu.br\/ccbsa\/wp-json\/wp\/v2\/categories?post=3077"},{"taxonomy":"post_tag","embeddable":true,"href":"https:\/\/centros.uepb.edu.br\/ccbsa\/wp-json\/wp\/v2\/tags?post=3077"}],"curies":[{"name":"wp","href":"https:\/\/api.w.org\/{rel}","templated":true}]}}