{"id":3065,"date":"2016-06-02T15:18:19","date_gmt":"2016-06-02T15:18:19","guid":{"rendered":"https:\/\/centros.uepb.edu.br\/ccbsa\/?p=3065"},"modified":"2016-06-02T15:20:15","modified_gmt":"2016-06-02T15:20:15","slug":"direcao-do-ccbsa-e-homenageada-durante-formacao-destinada-a-catadores-de-reciclaveis-de-joao-pessoa","status":"publish","type":"post","link":"https:\/\/centros.uepb.edu.br\/ccbsa\/direcao-do-ccbsa-e-homenageada-durante-formacao-destinada-a-catadores-de-reciclaveis-de-joao-pessoa\/","title":{"rendered":"Dire\u00e7\u00e3o do CCBSA \u00e9 homenageada durante forma\u00e7\u00e3o destinada a catadores de recicl\u00e1veis de Jo\u00e3o Pessoa"},"content":{"rendered":"<p><a href=\"https:\/\/centros.uepb.edu.br\/ccbsa\/files\/2016\/06\/DSC04002.jpg\"><img loading=\"lazy\" decoding=\"async\" class=\"aligncenter size-full wp-image-3068 img-responsive\" src=\"https:\/\/centros.uepb.edu.br\/ccbsa\/files\/2016\/06\/DSC04002.jpg\" alt=\"\" width=\"840\" height=\"454\" srcset=\"https:\/\/centros.uepb.edu.br\/ccbsa\/files\/2016\/06\/DSC04002.jpg 840w, https:\/\/centros.uepb.edu.br\/ccbsa\/files\/2016\/06\/DSC04002-300x162.jpg 300w, https:\/\/centros.uepb.edu.br\/ccbsa\/files\/2016\/06\/DSC04002-768x415.jpg 768w, https:\/\/centros.uepb.edu.br\/ccbsa\/files\/2016\/06\/DSC04002-370x200.jpg 370w\" sizes=\"auto, (max-width: 840px) 100vw, 840px\" \/><\/a><\/p>\n<p>A coordena\u00e7\u00e3o do projeto\u00a0de extens\u00e3o \u201cMobiliza\u00e7\u00e3o, inclus\u00e3o e forma\u00e7\u00e3o de catadores\/as de materiais recicl\u00e1veis da cidade de Jo\u00e3o Pessoa: uma experi\u00eancia necess\u00e1ria\u201d, que \u00e9 vinculado ao Centro de Biol\u00f3gicas e Sociais Aplicadas (CCBSA) da Universidade Estadual da Para\u00edba (UEPB) e financiado pelo Minist\u00e9rio do Trabalho e pela Secretaria de Economia Solid\u00e1ria do Governo Federal realizou, durante a manh\u00e3 desta quinta-feira (2), uma homenagem aos gestores do Campus V como reconhecimento ao apoio dos diretores \u00e0s\u00a0atividades desempenhadas pelo referido projeto. Na oportunidade o diretor do CCBSA, Francisco Jaime, foi presentado com livros e jogos que abordam a tem\u00e1tica da reciclagem e artesanatos produzidos com produtos reciclados.<\/p>\n<p>Ap\u00f3s a homenagem foi iniciada a forma\u00e7\u00e3o destinada aos catadores da cooperativa Acordo Verde.\u00a0Durante uma semana, de 30 de maio a 7 de junho, um grupo de 400 catadores divididos por turmas, participa de uma forma\u00e7\u00e3o promovida pelo projeto de extens\u00e3o da UEPB e ministrada pelo integrante Secretaria Nacional de Direitos Humanos da Presid\u00eancia da Rep\u00fablica e da Articula\u00e7\u00e3o do Movimento Nacional dos Catadores, Jo\u00e3o Paulo de Jesus. A atividade tem o intuito de fortalecer a participa\u00e7\u00e3o pol\u00edtica dos catadores incrementando a renda, adequando suas atividades \u00e0s normas de sa\u00fade e seguran\u00e7a no trabalho, inserindo-os em pol\u00edticas sociais, entre outros benef\u00edcios.<\/p>\n<p>Regida pelo princ\u00edpio \u201cde catador para catador\u201d, a forma\u00e7\u00e3o \u00e9 fundamentada na experi\u00eancia e viv\u00eancia do ministrante. \u201cN\u00f3s devemos trabalhar com base no cooperativismo e solidariedade porque \u00e9 disso que precisamos para melhorar a realidade desses catadores, e \u00e9 disso que eu venho falar. Eu venho conscientizar sobres os direitos deles, como fortalecer a atua\u00e7\u00e3o em cooperativas, enfim, eu falo da minha viv\u00eancia\u201d, explica Jo\u00e3o de Jesus.<\/p>\n<p>A coordenadora do projeto, professora F\u00e1tima Ara\u00fajo, destaca a import\u00e2ncia dessa forma\u00e7\u00e3o como uma das diversas iniciativas que buscam promover a melhoria na qualidade de vida dos catadores atendidos. \u201cJo\u00e3o Pessoa atualmente possui mais de 2 mil catadores, e 700 destes s\u00e3o atendidos pelo nosso projeto. Contamos com quatro turmas de alfabetiza\u00e7\u00e3o de jovens de adultos, conseguimos incluir alguns catadores em cursos do PRONATEC, estamos auxiliando as cooperativas na constru\u00e7\u00e3o do plano de neg\u00f3cios, adquirimos um caminh\u00e3o, prensa, balan\u00e7a e carrinho e, em breve, iremos inaugurar, no bairro de Mandacaru, um centro de apoio aos catadores com equipamentos e espa\u00e7os adequados para o trabalho deles. Tudo isso nos traz uma grande satisfa\u00e7\u00e3o de perceber que n\u00e3o s\u00f3 estamos realizando um bom trabalho mas, estamos ajudando a transformar a vida destas pessoas\u201d, avaliou a professora F\u00e1tima.<\/p>\n<p><a href=\"https:\/\/centros.uepb.edu.br\/ccbsa\/files\/2016\/06\/DSC03886.jpg\"><img loading=\"lazy\" decoding=\"async\" class=\"aligncenter size-full wp-image-3054 img-responsive\" src=\"https:\/\/centros.uepb.edu.br\/ccbsa\/files\/2016\/06\/DSC03886.jpg\" alt=\"\" width=\"840\" height=\"454\" srcset=\"https:\/\/centros.uepb.edu.br\/ccbsa\/files\/2016\/06\/DSC03886.jpg 840w, https:\/\/centros.uepb.edu.br\/ccbsa\/files\/2016\/06\/DSC03886-300x162.jpg 300w, https:\/\/centros.uepb.edu.br\/ccbsa\/files\/2016\/06\/DSC03886-768x415.jpg 768w, https:\/\/centros.uepb.edu.br\/ccbsa\/files\/2016\/06\/DSC03886-370x200.jpg 370w\" sizes=\"auto, (max-width: 840px) 100vw, 840px\" \/><\/a><\/p>\n<p>A forma\u00e7\u00e3o dos catadores ocorre nos turnos da manh\u00e3, tarde e noite, nas sedes das cooperativas, entidades parceiras, sal\u00f5es de igreja e no audit\u00f3rio do CCBSA. Ap\u00f3s o encerramento das a\u00e7\u00f5es, no dia 7 de junho, ser\u00e1 realizada uma reuni\u00e3o com lideran\u00e7as dos grupos dos catadores, coordena\u00e7\u00e3o do projeto e alunos extensionistas para avaliar as atividades e realizar os encaminhamentos necess\u00e1rios.<\/p>\n<p><strong>Sobre o projeto<\/strong><\/p>\n<p>Coordenado pela professora F\u00e1tima Ara\u00fajo o referido projeto \u00e9 realizado desde 2013 voltado \u00e0 identifica\u00e7\u00e3o, sensibiliza\u00e7\u00e3o, mobiliza\u00e7\u00e3o, forma\u00e7\u00e3o e inclus\u00e3o em associa\u00e7\u00f5es e cooperativas de catadores de toda a Jo\u00e3o Pessoa, desenvolvendo atividades de encuba\u00e7\u00e3o, assist\u00eancia t\u00e9cnica e nuclea\u00e7\u00e3o. A previs\u00e3o inicial de finaliza\u00e7\u00e3o do projeto era em 2015, por\u00e9m, devido aos resultados positivos j\u00e1 alcan\u00e7ados a iniciativa foi prorrogada at\u00e9 dezembro de 2016.<\/p>\n<p>\u201cJ\u00e1 contabilizamos a identifica\u00e7\u00e3o e cadastro de mais de 700 catadores, 30% destes organizados e 70% avulsos. Tamb\u00e9m realizamos oficinas de reciclagem, interc\u00e2mbios com cooperativas da cidade de Jo\u00e3o Pessoa e Santa Rita, organizamos a participa\u00e7\u00e3o dos catadores em eventos, montamos a estrutura e articulamos junto a parceiros aulas de alfabetiza\u00e7\u00e3o e letramento, entre outras a\u00e7\u00f5es que visam proporcionar melhores condi\u00e7\u00f5es de trabalho e de vida para a popula\u00e7\u00e3o atendida pelo nosso projeto\u201d, esclarece a professora F\u00e1tima Ara\u00fajo.<\/p>\n","protected":false},"excerpt":{"rendered":"<p>A coordena\u00e7\u00e3o do projeto\u00a0de extens\u00e3o \u201cMobiliza\u00e7\u00e3o, inclus\u00e3o e forma\u00e7\u00e3o de catadores\/as de materiais recicl\u00e1veis da cidade de Jo\u00e3o Pessoa: uma experi\u00eancia necess\u00e1ria\u201d, que \u00e9 vinculado ao Centro de Biol\u00f3gicas e Sociais Aplicadas (CCBSA) da Universidade Estadual da Para\u00edba (UEPB) e financiado pelo Minist\u00e9rio do Trabalho e pela Secretaria de Economia Solid\u00e1ria do Governo Federal realizou, <a class=\"leiamais\" href=\"https:\/\/centros.uepb.edu.br\/ccbsa\/direcao-do-ccbsa-e-homenageada-durante-formacao-destinada-a-catadores-de-reciclaveis-de-joao-pessoa\/\">Leia Mais&#8230;<\/a><\/p>\n","protected":false},"author":8,"featured_media":3068,"comment_status":"closed","ping_status":"closed","sticky":false,"template":"","format":"standard","meta":{"footnotes":""},"categories":[3,11],"tags":[],"class_list":["post-3065","post","type-post","status-publish","format-standard","has-post-thumbnail","hentry","category-noticias","category-noticias-destaque-img"],"jetpack_featured_media_url":"https:\/\/centros.uepb.edu.br\/ccbsa\/files\/2016\/06\/DSC04002.jpg","_links":{"self":[{"href":"https:\/\/centros.uepb.edu.br\/ccbsa\/wp-json\/wp\/v2\/posts\/3065","targetHints":{"allow":["GET"]}}],"collection":[{"href":"https:\/\/centros.uepb.edu.br\/ccbsa\/wp-json\/wp\/v2\/posts"}],"about":[{"href":"https:\/\/centros.uepb.edu.br\/ccbsa\/wp-json\/wp\/v2\/types\/post"}],"author":[{"embeddable":true,"href":"https:\/\/centros.uepb.edu.br\/ccbsa\/wp-json\/wp\/v2\/users\/8"}],"replies":[{"embeddable":true,"href":"https:\/\/centros.uepb.edu.br\/ccbsa\/wp-json\/wp\/v2\/comments?post=3065"}],"version-history":[{"count":0,"href":"https:\/\/centros.uepb.edu.br\/ccbsa\/wp-json\/wp\/v2\/posts\/3065\/revisions"}],"wp:featuredmedia":[{"embeddable":true,"href":"https:\/\/centros.uepb.edu.br\/ccbsa\/wp-json\/wp\/v2\/media\/3068"}],"wp:attachment":[{"href":"https:\/\/centros.uepb.edu.br\/ccbsa\/wp-json\/wp\/v2\/media?parent=3065"}],"wp:term":[{"taxonomy":"category","embeddable":true,"href":"https:\/\/centros.uepb.edu.br\/ccbsa\/wp-json\/wp\/v2\/categories?post=3065"},{"taxonomy":"post_tag","embeddable":true,"href":"https:\/\/centros.uepb.edu.br\/ccbsa\/wp-json\/wp\/v2\/tags?post=3065"}],"curies":[{"name":"wp","href":"https:\/\/api.w.org\/{rel}","templated":true}]}}