{"id":3011,"date":"2016-05-19T15:17:16","date_gmt":"2016-05-19T15:17:16","guid":{"rendered":"https:\/\/centros.uepb.edu.br\/ccbsa\/?p=3011"},"modified":"2016-05-19T15:18:24","modified_gmt":"2016-05-19T15:18:24","slug":"pesquisas-de-estudantes-do-curso-de-ciencias-biologicas-sao-premiadas-em-evento-realizado-no-sertao-paraibano","status":"publish","type":"post","link":"https:\/\/centros.uepb.edu.br\/ccbsa\/pesquisas-de-estudantes-do-curso-de-ciencias-biologicas-sao-premiadas-em-evento-realizado-no-sertao-paraibano\/","title":{"rendered":"Pesquisas de estudantes do curso de Ci\u00eancias Biol\u00f3gicas s\u00e3o premiadas em evento realizado no sert\u00e3o paraibano"},"content":{"rendered":"<p>Com pesquisas voltadas ao estudo da Ecologia e Biologia Geral, \u00e1reas nas quais o curso possui \u00eanfase, os graduandos do bacharelado em Ci\u00eancias Biol\u00f3gicas do Campus V da universidade Estadual da Para\u00edba (UEPB), comprovam a maturidade alcan\u00e7ada ao longo dos anos de estudos, atrav\u00e9s da aprova\u00e7\u00e3o em sele\u00e7\u00f5es de p\u00f3s-gradua\u00e7\u00e3o, publica\u00e7\u00f5es em peri\u00f3dicos conceituados e premia\u00e7\u00f5es em eventos de destaque regional, nacional e internacional. Os estudantes Ign\u00e1cio Evaristo, Anna Gabrielly Duarte e Raissa de F\u00e1tima da Costa s\u00e3o exemplos dessa realidade. Todos\u00a0receberam men\u00e7\u00f5es honrosas pelas pesquisas apresentadas durante o Encontro de Ci\u00eancias Biol\u00f3gicas do Sert\u00e3o Paraibano, realizado de 12 a 14 de maio, em Patos, Para\u00edba.<\/p>\n<p>O trabalho das estudantes Anna Gabrielly Duarte e Raissa de F\u00e1tima da Costa, que contou com a orienta\u00e7\u00e3o da professora Br\u00edgida Thais Lucena, intitulado \u201cIdentifica\u00e7\u00e3o de bact\u00e9rias ed\u00e1ficas em uma \u00c1rea de conserva\u00e7\u00e3o do Semi\u00e1rido paraibano\u201d, foi escolhido entre as pesquisas da \u00e1rea de \u201cCi\u00eancias do solo\u201d. O objetivo desse estudo \u00e9 identificar os principais grupos bacterianos presentes no solo da Reserva Particular do Patrim\u00f4nio Natural (RPPN), no semi\u00e1rido paraibano, a partir do sequenciamento parcial do gene ribossomal 16S.<\/p>\n<p>\u201cO entendimento da ecologia de microrganismos pode ser um importante contribuinte ao manejo e conserva\u00e7\u00e3o do solo, pois a riqueza e diversidade gen\u00e9tica e metab\u00f3lica desses microrganismos influenciam principalmente a resposta a perturba\u00e7\u00f5es ambientais, pelas altera\u00e7\u00f5es bi\u00f3ticas e abi\u00f3ticas no solo refletirem diretamente sobre a estrutura e composi\u00e7\u00e3o das comunidades biol\u00f3gicas.\u00a0Diante disto, o presente trabalho contribuir\u00e1 para a\u00e7\u00f5es futuras direcionadas \u00e0 preserva\u00e7\u00e3o e ao uso sustent\u00e1vel do semi\u00e1rido brasileiro\u201d, avaliam as autoras.<\/p>\n<p>E a pesquisa de Ign\u00e1cio Evaristo, que foi produzida em parceria com as professoras Enelise Amado e Tacyana de Oliveira, \u201cA influ\u00eancia da mar\u00e9 na atividade da enzima anidrase carb\u00f4nica na hemolinfa de <em>Crassostrea brasiliensis<\/em> em ambiente natural\u201d, recebendo men\u00e7\u00e3o honrosa na categoria \u201cBiologia animal\u201d, aborda a interfer\u00eancia da varia\u00e7\u00e3o da mar\u00e9 no funcionamento fisiol\u00f3gico das ostras em ecossistemas costeiros como a praia do Cabo Branco.<\/p>\n<p>O estudante atribui o esfor\u00e7o pessoal e apoio das orientadoras para a conquista de resultados expressivos relacionados ao estudo desenvolvido. \u201cDesenvolver pesquisa requer muita dedica\u00e7\u00e3o e perseveran\u00e7a, pois pesquisa n\u00e3o se faz de qualquer forma, \u00e9 preciso de muita responsabilidade. Agrade\u00e7o principalmente \u00e0 minha orientadora, professora Enelise Amado, por me apoiar nesse projeto pioneiro na \u00e1rea de fisiologia animal. O pr\u00eamio serviu como um estimulante para dar continuidade ao trabalho. Acredito que esse trabalho ainda render\u00e1 bons frutos\u201d, avaliou Ign\u00e1cio.<\/p>\n<p>Com \u00eanfase em Ecologia e Biologia Geral, o bacharelado em Ci\u00eancias Biol\u00f3gicas do Campus V da UEPB busca formar profissionais preparados para conhecer a diversidade biol\u00f3gica para a constru\u00e7\u00e3o de uma vis\u00e3o ampla dos diversos aspectos dos problemas ambientais e suas implica\u00e7\u00f5es sociais. O corpo docente do curso \u00e9 formado por mais de 90% de doutores que al\u00e9m de atuar no ensino, desenvolvem projetos de extens\u00e3o e atividades de pesquisa que possibilitam a aprova\u00e7\u00e3o em editais de financiamento, permitindo o incremento dos laborat\u00f3rios com a aquisi\u00e7\u00e3o de equipamentos que auxiliam na forma\u00e7\u00e3oa. A estrutura atual do curso conta com 9 laborat\u00f3rios: did\u00e1tico, de Anatomia, Ictiologia, Sistem\u00e1tica e Conserva\u00e7\u00e3o de Collembola, S\u00edntese e Vetoriza\u00e7\u00e3o de Mol\u00e9culas, Ecologia, Bot\u00e2nica, Multidisciplinar e Laborat\u00f3rio de Estudos Sociol\u00f3gicos (LABES).<\/p>\n","protected":false},"excerpt":{"rendered":"<p>Com pesquisas voltadas ao estudo da Ecologia e Biologia Geral, \u00e1reas nas quais o curso possui \u00eanfase, os graduandos do bacharelado em Ci\u00eancias Biol\u00f3gicas do Campus V da universidade Estadual da Para\u00edba (UEPB), comprovam a maturidade alcan\u00e7ada ao longo dos anos de estudos, atrav\u00e9s da aprova\u00e7\u00e3o em sele\u00e7\u00f5es de p\u00f3s-gradua\u00e7\u00e3o, publica\u00e7\u00f5es em peri\u00f3dicos conceituados e <a class=\"leiamais\" href=\"https:\/\/centros.uepb.edu.br\/ccbsa\/pesquisas-de-estudantes-do-curso-de-ciencias-biologicas-sao-premiadas-em-evento-realizado-no-sertao-paraibano\/\">Leia Mais&#8230;<\/a><\/p>\n","protected":false},"author":8,"featured_media":3012,"comment_status":"closed","ping_status":"closed","sticky":false,"template":"","format":"standard","meta":{"footnotes":""},"categories":[3,11],"tags":[],"class_list":["post-3011","post","type-post","status-publish","format-standard","has-post-thumbnail","hentry","category-noticias","category-noticias-destaque-img"],"jetpack_featured_media_url":"https:\/\/centros.uepb.edu.br\/ccbsa\/files\/2016\/05\/13164403_815086378624523_6091614068643773275_n.jpg","_links":{"self":[{"href":"https:\/\/centros.uepb.edu.br\/ccbsa\/wp-json\/wp\/v2\/posts\/3011","targetHints":{"allow":["GET"]}}],"collection":[{"href":"https:\/\/centros.uepb.edu.br\/ccbsa\/wp-json\/wp\/v2\/posts"}],"about":[{"href":"https:\/\/centros.uepb.edu.br\/ccbsa\/wp-json\/wp\/v2\/types\/post"}],"author":[{"embeddable":true,"href":"https:\/\/centros.uepb.edu.br\/ccbsa\/wp-json\/wp\/v2\/users\/8"}],"replies":[{"embeddable":true,"href":"https:\/\/centros.uepb.edu.br\/ccbsa\/wp-json\/wp\/v2\/comments?post=3011"}],"version-history":[{"count":0,"href":"https:\/\/centros.uepb.edu.br\/ccbsa\/wp-json\/wp\/v2\/posts\/3011\/revisions"}],"wp:featuredmedia":[{"embeddable":true,"href":"https:\/\/centros.uepb.edu.br\/ccbsa\/wp-json\/wp\/v2\/media\/3012"}],"wp:attachment":[{"href":"https:\/\/centros.uepb.edu.br\/ccbsa\/wp-json\/wp\/v2\/media?parent=3011"}],"wp:term":[{"taxonomy":"category","embeddable":true,"href":"https:\/\/centros.uepb.edu.br\/ccbsa\/wp-json\/wp\/v2\/categories?post=3011"},{"taxonomy":"post_tag","embeddable":true,"href":"https:\/\/centros.uepb.edu.br\/ccbsa\/wp-json\/wp\/v2\/tags?post=3011"}],"curies":[{"name":"wp","href":"https:\/\/api.w.org\/{rel}","templated":true}]}}