{"id":3007,"date":"2016-05-19T14:59:04","date_gmt":"2016-05-19T14:59:04","guid":{"rendered":"https:\/\/centros.uepb.edu.br\/ccbsa\/?p=3007"},"modified":"2016-05-19T15:07:24","modified_gmt":"2016-05-19T15:07:24","slug":"nucleo-de-linguas-do-campus-v-divulga-datas-de-matriculas-para-novatos-e-veteranos-3","status":"publish","type":"post","link":"https:\/\/centros.uepb.edu.br\/ccbsa\/nucleo-de-linguas-do-campus-v-divulga-datas-de-matriculas-para-novatos-e-veteranos-3\/","title":{"rendered":"N\u00facleo de l\u00ednguas do Campus V divulga datas de matr\u00edculas para novatos e veteranos"},"content":{"rendered":"<p>O N\u00facleo de L\u00ednguas do Campus V da Universidade Estadual da Para\u00edba, em Jo\u00e3o Pessoa, realiza, de 27 a 30\u00a0de junho, a matr\u00edcula de novatos e veteranos para os cursos de idiomas ofertados no local.<\/p>\n<p>Os estudantes da UEPB e veteranos\u00a0podem realizar as matr\u00edculas nos dias 27\u00a0e 28\u00a0de junho, das 8 \u00e0s 12h.\u00a0E as matr\u00edculas de novatos, voltados \u00e0 comunidade em geral, ocorrem nos dias 29 e\u00a030 de junho, das 8 \u00e0s 12h.<\/p>\n<p>Ap\u00f3s o per\u00edodo de matr\u00edculas, no dia 1\u00ba de julho, das 9 \u00e0s 11h, ser\u00e1 realizada uma prova de nivelamento para os estudantes que j\u00e1 tenham algum conhecimento no idioma do curso, para que saibam em que est\u00e1gio da forma\u00e7\u00e3o ir\u00e3o se enquadrar. Para efetivar a matr\u00edcula \u00e9 necess\u00e1rio apresentar\u00a0duas fotos 3\u00d74 e\u00a0comprovante de escolaridade.<\/p>\n<p>O N\u00facleo de L\u00ednguas do Campus V conta com cursos de\u00a0 l\u00edngua portuguesa, inglesa, francesa e espanhola oferecidos nos tr\u00eas turnos, de segunda \u00e0 sexta feira. As matr\u00edculas s\u00e3o realizadas na secretaria do setor que funciona \u00e0 Rua Hor\u00e1cio Trajano de Oliveira, s\/n, Cristo, Jo\u00e3o Pessoa.<\/p>\n<p>Outras informa\u00e7\u00f5es: (83) 3223- 1128 (ramal:214) \/ cl.uepb@gmail.com\/ <a href=\"http:\/\/facebook.com\/nlinguasv\">facebook.com\/nlinguasv<\/a><\/p>\n","protected":false},"excerpt":{"rendered":"<p>O N\u00facleo de L\u00ednguas do Campus V da Universidade Estadual da Para\u00edba, em Jo\u00e3o Pessoa, realiza, de 27 a 30\u00a0de junho, a matr\u00edcula de novatos e veteranos para os cursos de idiomas ofertados no local. Os estudantes da UEPB e veteranos\u00a0podem realizar as matr\u00edculas nos dias 27\u00a0e 28\u00a0de junho, das 8 \u00e0s 12h.\u00a0E as matr\u00edculas <a class=\"leiamais\" href=\"https:\/\/centros.uepb.edu.br\/ccbsa\/nucleo-de-linguas-do-campus-v-divulga-datas-de-matriculas-para-novatos-e-veteranos-3\/\">Leia Mais&#8230;<\/a><\/p>\n","protected":false},"author":8,"featured_media":3008,"comment_status":"closed","ping_status":"closed","sticky":false,"template":"","format":"standard","meta":{"footnotes":""},"categories":[3,11],"tags":[],"class_list":["post-3007","post","type-post","status-publish","format-standard","has-post-thumbnail","hentry","category-noticias","category-noticias-destaque-img"],"jetpack_featured_media_url":"https:\/\/centros.uepb.edu.br\/ccbsa\/files\/2016\/05\/NL.jpg","_links":{"self":[{"href":"https:\/\/centros.uepb.edu.br\/ccbsa\/wp-json\/wp\/v2\/posts\/3007","targetHints":{"allow":["GET"]}}],"collection":[{"href":"https:\/\/centros.uepb.edu.br\/ccbsa\/wp-json\/wp\/v2\/posts"}],"about":[{"href":"https:\/\/centros.uepb.edu.br\/ccbsa\/wp-json\/wp\/v2\/types\/post"}],"author":[{"embeddable":true,"href":"https:\/\/centros.uepb.edu.br\/ccbsa\/wp-json\/wp\/v2\/users\/8"}],"replies":[{"embeddable":true,"href":"https:\/\/centros.uepb.edu.br\/ccbsa\/wp-json\/wp\/v2\/comments?post=3007"}],"version-history":[{"count":0,"href":"https:\/\/centros.uepb.edu.br\/ccbsa\/wp-json\/wp\/v2\/posts\/3007\/revisions"}],"wp:featuredmedia":[{"embeddable":true,"href":"https:\/\/centros.uepb.edu.br\/ccbsa\/wp-json\/wp\/v2\/media\/3008"}],"wp:attachment":[{"href":"https:\/\/centros.uepb.edu.br\/ccbsa\/wp-json\/wp\/v2\/media?parent=3007"}],"wp:term":[{"taxonomy":"category","embeddable":true,"href":"https:\/\/centros.uepb.edu.br\/ccbsa\/wp-json\/wp\/v2\/categories?post=3007"},{"taxonomy":"post_tag","embeddable":true,"href":"https:\/\/centros.uepb.edu.br\/ccbsa\/wp-json\/wp\/v2\/tags?post=3007"}],"curies":[{"name":"wp","href":"https:\/\/api.w.org\/{rel}","templated":true}]}}