{"id":2989,"date":"2016-05-17T15:01:32","date_gmt":"2016-05-17T15:01:32","guid":{"rendered":"https:\/\/centros.uepb.edu.br\/ccbsa\/?p=2989"},"modified":"2016-05-17T15:09:14","modified_gmt":"2016-05-17T15:09:14","slug":"grupo-de-estudos-do-campus-v-realiza-evento-que-discute-as-disputas-territoriais-e-maritimas-na-regiao-asiatica","status":"publish","type":"post","link":"https:\/\/centros.uepb.edu.br\/ccbsa\/grupo-de-estudos-do-campus-v-realiza-evento-que-discute-as-disputas-territoriais-e-maritimas-na-regiao-asiatica\/","title":{"rendered":"Grupo de estudos do Campus V realiza evento que discute as disputas territoriais e mar\u00edtimas na regi\u00e3o asi\u00e1tica"},"content":{"rendered":"<p><a href=\"https:\/\/centros.uepb.edu.br\/ccbsa\/files\/2016\/05\/DSCF0329.jpg\"><img loading=\"lazy\" decoding=\"async\" class=\"aligncenter size-full wp-image-2990 img-responsive\" src=\"https:\/\/centros.uepb.edu.br\/ccbsa\/files\/2016\/05\/DSCF0329.jpg\" alt=\"\" width=\"840\" height=\"454\" srcset=\"https:\/\/centros.uepb.edu.br\/ccbsa\/files\/2016\/05\/DSCF0329.jpg 840w, https:\/\/centros.uepb.edu.br\/ccbsa\/files\/2016\/05\/DSCF0329-300x162.jpg 300w, https:\/\/centros.uepb.edu.br\/ccbsa\/files\/2016\/05\/DSCF0329-768x415.jpg 768w, https:\/\/centros.uepb.edu.br\/ccbsa\/files\/2016\/05\/DSCF0329-370x200.jpg 370w\" sizes=\"auto, (max-width: 840px) 100vw, 840px\" \/><\/a><\/p>\n<p>Uma das rotas comerciais mais importantes do mundo, rica em reservas de g\u00e1s natural, potencial tur\u00edstico e pesca comercial, a regi\u00e3o asi\u00e1tica \u00e9 fruto de disputas que colocam o local sob tens\u00e3o constante e repercutem internacionalmente, gerando estudos e pesquisas que buscam entender como ocorrem as rela\u00e7\u00f5es entre os pa\u00edses localizados nessa regi\u00e3o e quais as repercuss\u00f5es no cen\u00e1rio pol\u00edtico e econ\u00f4mico internacional. Diante dessa tem\u00e1tica, o Grupo de Estudos e Pesquisa em \u00c1sia-Pac\u00edfico (GEPAP) do Campus V da Universidade Estadual da Para\u00edba (UEPB), promoveu, na manh\u00e3 desta ter\u00e7a-feira (17), o \u201cSemin\u00e1rio de seguran\u00e7a internacional: disputas territoriais e mar\u00edtimas na regi\u00e3o asi\u00e1tica\u201d.<\/p>\n<p>De acordo com o coordenador do GEPAP, professor Alexandre C\u00e9sar Cunha Leite, desde a cria\u00e7\u00e3o do grupo de estudos, em 2012, uma das tem\u00e1ticas abordadas est\u00e1 relacionada \u00e0 seguran\u00e7a na regi\u00e3o Asi\u00e1tica. \u201cCom o crescimento da China, o Jap\u00e3o voltando a se militarizar, \u00cdndia e R\u00fassia tamb\u00e9m inseridas nesse contexto, todo um complexo de pa\u00edses que n\u00e3o tem um relacionamento muito tranquilo, a quest\u00e3o da seguran\u00e7a ganhou destaque nos \u00faltimos anos nessa regi\u00e3o. E a partir dessa conjuntura come\u00e7amos a sentir a necessidade de discutir esse tema com a presen\u00e7a de pesquisadores de outras institui\u00e7\u00f5es como forma de ampliar os horizontes dos estudantes e prestigiar os trabalhos que j\u00e1 vem sendo feitos na UEPB com essa tem\u00e1tica\u201d, explicou o docente.<\/p>\n<p>O coordenador do curso de Rela\u00e7\u00f5es Internacionais da Universidade Federal da Para\u00edba, doutor em Ci\u00eancia Pol\u00edtica pela Universidade Federal de Pernambuco e l\u00edder do Grupo de Pesquisa em Estudos Estrat\u00e9gicos e Seguran\u00e7a Internacional, Augusto Wagner Menezes Teixeira J\u00fanior, abordou a perspectiva geopol\u00edtica e geoestrat\u00e9gica do sul da China e a crise relacionada \u00e0 disputa pelo mar.<\/p>\n<p>\u201cDentro de um processo de expans\u00e3o chinesa para os mares e encontrando oposi\u00e7\u00e3o dos Estados Unidos, que \u00e9 uma pot\u00eancia naval capacitada para fazer um processo de comando do mar dentro daquela regi\u00e3o, observamos um constrangimento \u00e0 expans\u00e3o chinesa, n\u00e3o apenas em rela\u00e7\u00e3o aos pa\u00edses da regi\u00e3o que det\u00eam \u00e1guas territoriais naquela \u00e1rea mas, uma indisposi\u00e7\u00e3o relacionada \u00e0 estrutura de polaridade do sistema, tendo os Estados unidos como ator maior\u201d, avalia o professor Augusto Wagner.<\/p>\n<p>Para o pesquisador do Instituto de Estudos Estrat\u00e9gicos da Universidade Federal Fluminense (INEST), membro da Associa\u00e7\u00e3o Brasileira de Estudos de Defesa e doutor em Ci\u00eancia Pol\u00edtica pela Universidade Federal Fluminense, Ant\u00f4nio Henrique Lucena Silva, a discuss\u00e3o ressalta o contexto de um pa\u00eds que teve forte ascens\u00e3o e segue num novo processo de autoafirma\u00e7\u00e3o como pot\u00eancia a partir de investimentos no setor militar, buscando liderar toda a regi\u00e3o da \u00c1sia-pac\u00edfico, evitando, inclusive, a interfer\u00eancia de pot\u00eancias externas.<\/p>\n<p>\u201cEu j\u00e1 vinha trabalhando com a China, estudando a ind\u00fastria de defesa chinesa de uma forma geral e por isso resolvi abordar algumas caracter\u00edsticas do processo de ascens\u00e3o chin\u00eas, a influ\u00eancia disso na disputa territorial da china, o contexto em torno das ilhas Spratly, Paracelso, e como essa postura chinesa tem sido percebida por seus vizinhos\u201d, esclareceu o professor Ant\u00f4nio Henrique.<\/p>\n<p>A mestranda em Rela\u00e7\u00f5es Internacionais da UEPB, Renally K\u00e9ssia Paiva Nascimento, que desenvolve a pesquisa \u201cUma nova pe\u00e7a estrat\u00e9gia? O impacto das ilhas artificiais nas disputas territoriais do sudeste do mar da China\u201d, desde o per\u00edodo da gradua\u00e7\u00e3o estuda o Sudeste da China e, entre 2014 e 2015, com a not\u00edcia de que a China estava construindo ilhas artificiais converteu os estudos para essa vertente, apresentou durante o evento uma discuss\u00e3o relacionada \u00e0s disputas territoriais, o papel da China no cen\u00e1rio pol\u00edtico e o que s\u00e3o ilhas artificiais.<\/p>\n","protected":false},"excerpt":{"rendered":"<p>Uma das rotas comerciais mais importantes do mundo, rica em reservas de g\u00e1s natural, potencial tur\u00edstico e pesca comercial, a regi\u00e3o asi\u00e1tica \u00e9 fruto de disputas que colocam o local sob tens\u00e3o constante e repercutem internacionalmente, gerando estudos e pesquisas que buscam entender como ocorrem as rela\u00e7\u00f5es entre os pa\u00edses localizados nessa regi\u00e3o e quais <a class=\"leiamais\" href=\"https:\/\/centros.uepb.edu.br\/ccbsa\/grupo-de-estudos-do-campus-v-realiza-evento-que-discute-as-disputas-territoriais-e-maritimas-na-regiao-asiatica\/\">Leia Mais&#8230;<\/a><\/p>\n","protected":false},"author":8,"featured_media":2990,"comment_status":"closed","ping_status":"closed","sticky":false,"template":"","format":"standard","meta":{"footnotes":""},"categories":[3,11],"tags":[],"class_list":["post-2989","post","type-post","status-publish","format-standard","has-post-thumbnail","hentry","category-noticias","category-noticias-destaque-img"],"jetpack_featured_media_url":"https:\/\/centros.uepb.edu.br\/ccbsa\/files\/2016\/05\/DSCF0329.jpg","_links":{"self":[{"href":"https:\/\/centros.uepb.edu.br\/ccbsa\/wp-json\/wp\/v2\/posts\/2989","targetHints":{"allow":["GET"]}}],"collection":[{"href":"https:\/\/centros.uepb.edu.br\/ccbsa\/wp-json\/wp\/v2\/posts"}],"about":[{"href":"https:\/\/centros.uepb.edu.br\/ccbsa\/wp-json\/wp\/v2\/types\/post"}],"author":[{"embeddable":true,"href":"https:\/\/centros.uepb.edu.br\/ccbsa\/wp-json\/wp\/v2\/users\/8"}],"replies":[{"embeddable":true,"href":"https:\/\/centros.uepb.edu.br\/ccbsa\/wp-json\/wp\/v2\/comments?post=2989"}],"version-history":[{"count":0,"href":"https:\/\/centros.uepb.edu.br\/ccbsa\/wp-json\/wp\/v2\/posts\/2989\/revisions"}],"wp:featuredmedia":[{"embeddable":true,"href":"https:\/\/centros.uepb.edu.br\/ccbsa\/wp-json\/wp\/v2\/media\/2990"}],"wp:attachment":[{"href":"https:\/\/centros.uepb.edu.br\/ccbsa\/wp-json\/wp\/v2\/media?parent=2989"}],"wp:term":[{"taxonomy":"category","embeddable":true,"href":"https:\/\/centros.uepb.edu.br\/ccbsa\/wp-json\/wp\/v2\/categories?post=2989"},{"taxonomy":"post_tag","embeddable":true,"href":"https:\/\/centros.uepb.edu.br\/ccbsa\/wp-json\/wp\/v2\/tags?post=2989"}],"curies":[{"name":"wp","href":"https:\/\/api.w.org\/{rel}","templated":true}]}}