{"id":2978,"date":"2016-05-13T11:29:22","date_gmt":"2016-05-13T11:29:22","guid":{"rendered":"https:\/\/centros.uepb.edu.br\/ccbsa\/?p=2978"},"modified":"2016-05-13T11:32:35","modified_gmt":"2016-05-13T11:32:35","slug":"experiencias-e-responsabilidades-de-comissao-de-avaliacao-de-documentos-sao-discutidas-durante-evento-do-curso-de-arquivologia","status":"publish","type":"post","link":"https:\/\/centros.uepb.edu.br\/ccbsa\/experiencias-e-responsabilidades-de-comissao-de-avaliacao-de-documentos-sao-discutidas-durante-evento-do-curso-de-arquivologia\/","title":{"rendered":"Experi\u00eancias e responsabilidades de comiss\u00e3o de avalia\u00e7\u00e3o de documentos s\u00e3o discutidas durante evento de Arquivologia"},"content":{"rendered":"<p>&nbsp;<\/p>\n<p><a href=\"https:\/\/centros.uepb.edu.br\/ccbsa\/files\/2016\/05\/DSC03819.jpg\"><img loading=\"lazy\" decoding=\"async\" class=\"aligncenter size-full wp-image-2981 img-responsive\" src=\"https:\/\/centros.uepb.edu.br\/ccbsa\/files\/2016\/05\/DSC03819.jpg\" alt=\"\" width=\"840\" height=\"454\" srcset=\"https:\/\/centros.uepb.edu.br\/ccbsa\/files\/2016\/05\/DSC03819.jpg 840w, https:\/\/centros.uepb.edu.br\/ccbsa\/files\/2016\/05\/DSC03819-300x162.jpg 300w, https:\/\/centros.uepb.edu.br\/ccbsa\/files\/2016\/05\/DSC03819-768x415.jpg 768w, https:\/\/centros.uepb.edu.br\/ccbsa\/files\/2016\/05\/DSC03819-370x200.jpg 370w\" sizes=\"auto, (max-width: 840px) 100vw, 840px\" \/><\/a><\/p>\n<p>Respons\u00e1vel pela an\u00e1lise e sele\u00e7\u00e3o de documentos, indicando com precis\u00e3o o prazo de guarda e os valores a serem atribu\u00eddos, a comiss\u00e3o de avalia\u00e7\u00e3o \u00e9 um dos \u00f3rg\u00e3os primordiais \u00e0 pol\u00edtica de gest\u00e3o da informa\u00e7\u00e3o nas institui\u00e7\u00f5es. Diante dessa import\u00e2ncia, o componente curricular \u201cAvalia\u00e7\u00e3o e sele\u00e7\u00e3o de documentos\u201d, do 4\u00ba per\u00edodo do curso de Arquivologia da Universidade Estadual da Para\u00edba realizou, na noite desta quinta-feira (5), no audit\u00f3rio Pioneiros, uma palestra com o t\u00e9cnico judici\u00e1rio do Tribunal Regional do Trabalho e secret\u00e1rio da Comiss\u00e3o Permanente de Avalia\u00e7\u00e3o de Documentos (CPAD) do TRT 13\u00aa Regi\u00e3o, Raimundo Normando Madeiro Monteiro.<\/p>\n<p>Na oportunidade, o palestrante abordou a import\u00e2ncia da cria\u00e7\u00e3o da CPAD \u201cpara ser desenvolvido um trabalho eficiente de gest\u00e3o da massa documental, atendendo, inclusive, a uma determina\u00e7\u00e3o do Conselho Nacional de Arquivos. Raimundo Nromando apresentou a realidade do TRT, o tratamento dado ao dado aos autos findos e documentos administrativos, o processo de cria\u00e7\u00e3o da CPAD, a composi\u00e7\u00e3o da comiss\u00e3o, a cria\u00e7\u00e3o da tabela de temporalidade e elabora\u00e7\u00e3o do plano de classifica\u00e7\u00e3o.<\/p>\n<p>De acordo com a professora Esmeralda o convite ao palestrante do TRT partiu de uma necessidade de discuss\u00e3o sobre um tema relevante relacionado \u00e0 avalia\u00e7\u00e3o e sele\u00e7\u00e3o de documentos a partir de uma institui\u00e7\u00e3o com uma experi\u00eancia de CPAD j\u00e1 formalizada e com resultados expressivos a serem apresentados.<\/p>\n<p>Participaram do evento, discentes e docentes do curso de Arquivologia, al\u00e9m de profissionais da \u00e1rea.<\/p>\n","protected":false},"excerpt":{"rendered":"<p>&nbsp; Respons\u00e1vel pela an\u00e1lise e sele\u00e7\u00e3o de documentos, indicando com precis\u00e3o o prazo de guarda e os valores a serem atribu\u00eddos, a comiss\u00e3o de avalia\u00e7\u00e3o \u00e9 um dos \u00f3rg\u00e3os primordiais \u00e0 pol\u00edtica de gest\u00e3o da informa\u00e7\u00e3o nas institui\u00e7\u00f5es. Diante dessa import\u00e2ncia, o componente curricular \u201cAvalia\u00e7\u00e3o e sele\u00e7\u00e3o de documentos\u201d, do 4\u00ba per\u00edodo do curso de <a class=\"leiamais\" href=\"https:\/\/centros.uepb.edu.br\/ccbsa\/experiencias-e-responsabilidades-de-comissao-de-avaliacao-de-documentos-sao-discutidas-durante-evento-do-curso-de-arquivologia\/\">Leia Mais&#8230;<\/a><\/p>\n","protected":false},"author":8,"featured_media":2981,"comment_status":"closed","ping_status":"closed","sticky":false,"template":"","format":"standard","meta":{"footnotes":""},"categories":[3,11],"tags":[],"class_list":["post-2978","post","type-post","status-publish","format-standard","has-post-thumbnail","hentry","category-noticias","category-noticias-destaque-img"],"jetpack_featured_media_url":"https:\/\/centros.uepb.edu.br\/ccbsa\/files\/2016\/05\/DSC03819.jpg","_links":{"self":[{"href":"https:\/\/centros.uepb.edu.br\/ccbsa\/wp-json\/wp\/v2\/posts\/2978","targetHints":{"allow":["GET"]}}],"collection":[{"href":"https:\/\/centros.uepb.edu.br\/ccbsa\/wp-json\/wp\/v2\/posts"}],"about":[{"href":"https:\/\/centros.uepb.edu.br\/ccbsa\/wp-json\/wp\/v2\/types\/post"}],"author":[{"embeddable":true,"href":"https:\/\/centros.uepb.edu.br\/ccbsa\/wp-json\/wp\/v2\/users\/8"}],"replies":[{"embeddable":true,"href":"https:\/\/centros.uepb.edu.br\/ccbsa\/wp-json\/wp\/v2\/comments?post=2978"}],"version-history":[{"count":0,"href":"https:\/\/centros.uepb.edu.br\/ccbsa\/wp-json\/wp\/v2\/posts\/2978\/revisions"}],"wp:featuredmedia":[{"embeddable":true,"href":"https:\/\/centros.uepb.edu.br\/ccbsa\/wp-json\/wp\/v2\/media\/2981"}],"wp:attachment":[{"href":"https:\/\/centros.uepb.edu.br\/ccbsa\/wp-json\/wp\/v2\/media?parent=2978"}],"wp:term":[{"taxonomy":"category","embeddable":true,"href":"https:\/\/centros.uepb.edu.br\/ccbsa\/wp-json\/wp\/v2\/categories?post=2978"},{"taxonomy":"post_tag","embeddable":true,"href":"https:\/\/centros.uepb.edu.br\/ccbsa\/wp-json\/wp\/v2\/tags?post=2978"}],"curies":[{"name":"wp","href":"https:\/\/api.w.org\/{rel}","templated":true}]}}