{"id":297,"date":"2013-06-21T13:57:48","date_gmt":"2013-06-21T13:57:48","guid":{"rendered":"\/ccbsa\/?p=297"},"modified":"2013-06-21T14:50:10","modified_gmt":"2013-06-21T14:50:10","slug":"campus-v-tera-expediente-de-funcionamento-alterado-em-virtude-dos-festejos-juninos","status":"publish","type":"post","link":"https:\/\/centros.uepb.edu.br\/ccbsa\/campus-v-tera-expediente-de-funcionamento-alterado-em-virtude-dos-festejos-juninos\/","title":{"rendered":"Campus V ter\u00e1 expediente alterado em virtude dos festejos juninos"},"content":{"rendered":"<p>Em decorr\u00eancia dos festejos juninos, que marcam o estado neste per\u00edodo, o Campus V da Universidade Estadual da Para\u00edba ficar\u00e1 com as atividades acad\u00eamicas e administrativas suspensas a partir das 13h desta sexta-feira at\u00e9 a segunda-feira (24).<\/p>\n<p>Todos os setores do Campus V voltam a funcionar normalmente na ter\u00e7a-feira.<\/p>\n","protected":false},"excerpt":{"rendered":"<p>Em decorr\u00eancia dos festejos juninos, que marcam o estado neste per\u00edodo, o Campus V da Universidade Estadual da Para\u00edba ficar\u00e1 com as atividades acad\u00eamicas e administrativas suspensas a partir das 13h desta sexta-feira at\u00e9 a segunda-feira (24). Todos os setores do Campus V voltam a funcionar normalmente na ter\u00e7a-feira.<\/p>\n","protected":false},"author":8,"featured_media":0,"comment_status":"open","ping_status":"open","sticky":false,"template":"","format":"standard","meta":{"footnotes":""},"categories":[3,5],"tags":[],"class_list":["post-297","post","type-post","status-publish","format-standard","hentry","category-noticias","category-visiveis"],"jetpack_featured_media_url":"","_links":{"self":[{"href":"https:\/\/centros.uepb.edu.br\/ccbsa\/wp-json\/wp\/v2\/posts\/297","targetHints":{"allow":["GET"]}}],"collection":[{"href":"https:\/\/centros.uepb.edu.br\/ccbsa\/wp-json\/wp\/v2\/posts"}],"about":[{"href":"https:\/\/centros.uepb.edu.br\/ccbsa\/wp-json\/wp\/v2\/types\/post"}],"author":[{"embeddable":true,"href":"https:\/\/centros.uepb.edu.br\/ccbsa\/wp-json\/wp\/v2\/users\/8"}],"replies":[{"embeddable":true,"href":"https:\/\/centros.uepb.edu.br\/ccbsa\/wp-json\/wp\/v2\/comments?post=297"}],"version-history":[{"count":0,"href":"https:\/\/centros.uepb.edu.br\/ccbsa\/wp-json\/wp\/v2\/posts\/297\/revisions"}],"wp:attachment":[{"href":"https:\/\/centros.uepb.edu.br\/ccbsa\/wp-json\/wp\/v2\/media?parent=297"}],"wp:term":[{"taxonomy":"category","embeddable":true,"href":"https:\/\/centros.uepb.edu.br\/ccbsa\/wp-json\/wp\/v2\/categories?post=297"},{"taxonomy":"post_tag","embeddable":true,"href":"https:\/\/centros.uepb.edu.br\/ccbsa\/wp-json\/wp\/v2\/tags?post=297"}],"curies":[{"name":"wp","href":"https:\/\/api.w.org\/{rel}","templated":true}]}}