{"id":2969,"date":"2016-05-12T15:47:03","date_gmt":"2016-05-12T15:47:03","guid":{"rendered":"https:\/\/centros.uepb.edu.br\/ccbsa\/?p=2969"},"modified":"2016-05-12T21:46:00","modified_gmt":"2016-05-12T21:46:00","slug":"estudantes-de-arquivologia-participam-de-discussoes-relacionadas-a-gestao-de-servicos-arquivisticos","status":"publish","type":"post","link":"https:\/\/centros.uepb.edu.br\/ccbsa\/estudantes-de-arquivologia-participam-de-discussoes-relacionadas-a-gestao-de-servicos-arquivisticos\/","title":{"rendered":"Estudantes de Arquivologia participam de discuss\u00f5es relacionadas \u00e0 gest\u00e3o de servi\u00e7os arquiv\u00edsticos"},"content":{"rendered":"<p align=\"justify\"><a href=\"https:\/\/centros.uepb.edu.br\/ccbsa\/files\/2016\/05\/DSC03734-1.jpg\"><img loading=\"lazy\" decoding=\"async\" class=\"aligncenter size-full wp-image-2976 img-responsive\" src=\"https:\/\/centros.uepb.edu.br\/ccbsa\/files\/2016\/05\/DSC03734-1.jpg\" alt=\"\" width=\"840\" height=\"454\" srcset=\"https:\/\/centros.uepb.edu.br\/ccbsa\/files\/2016\/05\/DSC03734-1.jpg 840w, https:\/\/centros.uepb.edu.br\/ccbsa\/files\/2016\/05\/DSC03734-1-300x162.jpg 300w, https:\/\/centros.uepb.edu.br\/ccbsa\/files\/2016\/05\/DSC03734-1-768x415.jpg 768w, https:\/\/centros.uepb.edu.br\/ccbsa\/files\/2016\/05\/DSC03734-1-370x200.jpg 370w\" sizes=\"auto, (max-width: 840px) 100vw, 840px\" \/><\/a><\/p>\n<p align=\"justify\"><span style=\"color: #444444\"><span style=\"font-family: Calibri, sans-serif\"><span style=\"font-size: small\">Estudantes do curso de Arquivologia da Universidade Estadual da Para\u00edba participaram, na manh\u00e3 desta quinta-feira (12), da palestra \u201cA teia dos servi\u00e7os arquiv\u00edsticos\u201d, promovida pelo componente curricular do 6\u00ba per\u00edodo de Arquivologia da Universidade Estadual da Para\u00edba \u201cGest\u00e3o de servi\u00e7os arquiv\u00edsticos\u201d, proferida pelas arquivistas Regia Sueli F\u00e9lix, Anna Carla Queiroz e Irany Rodrigues Barbosa.<\/span><\/span><\/span><\/p>\n<p align=\"justify\"><span style=\"color: #444444\"><span style=\"font-family: Calibri, sans-serif\"><span style=\"font-size: small\">Na oportunidade, a arquivista e vice-presidente da Associa\u00e7\u00e3o dos Arquivistas da Para\u00edba (AAPB), professora Anna Carla Queiroz, abordou a import\u00e2ncia da associa\u00e7\u00e3o para contribuir para o fortalecimento da profiss\u00e3o, divulgando o papel do arquivista na sociedade. A egressa do curso de Arquivologia e arquivista do Senai, Regia Sueli F\u00e9lix, abordou as possibilidades de atua\u00e7\u00e3o do arquivista por meio da \u201cConsultoria em arquivos\u201d. De acordo com R\u00e9gia as pessoas que querem ingressar na carreira de consultor devem ir al\u00e9m do aprendizado acad\u00eamico e buscar ferramentas que podem auxiliar no desenvolvimento de produtos arquiv\u00edsticos. A palestrante apresentou a experi\u00eancia como consultora, na cria\u00e7\u00e3o do sistema de arquivamento denominado variadex, entre outras inven\u00e7\u00f5es. <\/span><\/span><\/span><\/p>\n<p align=\"justify\"><span style=\"color: #444444\"><span style=\"font-family: Calibri, sans-serif\"><span style=\"font-size: small\">E a arquivista Irany Rodrigues Barbosa, que \u00e9 chefe do arquivo da comarca de Jo\u00e3o Pessoa do Tribunal de Justi\u00e7a abordou o tema \u201cA import\u00e2ncia do est\u00e1gio n\u00e3o-obrigat\u00f3rio nos servi\u00e7os arquiv\u00edsticos\u201d. Na oportunidade, a palestrante apresentou a viv\u00eancia pessoal do per\u00edodo em que foi estagi\u00e1ria, enfatizou a import\u00e2ncia do est\u00e1gio como uma forma de amadurecimento, lidar com novas pessoas e novos saberes e jun\u00e7\u00e3o de teoria e pr\u00e1tica. Irany ainda mostrou os par\u00e2metros legais relacionados ao tema, a nova lei de est\u00e1gio e a necessidade de articula\u00e7\u00e3o dessa experi\u00eancia com o Projeto Pedag\u00f3gico do Curso.<\/span><\/span><\/span><\/p>\n","protected":false},"excerpt":{"rendered":"<p>Estudantes do curso de Arquivologia da Universidade Estadual da Para\u00edba participaram, na manh\u00e3 desta quinta-feira (12), da palestra \u201cA teia dos servi\u00e7os arquiv\u00edsticos\u201d, promovida pelo componente curricular do 6\u00ba per\u00edodo de Arquivologia da Universidade Estadual da Para\u00edba \u201cGest\u00e3o de servi\u00e7os arquiv\u00edsticos\u201d, proferida pelas arquivistas Regia Sueli F\u00e9lix, Anna Carla Queiroz e Irany Rodrigues Barbosa. Na <a class=\"leiamais\" href=\"https:\/\/centros.uepb.edu.br\/ccbsa\/estudantes-de-arquivologia-participam-de-discussoes-relacionadas-a-gestao-de-servicos-arquivisticos\/\">Leia Mais&#8230;<\/a><\/p>\n","protected":false},"author":8,"featured_media":2976,"comment_status":"closed","ping_status":"closed","sticky":false,"template":"","format":"standard","meta":{"footnotes":""},"categories":[3,11],"tags":[],"class_list":["post-2969","post","type-post","status-publish","format-standard","has-post-thumbnail","hentry","category-noticias","category-noticias-destaque-img"],"jetpack_featured_media_url":"https:\/\/centros.uepb.edu.br\/ccbsa\/files\/2016\/05\/DSC03734-1.jpg","_links":{"self":[{"href":"https:\/\/centros.uepb.edu.br\/ccbsa\/wp-json\/wp\/v2\/posts\/2969","targetHints":{"allow":["GET"]}}],"collection":[{"href":"https:\/\/centros.uepb.edu.br\/ccbsa\/wp-json\/wp\/v2\/posts"}],"about":[{"href":"https:\/\/centros.uepb.edu.br\/ccbsa\/wp-json\/wp\/v2\/types\/post"}],"author":[{"embeddable":true,"href":"https:\/\/centros.uepb.edu.br\/ccbsa\/wp-json\/wp\/v2\/users\/8"}],"replies":[{"embeddable":true,"href":"https:\/\/centros.uepb.edu.br\/ccbsa\/wp-json\/wp\/v2\/comments?post=2969"}],"version-history":[{"count":0,"href":"https:\/\/centros.uepb.edu.br\/ccbsa\/wp-json\/wp\/v2\/posts\/2969\/revisions"}],"wp:featuredmedia":[{"embeddable":true,"href":"https:\/\/centros.uepb.edu.br\/ccbsa\/wp-json\/wp\/v2\/media\/2976"}],"wp:attachment":[{"href":"https:\/\/centros.uepb.edu.br\/ccbsa\/wp-json\/wp\/v2\/media?parent=2969"}],"wp:term":[{"taxonomy":"category","embeddable":true,"href":"https:\/\/centros.uepb.edu.br\/ccbsa\/wp-json\/wp\/v2\/categories?post=2969"},{"taxonomy":"post_tag","embeddable":true,"href":"https:\/\/centros.uepb.edu.br\/ccbsa\/wp-json\/wp\/v2\/tags?post=2969"}],"curies":[{"name":"wp","href":"https:\/\/api.w.org\/{rel}","templated":true}]}}