{"id":2966,"date":"2016-05-11T14:58:28","date_gmt":"2016-05-11T14:58:28","guid":{"rendered":"https:\/\/centros.uepb.edu.br\/ccbsa\/?p=2966"},"modified":"2016-05-11T14:58:28","modified_gmt":"2016-05-11T14:58:28","slug":"reeducandos-da-uepb-auxiliam-no-desenvolvimento-de-atividades-do-curso-de-ciencias-biologicas","status":"publish","type":"post","link":"https:\/\/centros.uepb.edu.br\/ccbsa\/reeducandos-da-uepb-auxiliam-no-desenvolvimento-de-atividades-do-curso-de-ciencias-biologicas\/","title":{"rendered":"Reeducandos da UEPB auxiliam no desenvolvimento de atividades do curso de Ci\u00eancias Biol\u00f3gicas"},"content":{"rendered":"<p><a href=\"https:\/\/centros.uepb.edu.br\/ccbsa\/files\/2016\/05\/DSC03721.jpg\"><img loading=\"lazy\" decoding=\"async\" class=\"aligncenter size-full wp-image-2967 img-responsive\" src=\"https:\/\/centros.uepb.edu.br\/ccbsa\/files\/2016\/05\/DSC03721.jpg\" alt=\"\" width=\"840\" height=\"454\" srcset=\"https:\/\/centros.uepb.edu.br\/ccbsa\/files\/2016\/05\/DSC03721.jpg 840w, https:\/\/centros.uepb.edu.br\/ccbsa\/files\/2016\/05\/DSC03721-300x162.jpg 300w, https:\/\/centros.uepb.edu.br\/ccbsa\/files\/2016\/05\/DSC03721-768x415.jpg 768w, https:\/\/centros.uepb.edu.br\/ccbsa\/files\/2016\/05\/DSC03721-370x200.jpg 370w\" sizes=\"auto, (max-width: 840px) 100vw, 840px\" \/><\/a><\/p>\n<p>\u201cA verdadeira liberdade \u00e9 ter uma segunda chance\u201d, essa frase foi considerada o mote do programa Come\u00e7ar de Novo, institu\u00eddo pelo\u00a0Conselho Nacional de Justi\u00e7a e pode ser retratada na experi\u00eancia do projeto \u201cCidadania \u00e9 Liberdade\u201d, que \u00e9 voltado \u00e0 reintegra\u00e7\u00e3o social de reeducandos do Sistema Penitenci\u00e1rio do Estado que atuam nos diversos <em>Campi<\/em> da Universidade Estadual da Para\u00edba (UEPB). No <em>Campus<\/em> V, uma experi\u00eancia desenvolvida por meio de uma parceria com o docente do curso de Ci\u00eancias Biol\u00f3gicas, \u00canio Wocyli Dantas, tem possibilitado a realiza\u00e7\u00e3o de experimentos pr\u00e1ticos dos discentes do referido curso e a produ\u00e7\u00e3o de frutas e legumes que s\u00e3o consumidos pelos apenados que cumprem medidas socioeducativas no Centro de Ci\u00eancias Biol\u00f3gicas e Sociais Aplicadas (CCBSA).<\/p>\n<p>A cada semestre, como parte das atividades do componente curricular \u201cFisiologia vegetal\u201d, s\u00e3o realizados experimentos com a planta\u00e7\u00e3o de feij\u00f5es para avaliar o crescimento e o desenvolvimento das plantas desde a germina\u00e7\u00e3o at\u00e9 a colheita. Antes, essa atividade era executada na casa de cada estudante, por\u00e9m, devido \u00e0 necessidade de mais espa\u00e7o para as experi\u00eancias pr\u00e1ticas e diante de \u00e1reas ociosas no terreno do CCBSA foi reservado o espa\u00e7o de 0.5 hectares a ser destinado para tal iniciativa. Por\u00e9m, uma dificuldade encontrada pelo grupo de discentes e docente orientador da a\u00e7\u00e3o era a manuten\u00e7\u00e3o do terreno, o que diante da manifesta\u00e7\u00e3o de interesse por parte dos reeducandos do <em>Campus<\/em> V, foi pensada a parceria.<\/p>\n<p>\u201cMotivados por essas dificuldades firmamos um acordo com os reeducandos do CCBSA que possibilita a manuten\u00e7\u00e3o constante do terreno que utilizamos para os nossos experimentos e, em contrapartida, esses parceiros podem realizar o plantio de culturas adequadas ao espa\u00e7o e que possam ser cultivadas com poucos recursos. Dessa forma eles t\u00eam plantado macaxeira, inhame, milho, mam\u00e3o. Alguns destes legumes e frutas j\u00e1 est\u00e3o, inclusive, na segunda safra. \u00c9, na verdade, uma forma de motivar essas pessoas e suprir uma demanda nossa\u201d, explicou o professor \u00canio.<\/p>\n<p>Para o reeducando Reginaldo de Lima, que nasceu e foi criado em um s\u00edtio na zona rural, a atividade de cultivo de frutas, legumes e hortali\u00e7as \u00e9 algo natural e traz uma satisfa\u00e7\u00e3o a mais poder lidar com a terra no ambiente de trabalho e poder consumir e ter renda a partir do esfor\u00e7o de cada um. \u201cEu perguntei ao professor sobre a possibilidade de n\u00f3s plantarmos batata, inhame, macaxeira, no espa\u00e7o em que j\u00e1 havia o cultivo do feij\u00e3o dos estudantes. Ele n\u00e3o s\u00f3 permitiu como achou que seria bom para todos n\u00f3s, j\u00e1 que seria uma forma de tamb\u00e9m manter o terreno sempre pronto para o cultivo. E desde ent\u00e3o j\u00e1 tivemos uma \u00f3tima safra de macaxeira e esperamos que a pr\u00f3xima seja ainda melhor\u201d, comemora Reginaldo.<\/p>\n<p>Desenvolvido na Institui\u00e7\u00e3o desde 2001, gra\u00e7as a um conv\u00eanio celebrado com a Secretaria de Administra\u00e7\u00e3o Penitenci\u00e1ria da Para\u00edba (SEAP), por meio da Pr\u00f3-Reitoria de Gest\u00e3o de Pessoas (PROGEP), o projeto \u201cCidadania \u00e9 Liberdade\u201d j\u00e1 recolocou dezenas de apenados no mercado de trabalho. Em 15 anos de execu\u00e7\u00e3o, 86 reeducandos dos regimes aberto, semiaberto e liberdade condicional passaram pelo projeto, sendo que cinco deles foram contratados pela UEPB.<\/p>\n<p>Atualmente, 55 apenados est\u00e3o integrados ao projeto nos <em>campi<\/em> de Campina Grande, Lagoa Seca, Patos, Jo\u00e3o Pessoa e Guarabira, sendo 5 destes no <em>Campus<\/em> V.<\/p>\n<p>&nbsp;<\/p>\n","protected":false},"excerpt":{"rendered":"<p>\u201cA verdadeira liberdade \u00e9 ter uma segunda chance\u201d, essa frase foi considerada o mote do programa Come\u00e7ar de Novo, institu\u00eddo pelo\u00a0Conselho Nacional de Justi\u00e7a e pode ser retratada na experi\u00eancia do projeto \u201cCidadania \u00e9 Liberdade\u201d, que \u00e9 voltado \u00e0 reintegra\u00e7\u00e3o social de reeducandos do Sistema Penitenci\u00e1rio do Estado que atuam nos diversos Campi da Universidade <a class=\"leiamais\" href=\"https:\/\/centros.uepb.edu.br\/ccbsa\/reeducandos-da-uepb-auxiliam-no-desenvolvimento-de-atividades-do-curso-de-ciencias-biologicas\/\">Leia Mais&#8230;<\/a><\/p>\n","protected":false},"author":8,"featured_media":2967,"comment_status":"closed","ping_status":"closed","sticky":false,"template":"","format":"standard","meta":{"footnotes":""},"categories":[3,11],"tags":[],"class_list":["post-2966","post","type-post","status-publish","format-standard","has-post-thumbnail","hentry","category-noticias","category-noticias-destaque-img"],"jetpack_featured_media_url":"https:\/\/centros.uepb.edu.br\/ccbsa\/files\/2016\/05\/DSC03721.jpg","_links":{"self":[{"href":"https:\/\/centros.uepb.edu.br\/ccbsa\/wp-json\/wp\/v2\/posts\/2966","targetHints":{"allow":["GET"]}}],"collection":[{"href":"https:\/\/centros.uepb.edu.br\/ccbsa\/wp-json\/wp\/v2\/posts"}],"about":[{"href":"https:\/\/centros.uepb.edu.br\/ccbsa\/wp-json\/wp\/v2\/types\/post"}],"author":[{"embeddable":true,"href":"https:\/\/centros.uepb.edu.br\/ccbsa\/wp-json\/wp\/v2\/users\/8"}],"replies":[{"embeddable":true,"href":"https:\/\/centros.uepb.edu.br\/ccbsa\/wp-json\/wp\/v2\/comments?post=2966"}],"version-history":[{"count":0,"href":"https:\/\/centros.uepb.edu.br\/ccbsa\/wp-json\/wp\/v2\/posts\/2966\/revisions"}],"wp:featuredmedia":[{"embeddable":true,"href":"https:\/\/centros.uepb.edu.br\/ccbsa\/wp-json\/wp\/v2\/media\/2967"}],"wp:attachment":[{"href":"https:\/\/centros.uepb.edu.br\/ccbsa\/wp-json\/wp\/v2\/media?parent=2966"}],"wp:term":[{"taxonomy":"category","embeddable":true,"href":"https:\/\/centros.uepb.edu.br\/ccbsa\/wp-json\/wp\/v2\/categories?post=2966"},{"taxonomy":"post_tag","embeddable":true,"href":"https:\/\/centros.uepb.edu.br\/ccbsa\/wp-json\/wp\/v2\/tags?post=2966"}],"curies":[{"name":"wp","href":"https:\/\/api.w.org\/{rel}","templated":true}]}}