{"id":2953,"date":"2016-05-09T15:11:16","date_gmt":"2016-05-09T15:11:16","guid":{"rendered":"https:\/\/centros.uepb.edu.br\/ccbsa\/?p=2953"},"modified":"2016-05-09T15:11:16","modified_gmt":"2016-05-09T15:11:16","slug":"grupo-de-estudos-do-campus-v-promove-evento-que-discute-as-disputas-territoriais-e-maritimas-na-regiao-asiatica","status":"publish","type":"post","link":"https:\/\/centros.uepb.edu.br\/ccbsa\/grupo-de-estudos-do-campus-v-promove-evento-que-discute-as-disputas-territoriais-e-maritimas-na-regiao-asiatica\/","title":{"rendered":"Grupo de estudos do Campus V promove evento que discute as disputas territoriais e mar\u00edtimas na regi\u00e3o asi\u00e1tica"},"content":{"rendered":"<p><a href=\"https:\/\/centros.uepb.edu.br\/ccbsa\/files\/2016\/05\/SEMIN\u00c1RIO-SEGURAN\u00c7A-INTERNACIONAL.jpg\"><img loading=\"lazy\" decoding=\"async\" class=\"aligncenter size-full wp-image-2954 img-responsive\" src=\"https:\/\/centros.uepb.edu.br\/ccbsa\/files\/2016\/05\/SEMIN\u00c1RIO-SEGURAN\u00c7A-INTERNACIONAL.jpg\" alt=\"SEMIN\u00c1RIO SEGURAN\u00c7A INTERNACIONAL\" width=\"840\" height=\"454\" srcset=\"https:\/\/centros.uepb.edu.br\/ccbsa\/files\/2016\/05\/SEMIN\u00c1RIO-SEGURAN\u00c7A-INTERNACIONAL.jpg 840w, https:\/\/centros.uepb.edu.br\/ccbsa\/files\/2016\/05\/SEMIN\u00c1RIO-SEGURAN\u00c7A-INTERNACIONAL-300x162.jpg 300w, https:\/\/centros.uepb.edu.br\/ccbsa\/files\/2016\/05\/SEMIN\u00c1RIO-SEGURAN\u00c7A-INTERNACIONAL-768x415.jpg 768w, https:\/\/centros.uepb.edu.br\/ccbsa\/files\/2016\/05\/SEMIN\u00c1RIO-SEGURAN\u00c7A-INTERNACIONAL-370x200.jpg 370w\" sizes=\"auto, (max-width: 840px) 100vw, 840px\" \/><\/a><\/p>\n<p>O Grupo de Estudos e Pesquisa em \u00c1sia-Pac\u00edfico (GEPAP) do Campus V da Universidade Estadual da Para\u00edba promove, no dia 17 de maio, \u00e0s 9h, no audit\u00f3rio Pioneiros, o \u201cSemin\u00e1rio de seguran\u00e7a internacional: disputas territoriais e mar\u00edtimas na regi\u00e3o asi\u00e1tica\u201d, que \u00e9 voltado a estudantes de gradua\u00e7\u00e3o e p\u00f3s-gradua\u00e7\u00e3o em Rela\u00e7\u00f5es Internacionais, Ci\u00eancia Pol\u00edtica, Direito, Economia, e \u00e1reas afins, respons\u00e1veis pela Capitania dos Portos, representantes da administra\u00e7\u00e3o p\u00fablica municipal, estadual e federal, e Pol\u00edcia Federal.<\/p>\n<p>Os palestrantes ser\u00e3o o professor do Departamento de Rela\u00e7\u00f5es Internacionais da Universidade Federal da Para\u00edba, doutor em Ci\u00eancia Pol\u00edtica pela Universidade Federal de Pernambuco e l\u00edder do Grupo de Pesquisa em Estudos Estrat\u00e9gicos e Seguran\u00e7a Internacional, Augusto Wagner Menezes Teixeira J\u00fanior; o pesquisador do N\u00facleo de Estudos e Pesquisas Regionais e do Desenvolvimento, membro da Associa\u00e7\u00e3o Brasileira de Estudos de Defesa e doutor em Ci\u00eancia Pol\u00edtica pela Universidade Federal Fluminense, Ant\u00f4nio Henrique Lucena Silva e a mestranda em Rela\u00e7\u00f5es Internacionais da UEPB, que desenvolve a pesquisa \u201cO JOGO SMART DA POL\u00cdTICA EXTERNA CHINESA: O controle das negocia\u00e7\u00f5es das disputas no sudeste do mar da China entre 2011 e 2013 no F\u00f3rum Regional do Sudeste Asi\u00e1tico (ASEAN)\u201d, Renally K\u00e9ssia Paiva Nascimento.<\/p>\n<p>De acordo com o coordenador do GEPAP, professor Alexandre C\u00e9sar Cunha Leite, o evento tem o objetivo de \u201capresentar pesquisas desenvolvidas por outros pesquisadores e estudantes do programa de p\u00f3s-gradua\u00e7\u00e3o em Rela\u00e7\u00f5es Internacionais, motivar os alunos a realizar pesquisas e estimular os discentes da gradua\u00e7\u00e3o, al\u00e9m de fornecer informa\u00e7\u00f5es sobre as discuss\u00f5es realizadas nos grupos de pesquisas envolvidos\u201d.<\/p>\n<p>O Grupo de Estudos e Pesquisa em \u00c1sia-Pac\u00edfico (GEPAP) \u00e9 registrado e certificado no diret\u00f3rio de grupos de pesquisa do CNPq constituindo-se em um grupo de docentes e discentes voltados para estudos e pesquisa sobre a regi\u00e3o e suas rela\u00e7\u00f5es internacionais, abordando temas relacionados a seguran\u00e7a, pol\u00edtica e economia da regi\u00e3o.<\/p>\n<p>&nbsp;<\/p>\n<p>&nbsp;<\/p>\n<p>&nbsp;<\/p>\n","protected":false},"excerpt":{"rendered":"<p>O Grupo de Estudos e Pesquisa em \u00c1sia-Pac\u00edfico (GEPAP) do Campus V da Universidade Estadual da Para\u00edba promove, no dia 17 de maio, \u00e0s 9h, no audit\u00f3rio Pioneiros, o \u201cSemin\u00e1rio de seguran\u00e7a internacional: disputas territoriais e mar\u00edtimas na regi\u00e3o asi\u00e1tica\u201d, que \u00e9 voltado a estudantes de gradua\u00e7\u00e3o e p\u00f3s-gradua\u00e7\u00e3o em Rela\u00e7\u00f5es Internacionais, Ci\u00eancia Pol\u00edtica, Direito, <a class=\"leiamais\" href=\"https:\/\/centros.uepb.edu.br\/ccbsa\/grupo-de-estudos-do-campus-v-promove-evento-que-discute-as-disputas-territoriais-e-maritimas-na-regiao-asiatica\/\">Leia Mais&#8230;<\/a><\/p>\n","protected":false},"author":8,"featured_media":2954,"comment_status":"closed","ping_status":"closed","sticky":false,"template":"","format":"standard","meta":{"footnotes":""},"categories":[3,11],"tags":[],"class_list":["post-2953","post","type-post","status-publish","format-standard","has-post-thumbnail","hentry","category-noticias","category-noticias-destaque-img"],"jetpack_featured_media_url":"https:\/\/centros.uepb.edu.br\/ccbsa\/files\/2016\/05\/SEMIN\u00c1RIO-SEGURAN\u00c7A-INTERNACIONAL.jpg","_links":{"self":[{"href":"https:\/\/centros.uepb.edu.br\/ccbsa\/wp-json\/wp\/v2\/posts\/2953","targetHints":{"allow":["GET"]}}],"collection":[{"href":"https:\/\/centros.uepb.edu.br\/ccbsa\/wp-json\/wp\/v2\/posts"}],"about":[{"href":"https:\/\/centros.uepb.edu.br\/ccbsa\/wp-json\/wp\/v2\/types\/post"}],"author":[{"embeddable":true,"href":"https:\/\/centros.uepb.edu.br\/ccbsa\/wp-json\/wp\/v2\/users\/8"}],"replies":[{"embeddable":true,"href":"https:\/\/centros.uepb.edu.br\/ccbsa\/wp-json\/wp\/v2\/comments?post=2953"}],"version-history":[{"count":0,"href":"https:\/\/centros.uepb.edu.br\/ccbsa\/wp-json\/wp\/v2\/posts\/2953\/revisions"}],"wp:featuredmedia":[{"embeddable":true,"href":"https:\/\/centros.uepb.edu.br\/ccbsa\/wp-json\/wp\/v2\/media\/2954"}],"wp:attachment":[{"href":"https:\/\/centros.uepb.edu.br\/ccbsa\/wp-json\/wp\/v2\/media?parent=2953"}],"wp:term":[{"taxonomy":"category","embeddable":true,"href":"https:\/\/centros.uepb.edu.br\/ccbsa\/wp-json\/wp\/v2\/categories?post=2953"},{"taxonomy":"post_tag","embeddable":true,"href":"https:\/\/centros.uepb.edu.br\/ccbsa\/wp-json\/wp\/v2\/tags?post=2953"}],"curies":[{"name":"wp","href":"https:\/\/api.w.org\/{rel}","templated":true}]}}