{"id":293,"date":"2013-06-20T14:53:12","date_gmt":"2013-06-20T14:53:12","guid":{"rendered":"\/ccbsa\/?p=293"},"modified":"2013-06-20T14:53:12","modified_gmt":"2013-06-20T14:53:12","slug":"estudante-do-ensino-medio-publica-texto-em-informativo-do-programa-de-iniciacao-a-docencia-em-filosofia","status":"publish","type":"post","link":"https:\/\/centros.uepb.edu.br\/ccbsa\/estudante-do-ensino-medio-publica-texto-em-informativo-do-programa-de-iniciacao-a-docencia-em-filosofia\/","title":{"rendered":"Estudante do ensino m\u00e9dio publica texto em informativo do programa de inicia\u00e7\u00e3o \u00e0 doc\u00eancia em Filosofia"},"content":{"rendered":"<p><a href=\"http:\/\/centros.ascom.uepb.edu.br\/ccbsa\/files\/2013\/06\/img008.jpg\"><img loading=\"lazy\" decoding=\"async\" class=\"size-thumbnail wp-image-294 alignleft img-responsive\" alt=\"img008\" src=\"http:\/\/centros.ascom.uepb.edu.br\/ccbsa\/files\/2013\/06\/img008-150x150.jpg\" width=\"150\" height=\"150\" \/><\/a>O estudante do 1\u00ba ano do ensino m\u00e9dio do Campus V da Universidade Estadual da Para\u00edba, J\u00falio C\u00e9sar Gon\u00e7alves de Fran\u00e7a, teve um texto de sua autoria publicado na 1\u00aa edi\u00e7\u00e3o do Jornal do Programa de Inicia\u00e7\u00e3o \u00e0 Doc\u00eancia em Filosofia da Universidade Federal da Para\u00edba \u201c\u00c1gora\u201d.<\/p>\n<p>No texto, intitulado \u201cExiste uma defini\u00e7\u00e3o para Filosofia?\u201d, o estudante suscita uma reflex\u00e3o sobre o conceito de Filosofia e a import\u00e2ncia deste campo do conhecimento. A produ\u00e7\u00e3o \u00e9 resultado de uma atividade de sala de aula que, ap\u00f3s a aprova\u00e7\u00e3o e sensibilidade do professor de Filosofia, Alexano de Brito, p\u00f4de ser propagada para acad\u00eamicos, estudantes e docentes da \u00e1rea.<\/p>\n<p>A diretora do ensino m\u00e9dio, professora Luciana Veloso, enfatiza a import\u00e2ncia desta a\u00e7\u00e3o, como uma forma de motiva\u00e7\u00e3o para o estudante e para o professor, que v\u00ea o fruto de seu trabalho e dedica\u00e7\u00e3o. J\u00e1 o estudante J\u00falio C\u00e9sar destaca a satisfa\u00e7\u00e3o de ter um texto de sua autoria publicado em um jornal acad\u00eamico da \u00e1rea de Filosofia, o que ele define como uma oportunidade \u00fanica.<\/p>\n","protected":false},"excerpt":{"rendered":"<p>O estudante do 1\u00ba ano do ensino m\u00e9dio do Campus V da Universidade Estadual da Para\u00edba, J\u00falio C\u00e9sar Gon\u00e7alves de Fran\u00e7a, teve um texto de sua autoria publicado na 1\u00aa edi\u00e7\u00e3o do Jornal do Programa de Inicia\u00e7\u00e3o \u00e0 Doc\u00eancia em Filosofia da Universidade Federal da Para\u00edba \u201c\u00c1gora\u201d. No texto, intitulado \u201cExiste uma defini\u00e7\u00e3o para Filosofia?\u201d, <a class=\"leiamais\" href=\"https:\/\/centros.uepb.edu.br\/ccbsa\/estudante-do-ensino-medio-publica-texto-em-informativo-do-programa-de-iniciacao-a-docencia-em-filosofia\/\">Leia Mais&#8230;<\/a><\/p>\n","protected":false},"author":8,"featured_media":0,"comment_status":"open","ping_status":"open","sticky":false,"template":"","format":"standard","meta":{"footnotes":""},"categories":[3,5],"tags":[],"class_list":["post-293","post","type-post","status-publish","format-standard","hentry","category-noticias","category-visiveis"],"jetpack_featured_media_url":"","_links":{"self":[{"href":"https:\/\/centros.uepb.edu.br\/ccbsa\/wp-json\/wp\/v2\/posts\/293","targetHints":{"allow":["GET"]}}],"collection":[{"href":"https:\/\/centros.uepb.edu.br\/ccbsa\/wp-json\/wp\/v2\/posts"}],"about":[{"href":"https:\/\/centros.uepb.edu.br\/ccbsa\/wp-json\/wp\/v2\/types\/post"}],"author":[{"embeddable":true,"href":"https:\/\/centros.uepb.edu.br\/ccbsa\/wp-json\/wp\/v2\/users\/8"}],"replies":[{"embeddable":true,"href":"https:\/\/centros.uepb.edu.br\/ccbsa\/wp-json\/wp\/v2\/comments?post=293"}],"version-history":[{"count":0,"href":"https:\/\/centros.uepb.edu.br\/ccbsa\/wp-json\/wp\/v2\/posts\/293\/revisions"}],"wp:attachment":[{"href":"https:\/\/centros.uepb.edu.br\/ccbsa\/wp-json\/wp\/v2\/media?parent=293"}],"wp:term":[{"taxonomy":"category","embeddable":true,"href":"https:\/\/centros.uepb.edu.br\/ccbsa\/wp-json\/wp\/v2\/categories?post=293"},{"taxonomy":"post_tag","embeddable":true,"href":"https:\/\/centros.uepb.edu.br\/ccbsa\/wp-json\/wp\/v2\/tags?post=293"}],"curies":[{"name":"wp","href":"https:\/\/api.w.org\/{rel}","templated":true}]}}