{"id":2929,"date":"2016-05-03T15:06:44","date_gmt":"2016-05-03T15:06:44","guid":{"rendered":"https:\/\/centros.uepb.edu.br\/ccbsa\/?p=2929"},"modified":"2016-05-03T15:06:44","modified_gmt":"2016-05-03T15:06:44","slug":"docente-da-unirio-realiza-consultoria-para-ajustes-finais-no-projeto-de-mestrado-em-arquivologia-da-uepb","status":"publish","type":"post","link":"https:\/\/centros.uepb.edu.br\/ccbsa\/docente-da-unirio-realiza-consultoria-para-ajustes-finais-no-projeto-de-mestrado-em-arquivologia-da-uepb\/","title":{"rendered":"Docente da UNIRIO realiza consultoria para ajustes finais no projeto de Mestrado em Arquivologia da UEPB"},"content":{"rendered":"<p><a href=\"https:\/\/centros.uepb.edu.br\/ccbsa\/files\/2016\/05\/mestrado.jpg\"><img loading=\"lazy\" decoding=\"async\" class=\"aligncenter size-full wp-image-2930 img-responsive\" src=\"https:\/\/centros.uepb.edu.br\/ccbsa\/files\/2016\/05\/mestrado.jpg\" alt=\"\" width=\"840\" height=\"454\" srcset=\"https:\/\/centros.uepb.edu.br\/ccbsa\/files\/2016\/05\/mestrado.jpg 840w, https:\/\/centros.uepb.edu.br\/ccbsa\/files\/2016\/05\/mestrado-300x162.jpg 300w, https:\/\/centros.uepb.edu.br\/ccbsa\/files\/2016\/05\/mestrado-768x415.jpg 768w, https:\/\/centros.uepb.edu.br\/ccbsa\/files\/2016\/05\/mestrado-370x200.jpg 370w\" sizes=\"auto, (max-width: 840px) 100vw, 840px\" \/><\/a><\/p>\n<p>Idealizado desde 2008 e fruto da dedica\u00e7\u00e3o de docentes e gestores nos \u00faltimos anos, o Mestrado em Arquivologia da Universidade Estadual da Para\u00edba, ganha forma no projeto idealizado por uma comiss\u00e3o de pesquisadores que ganhou o apoio, na \u00faltima sexta-feira (29), do pesquisador Jos\u00e9 Maria Jardim, da Universidade Federal do Estado do Rio de Janeiro, que realizou uma consultoria para os ajustes finais da referida proposta.<\/p>\n<p>Na oportunidade, estiveram presentes a pro-reitora de p\u00f3s-gradua\u00e7\u00e3o e pesquisa da UEPB, Maria Jos\u00e9 Lima; o coordenador geral da p\u00f3s-gradua\u00e7\u00e3o stricto sensu, Jos\u00e9 Germano Veras Neto; a coordenadora do curso de Arquivologia, Esmeralda Porf\u00edrio Sales; o coordenador adjunto de Arquivologia, professor Germano Ramalho; o professor da UFPB e consultor externo, Afonso Sococuglia e a equipe de docentes do curso de Arquivologia da UEPB.<\/p>\n<p>A proposta \u00e9 de um mestrado acad\u00eamico, na \u00e1rea de concentra\u00e7\u00e3o \u201cArquivo e sociedade\u201d, e tendo como linhas de pesquisa \u201cArquivo, linguagem e mem\u00f3ria\u201d, \u201cGest\u00e3o, organiza\u00e7\u00e3o e conhecimento para arquivos\u201d e \u201cTecnologias da Informa\u00e7\u00e3o e Comunica\u00e7\u00e3o (TIC) em sistemas arquiv\u00edsticos\u201d.<\/p>\n<p>De acordo com a professora Maria Jos\u00e9 \u201cap\u00f3s os ajustes finais, o projeto dever\u00e1 ser encaminhado pela pro-reitoria de p\u00f3s-gradua\u00e7\u00e3o e pesquisa para a Capes, que ir\u00e1 avaliar se a proposta est\u00e1 adequada, se as linhas de pesquisa est\u00e3o dentro da \u00e1rea de concentra\u00e7\u00e3o, a qualifica\u00e7\u00e3o e produ\u00e7\u00e3o do corpo docente, entre outros pr\u00e9-requisitos. A perspectiva \u00e9 que at\u00e9 o fim de 2016 seja divulgado o parecer da Capes, e diante da avalia\u00e7\u00e3o favor\u00e1vel, no primeiro semestre de 2017 dever\u00e1 ser lan\u00e7ado o edital para realiza\u00e7\u00e3o da sele\u00e7\u00e3o de alunos e in\u00edcio das atividades\u201d, explicou a pro-reitora.<\/p>\n<p>Para o professor Jos\u00e9 Maria Jardim a proposta \u00e9 coerente com o esfor\u00e7o que vem sendo desenvolvido desde a implanta\u00e7\u00e3o do curso de Arquivologia da UEPB. \u201c\u00c9 uma consequ\u00eancia natural deste percurso tra\u00e7ado por uma gradua\u00e7\u00e3o razoavelmente nova. \u00c9 interessante constatar essa disponibilidade docente de projetar um programa de p\u00f3s-gradua\u00e7\u00e3o na \u00e1rea, que \u00e9 extremamente importante na medida em que n\u00f3s s\u00f3 temos um programa que \u00e9 o nosso na UNIRIO. Ent\u00e3o n\u00e3o vislumbramos uma import\u00e2ncia apenas regional, mas de ordem nacional, na medida em que a institucionaliza\u00e7\u00e3o da Arquivologia como campo cient\u00edfico no Brasil, como em qualquer \u00e1rea, passa pela p\u00f3s-gradua\u00e7\u00e3o\u201d, avalia.<\/p>\n<p>A coordenadora do curso de Arquivologia destaca o pioneirismo da iniciativa, que busca \u201ccontribuir para o desenvolvimento de teorias estruturadas e articuladas \u00e0s demandas e caracter\u00edsticas dessa \u00e1rea de saber que a fa\u00e7am conquistar um status de cientificidade\u201d.<\/p>\n<p>&nbsp;<\/p>\n<p>&nbsp;<\/p>\n<p>&nbsp;<\/p>\n","protected":false},"excerpt":{"rendered":"<p>Idealizado desde 2008 e fruto da dedica\u00e7\u00e3o de docentes e gestores nos \u00faltimos anos, o Mestrado em Arquivologia da Universidade Estadual da Para\u00edba, ganha forma no projeto idealizado por uma comiss\u00e3o de pesquisadores que ganhou o apoio, na \u00faltima sexta-feira (29), do pesquisador Jos\u00e9 Maria Jardim, da Universidade Federal do Estado do Rio de Janeiro, <a class=\"leiamais\" href=\"https:\/\/centros.uepb.edu.br\/ccbsa\/docente-da-unirio-realiza-consultoria-para-ajustes-finais-no-projeto-de-mestrado-em-arquivologia-da-uepb\/\">Leia Mais&#8230;<\/a><\/p>\n","protected":false},"author":8,"featured_media":2930,"comment_status":"closed","ping_status":"closed","sticky":false,"template":"","format":"standard","meta":{"footnotes":""},"categories":[3,11],"tags":[],"class_list":["post-2929","post","type-post","status-publish","format-standard","has-post-thumbnail","hentry","category-noticias","category-noticias-destaque-img"],"jetpack_featured_media_url":"https:\/\/centros.uepb.edu.br\/ccbsa\/files\/2016\/05\/mestrado.jpg","_links":{"self":[{"href":"https:\/\/centros.uepb.edu.br\/ccbsa\/wp-json\/wp\/v2\/posts\/2929","targetHints":{"allow":["GET"]}}],"collection":[{"href":"https:\/\/centros.uepb.edu.br\/ccbsa\/wp-json\/wp\/v2\/posts"}],"about":[{"href":"https:\/\/centros.uepb.edu.br\/ccbsa\/wp-json\/wp\/v2\/types\/post"}],"author":[{"embeddable":true,"href":"https:\/\/centros.uepb.edu.br\/ccbsa\/wp-json\/wp\/v2\/users\/8"}],"replies":[{"embeddable":true,"href":"https:\/\/centros.uepb.edu.br\/ccbsa\/wp-json\/wp\/v2\/comments?post=2929"}],"version-history":[{"count":0,"href":"https:\/\/centros.uepb.edu.br\/ccbsa\/wp-json\/wp\/v2\/posts\/2929\/revisions"}],"wp:featuredmedia":[{"embeddable":true,"href":"https:\/\/centros.uepb.edu.br\/ccbsa\/wp-json\/wp\/v2\/media\/2930"}],"wp:attachment":[{"href":"https:\/\/centros.uepb.edu.br\/ccbsa\/wp-json\/wp\/v2\/media?parent=2929"}],"wp:term":[{"taxonomy":"category","embeddable":true,"href":"https:\/\/centros.uepb.edu.br\/ccbsa\/wp-json\/wp\/v2\/categories?post=2929"},{"taxonomy":"post_tag","embeddable":true,"href":"https:\/\/centros.uepb.edu.br\/ccbsa\/wp-json\/wp\/v2\/tags?post=2929"}],"curies":[{"name":"wp","href":"https:\/\/api.w.org\/{rel}","templated":true}]}}