{"id":2922,"date":"2016-04-29T18:27:37","date_gmt":"2016-04-29T18:27:37","guid":{"rendered":"https:\/\/centros.uepb.edu.br\/ccbsa\/?p=2922"},"modified":"2016-04-29T18:27:37","modified_gmt":"2016-04-29T18:27:37","slug":"evento-no-ccbsa-discute-cultura-de-paz-e-empoderamento-local-em-comunidades-nacionais-e-internacionais","status":"publish","type":"post","link":"https:\/\/centros.uepb.edu.br\/ccbsa\/evento-no-ccbsa-discute-cultura-de-paz-e-empoderamento-local-em-comunidades-nacionais-e-internacionais\/","title":{"rendered":"Evento no CCBSA discute cultura de paz e empoderamento local em comunidades nacionais e internacionais"},"content":{"rendered":"<p><a href=\"https:\/\/centros.uepb.edu.br\/ccbsa\/files\/2016\/04\/DSC03625.jpg\"><img loading=\"lazy\" decoding=\"async\" class=\"aligncenter size-full wp-image-2923 img-responsive\" src=\"https:\/\/centros.uepb.edu.br\/ccbsa\/files\/2016\/04\/DSC03625.jpg\" alt=\"\" width=\"840\" height=\"454\" srcset=\"https:\/\/centros.uepb.edu.br\/ccbsa\/files\/2016\/04\/DSC03625.jpg 840w, https:\/\/centros.uepb.edu.br\/ccbsa\/files\/2016\/04\/DSC03625-300x162.jpg 300w, https:\/\/centros.uepb.edu.br\/ccbsa\/files\/2016\/04\/DSC03625-768x415.jpg 768w, https:\/\/centros.uepb.edu.br\/ccbsa\/files\/2016\/04\/DSC03625-370x200.jpg 370w\" sizes=\"auto, (max-width: 840px) 100vw, 840px\" \/><\/a><\/p>\n<p>Com a presen\u00e7a de estudantes do ensino m\u00e9dio, da gradua\u00e7\u00e3o e p\u00f3s-gradua\u00e7\u00e3o, o Grupo de Estudos de Paz e Seguran\u00e7a Mundial da Universidade Estadual da Para\u00edba (GEPASM\/UEPB) e a p\u00f3s-gradua\u00e7\u00e3o em Rela\u00e7\u00f5es Internacionais, realizou na manh\u00e3 desta sexta-feira (29) o evento \u201cAbordagens Cr\u00edticas de Seguran\u00e7a e de Paz nas Rela\u00e7\u00f5es Internacionais\u201d, no qual foram apresentadas as pesquisas desenvolvidas na \u00e1rea de Seguran\u00e7a no \u00e2mbito da Gradua\u00e7\u00e3o e P\u00f3s-Gradua\u00e7\u00e3o em Rela\u00e7\u00f5es Internacionais da UEPB e fruto da produ\u00e7\u00e3o do GEPASM.<\/p>\n<p>Na oportunidade, a mestranda em Rela\u00e7\u00f5es Internacionais Suerda Ara\u00fajo apresentou o tema a \u201cRedescoberta do local na constru\u00e7\u00e3o da paz\u201d, destacando a virada epistemol\u00f3gica que considera o empoderamento de agentes locais como uma iniciativa que vai al\u00e9m de a\u00e7\u00f5es institucionais ou governamentais. Essa perspectiva foi complementada pela mestranda Catarina Bezerra que abordou a \u201cTransforma\u00e7\u00e3o de conflitos e os movimentos pela paz na Col\u00f4mbia\u201d, enfatizando a contribui\u00e7\u00e3o dos atores locais para a constru\u00e7\u00e3o da paz no referido pa\u00eds.<\/p>\n<p>A mestranda em Rela\u00e7\u00f5es Internacionais Deisiane Viana abordou \u201cO conceito de paz h\u00edbrida e o <em>micro-peacebuilding<\/em> no Afeganist\u00e3o\u201d, considerando que diante do cen\u00e1rio de guerra do pa\u00eds o conceito de paz h\u00edbrida seria a melhor propositura. E a graduada em Rela\u00e7\u00f5es Internacionais e Direito Kamila Borges apresentou o tema \u201cFeminismo e p\u00f3s-colonialismo\u201d,\u00a0 com o relato que buscou instigar os presentes sobre a necessidade de desnaturaliza\u00e7\u00e3o de um discurso que\u00a0 caracteriza a viol\u00eancia contra a mulher como uma pr\u00e1tica natural da cultura de um povo.<\/p>\n<p>\u201cAinda se tem a ideia que os estudos de paz est\u00e3o longe da nossa realidade. E \u00e0s vezes a ideia de paz \u00e9 t\u00e3o ut\u00f3pica que os pr\u00f3prios estudantes n\u00e3o conseguem pens\u00e1-la academicamente. Aqui desenvolvemos a ideia de paz, n\u00e3o como oposi\u00e7\u00e3o \u00e0 guerra, mas, mostrando o conflito como algo da natureza humana e a possibilidade de construir a paz com base no empoderamento local\u201d, avalia Suerda.<\/p>\n<p>Segundo o coordenador do GEPASM, professor Paulo Kuhlmann, o evento teve a inten\u00e7\u00e3o de divulgar estudos semelhantes que abordam a quest\u00e3o da paz no \u00e2mbito local. \u201cBuscamos apresentar abordagens sobre o empoderamento de comunidades para gerar a paz, ou seja, a cria\u00e7\u00e3o de ambientes de paz que v\u00e3o al\u00e9m de tratados, mas, surgem de iniciativas locais da pr\u00f3pria comunidade\u201d, explicou.<\/p>\n<p>&nbsp;<\/p>\n","protected":false},"excerpt":{"rendered":"<p>Com a presen\u00e7a de estudantes do ensino m\u00e9dio, da gradua\u00e7\u00e3o e p\u00f3s-gradua\u00e7\u00e3o, o Grupo de Estudos de Paz e Seguran\u00e7a Mundial da Universidade Estadual da Para\u00edba (GEPASM\/UEPB) e a p\u00f3s-gradua\u00e7\u00e3o em Rela\u00e7\u00f5es Internacionais, realizou na manh\u00e3 desta sexta-feira (29) o evento \u201cAbordagens Cr\u00edticas de Seguran\u00e7a e de Paz nas Rela\u00e7\u00f5es Internacionais\u201d, no qual foram apresentadas <a class=\"leiamais\" href=\"https:\/\/centros.uepb.edu.br\/ccbsa\/evento-no-ccbsa-discute-cultura-de-paz-e-empoderamento-local-em-comunidades-nacionais-e-internacionais\/\">Leia Mais&#8230;<\/a><\/p>\n","protected":false},"author":8,"featured_media":2923,"comment_status":"closed","ping_status":"closed","sticky":false,"template":"","format":"standard","meta":{"footnotes":""},"categories":[3,11],"tags":[],"class_list":["post-2922","post","type-post","status-publish","format-standard","has-post-thumbnail","hentry","category-noticias","category-noticias-destaque-img"],"jetpack_featured_media_url":"https:\/\/centros.uepb.edu.br\/ccbsa\/files\/2016\/04\/DSC03625.jpg","_links":{"self":[{"href":"https:\/\/centros.uepb.edu.br\/ccbsa\/wp-json\/wp\/v2\/posts\/2922","targetHints":{"allow":["GET"]}}],"collection":[{"href":"https:\/\/centros.uepb.edu.br\/ccbsa\/wp-json\/wp\/v2\/posts"}],"about":[{"href":"https:\/\/centros.uepb.edu.br\/ccbsa\/wp-json\/wp\/v2\/types\/post"}],"author":[{"embeddable":true,"href":"https:\/\/centros.uepb.edu.br\/ccbsa\/wp-json\/wp\/v2\/users\/8"}],"replies":[{"embeddable":true,"href":"https:\/\/centros.uepb.edu.br\/ccbsa\/wp-json\/wp\/v2\/comments?post=2922"}],"version-history":[{"count":0,"href":"https:\/\/centros.uepb.edu.br\/ccbsa\/wp-json\/wp\/v2\/posts\/2922\/revisions"}],"wp:featuredmedia":[{"embeddable":true,"href":"https:\/\/centros.uepb.edu.br\/ccbsa\/wp-json\/wp\/v2\/media\/2923"}],"wp:attachment":[{"href":"https:\/\/centros.uepb.edu.br\/ccbsa\/wp-json\/wp\/v2\/media?parent=2922"}],"wp:term":[{"taxonomy":"category","embeddable":true,"href":"https:\/\/centros.uepb.edu.br\/ccbsa\/wp-json\/wp\/v2\/categories?post=2922"},{"taxonomy":"post_tag","embeddable":true,"href":"https:\/\/centros.uepb.edu.br\/ccbsa\/wp-json\/wp\/v2\/tags?post=2922"}],"curies":[{"name":"wp","href":"https:\/\/api.w.org\/{rel}","templated":true}]}}