{"id":2915,"date":"2016-04-29T13:46:24","date_gmt":"2016-04-29T13:46:24","guid":{"rendered":"https:\/\/centros.uepb.edu.br\/ccbsa\/?p=2915"},"modified":"2016-04-29T13:46:24","modified_gmt":"2016-04-29T13:46:24","slug":"estudantes-de-arquivologia-participam-de-palestra-com-docente-da-unirio-sobre-governanca-arquivistica","status":"publish","type":"post","link":"https:\/\/centros.uepb.edu.br\/ccbsa\/estudantes-de-arquivologia-participam-de-palestra-com-docente-da-unirio-sobre-governanca-arquivistica\/","title":{"rendered":"Estudantes de Arquivologia participam de palestra com docente da UNIRIO sobre governan\u00e7a arquiv\u00edstica"},"content":{"rendered":"<p><a href=\"https:\/\/centros.uepb.edu.br\/ccbsa\/files\/2016\/04\/DSC03609.jpg\"><img loading=\"lazy\" decoding=\"async\" class=\"aligncenter size-full wp-image-2917 img-responsive\" src=\"https:\/\/centros.uepb.edu.br\/ccbsa\/files\/2016\/04\/DSC03609.jpg\" alt=\"\" width=\"840\" height=\"454\" srcset=\"https:\/\/centros.uepb.edu.br\/ccbsa\/files\/2016\/04\/DSC03609.jpg 840w, https:\/\/centros.uepb.edu.br\/ccbsa\/files\/2016\/04\/DSC03609-300x162.jpg 300w, https:\/\/centros.uepb.edu.br\/ccbsa\/files\/2016\/04\/DSC03609-768x415.jpg 768w, https:\/\/centros.uepb.edu.br\/ccbsa\/files\/2016\/04\/DSC03609-370x200.jpg 370w\" sizes=\"auto, (max-width: 840px) 100vw, 840px\" \/><\/a><\/p>\n<p>Como delinear um sistema nacional de arquivos em um pa\u00eds t\u00e3o grande e diverso? Quem define a pol\u00edtica nacional de arquivos? Como mobilizar os diversos atores pol\u00edticos e sociais para apoiar essas a\u00e7\u00f5es? Esses e outros questionamentos e discuss\u00f5es marcaram a palestra \u201cSistemas, pol\u00edtica e governan\u00e7a arquiv\u00edstica\u201d, ministrada pelo professor da Universidade Federal do Estado do Rio de Janeiro, Jos\u00e9 Maria Jardim, na noite desta quinta-feira (28), para estudantes do curso de Arquivologia do Campus V da Universidade Estadual da Para\u00edba (UEPB).<\/p>\n<p>Durante a apresenta\u00e7\u00e3o, o docente, que \u00e9 doutor em Ci\u00eancia da Informa\u00e7\u00e3o Universidade Federal do Rio de Janeiro e p\u00f3s-doutor pelo Departamento de Documenta\u00e7\u00e3o da Universidade Carlos na Espanha, abordou quest\u00f5es como os sistemas, pol\u00edticas e servi\u00e7os de arquivo; o conceito de Natis (National Information System) e a rela\u00e7\u00e3o com o sistema nacional de arquivos; as pol\u00edticas p\u00fablicas arquiv\u00edsticas, o conceito de governan\u00e7a entre outros.<\/p>\n<p>A vinda do professor Jos\u00e9 Maria Jardim deve-se, em grande parte, \u00e0 elabora\u00e7\u00e3o da proposta do mestrado em Arquivologia da UEPB, que est\u00e1 sendo desenvolvida por uma comiss\u00e3o de docentes do curso, acompanhada pela PRPGP. De acordo com a coordenadora do bacharelado em Arquivologia, professora Esmeralda Porf\u00edrio Sales \u201cconsiderando a contribui\u00e7\u00e3o do professor Jos\u00e9 Maria Jardim na ocasi\u00e3o da formula\u00e7\u00e3o do bacharelado em Arquivologia e o vasto conhecimento do pesquisador, foi realizado o convite para que o mesmo prestasse uma colabora\u00e7\u00e3o no projeto do mestrado que est\u00e1 em fase de ajustes finais\u201d.<\/p>\n<p>A professora Esmeralda acrescenta que o diferencial dessa proposta \u00e9 que a UEPB pretende implantar um mestrado acad\u00eamico em Arquivologia, algo inovador considerando que os demais cursos de gradua\u00e7\u00e3o possuem um car\u00e1ter profissional. \u201cAssim como ocorreu quando inauguramos a gradua\u00e7\u00e3o em Arquivologia, pretendemos continuar com nosso pioneirismo, lan\u00e7ando essa proposta que buscar contribuir para o desenvolvimento de teorias estruturadas e articuladas \u00e0s demandas e caracter\u00edsticas dessa \u00e1rea de saber que a fa\u00e7am conquistar um status de cientificidade\u201d, avaliou.<\/p>\n<p>&nbsp;<\/p>\n<p>&nbsp;<\/p>\n<p>&nbsp;<\/p>\n","protected":false},"excerpt":{"rendered":"<p>Como delinear um sistema nacional de arquivos em um pa\u00eds t\u00e3o grande e diverso? Quem define a pol\u00edtica nacional de arquivos? Como mobilizar os diversos atores pol\u00edticos e sociais para apoiar essas a\u00e7\u00f5es? Esses e outros questionamentos e discuss\u00f5es marcaram a palestra \u201cSistemas, pol\u00edtica e governan\u00e7a arquiv\u00edstica\u201d, ministrada pelo professor da Universidade Federal do Estado <a class=\"leiamais\" href=\"https:\/\/centros.uepb.edu.br\/ccbsa\/estudantes-de-arquivologia-participam-de-palestra-com-docente-da-unirio-sobre-governanca-arquivistica\/\">Leia Mais&#8230;<\/a><\/p>\n","protected":false},"author":8,"featured_media":2917,"comment_status":"closed","ping_status":"closed","sticky":false,"template":"","format":"standard","meta":{"footnotes":""},"categories":[3,11],"tags":[],"class_list":["post-2915","post","type-post","status-publish","format-standard","has-post-thumbnail","hentry","category-noticias","category-noticias-destaque-img"],"jetpack_featured_media_url":"https:\/\/centros.uepb.edu.br\/ccbsa\/files\/2016\/04\/DSC03609.jpg","_links":{"self":[{"href":"https:\/\/centros.uepb.edu.br\/ccbsa\/wp-json\/wp\/v2\/posts\/2915","targetHints":{"allow":["GET"]}}],"collection":[{"href":"https:\/\/centros.uepb.edu.br\/ccbsa\/wp-json\/wp\/v2\/posts"}],"about":[{"href":"https:\/\/centros.uepb.edu.br\/ccbsa\/wp-json\/wp\/v2\/types\/post"}],"author":[{"embeddable":true,"href":"https:\/\/centros.uepb.edu.br\/ccbsa\/wp-json\/wp\/v2\/users\/8"}],"replies":[{"embeddable":true,"href":"https:\/\/centros.uepb.edu.br\/ccbsa\/wp-json\/wp\/v2\/comments?post=2915"}],"version-history":[{"count":0,"href":"https:\/\/centros.uepb.edu.br\/ccbsa\/wp-json\/wp\/v2\/posts\/2915\/revisions"}],"wp:featuredmedia":[{"embeddable":true,"href":"https:\/\/centros.uepb.edu.br\/ccbsa\/wp-json\/wp\/v2\/media\/2917"}],"wp:attachment":[{"href":"https:\/\/centros.uepb.edu.br\/ccbsa\/wp-json\/wp\/v2\/media?parent=2915"}],"wp:term":[{"taxonomy":"category","embeddable":true,"href":"https:\/\/centros.uepb.edu.br\/ccbsa\/wp-json\/wp\/v2\/categories?post=2915"},{"taxonomy":"post_tag","embeddable":true,"href":"https:\/\/centros.uepb.edu.br\/ccbsa\/wp-json\/wp\/v2\/tags?post=2915"}],"curies":[{"name":"wp","href":"https:\/\/api.w.org\/{rel}","templated":true}]}}