{"id":2910,"date":"2016-04-28T14:49:04","date_gmt":"2016-04-28T14:49:04","guid":{"rendered":"https:\/\/centros.uepb.edu.br\/ccbsa\/?p=2910"},"modified":"2016-04-28T14:49:04","modified_gmt":"2016-04-28T14:49:04","slug":"docente-da-unirio-ministra-palestra-e-participa-de-reunioes-para-avaliar-o-projeto-do-mestrado-em-arquivologia","status":"publish","type":"post","link":"https:\/\/centros.uepb.edu.br\/ccbsa\/docente-da-unirio-ministra-palestra-e-participa-de-reunioes-para-avaliar-o-projeto-do-mestrado-em-arquivologia\/","title":{"rendered":"Docente da UNIRIO ministra palestra e participa de reuni\u00f5es para avaliar o projeto do mestrado em Arquivologia"},"content":{"rendered":"<p>&nbsp;<\/p>\n<p><a href=\"https:\/\/centros.uepb.edu.br\/ccbsa\/files\/2016\/04\/JOS\u00c9-MARIA-JARDIM.jpg\"><img loading=\"lazy\" decoding=\"async\" class=\"aligncenter size-full wp-image-2911 img-responsive\" src=\"https:\/\/centros.uepb.edu.br\/ccbsa\/files\/2016\/04\/JOS\u00c9-MARIA-JARDIM.jpg\" alt=\"\" width=\"840\" height=\"454\" srcset=\"https:\/\/centros.uepb.edu.br\/ccbsa\/files\/2016\/04\/JOS\u00c9-MARIA-JARDIM.jpg 840w, https:\/\/centros.uepb.edu.br\/ccbsa\/files\/2016\/04\/JOS\u00c9-MARIA-JARDIM-300x162.jpg 300w, https:\/\/centros.uepb.edu.br\/ccbsa\/files\/2016\/04\/JOS\u00c9-MARIA-JARDIM-768x415.jpg 768w, https:\/\/centros.uepb.edu.br\/ccbsa\/files\/2016\/04\/JOS\u00c9-MARIA-JARDIM-370x200.jpg 370w\" sizes=\"auto, (max-width: 840px) 100vw, 840px\" \/><\/a><\/p>\n<p>Buscando uma troca de experi\u00eancias com vistas a aprimorar a gradua\u00e7\u00e3o, e uma consultoria no que concerne \u00e0 estrutura\u00e7\u00e3o da p\u00f3s-gradua\u00e7\u00e3o, o curso de gradua\u00e7\u00e3o em Arquivologia e Pro-reitoria de P\u00f3s-gradua\u00e7\u00e3o e Pesquisa (PRPGP) da Universidade Estadual da Para\u00edba (UEPB), promovem reuni\u00f5es com a equipe de docentes do referido bacharelado, nesta quinta e sexta-feira (29), no Campus V, com a presen\u00e7a do professor Jos\u00e9 Maria Jardim. Aproveitando a vinda do pesquisador, tamb\u00e9m ser\u00e1 promovida uma palestra sobre \u201cGovernan\u00e7a Arquiv\u00edstica\u201d nesta quinta-feira (28), \u00e0s 19h, no audit\u00f3rio Pioneiros, voltada aos discentes do curso de Arquivologia.<\/p>\n<p>O palestrante convidado \u00e9 professor do Departamento de Estudos e Processos Arquiv\u00edsticos da Universidade Federal do Estado do Rio de Janeiro e do Mestrado Profissional em Gest\u00e3o de Documentos e Arquivos (UNIRIO). Doutor em Ci\u00eancia da Informa\u00e7\u00e3o Universidade Federal do Rio de Janeiro e p\u00f3s-doutor pelo Departamento de Documenta\u00e7\u00e3o da Universidade Carlos na Espanha, desenvolve pesquisa intitulada &#8220;Governan\u00e7a Arquiv\u00edstica Contempor\u00e2nea: trajetos e (re)configura\u00e7\u00f5es das pol\u00edticas e sistemas p\u00fablicos de Arquivos no Brasil sob novos cen\u00e1rios sociais e informacionais (1978-2018)&#8221;, com bolsa de produtividade 1 D do CNpq.<\/p>\n<p>A vinda do professor Jos\u00e9 Maria Jardim deve-se, em grande parte, \u00e0 elabora\u00e7\u00e3o da proposta do mestrado em Arquivologia da UEPB, que est\u00e1 sendo desenvolvida por uma comiss\u00e3o de docentes do curso, acompanhada pela PRPGP. De acordo com a coordenadora do bacharelado em Arquivologia, professora Esmeralda Porf\u00edrio Sales \u201cconsiderando a contribui\u00e7\u00e3o do professor Jos\u00e9 Maria Jardim na ocasi\u00e3o da formula\u00e7\u00e3o do bacharelado em Arquivologia e o vasto conhecimento do pesquisador, foi realizado o convite para que o mesmo prestasse uma colabora\u00e7\u00e3o no projeto do mestrado que est\u00e1 em fase de ajustes finais\u201d.<\/p>\n<p>A professora Esmeralda acrescenta que o diferencial dessa proposta \u00e9 que a UEPB pretende implantar um mestrado acad\u00eamico em Arquivologia, algo inovador considerando que os demais cursos de gradua\u00e7\u00e3o possuem um car\u00e1ter profissional. \u201cAssim como ocorreu quando inauguramos a gradua\u00e7\u00e3o em Arquivologia, pretendemos continuar com nosso pioneirismo, lan\u00e7ando essa proposta que buscar contribuir para o desenvolvimento de teorias estruturadas e articuladas \u00e0s demandas e caracter\u00edsticas dessa \u00e1rea de saber que a fa\u00e7am conquistar um status de cientificidade\u201d, avaliou.<\/p>\n<p>&nbsp;<\/p>\n<p>&nbsp;<\/p>\n","protected":false},"excerpt":{"rendered":"<p>&nbsp; Buscando uma troca de experi\u00eancias com vistas a aprimorar a gradua\u00e7\u00e3o, e uma consultoria no que concerne \u00e0 estrutura\u00e7\u00e3o da p\u00f3s-gradua\u00e7\u00e3o, o curso de gradua\u00e7\u00e3o em Arquivologia e Pro-reitoria de P\u00f3s-gradua\u00e7\u00e3o e Pesquisa (PRPGP) da Universidade Estadual da Para\u00edba (UEPB), promovem reuni\u00f5es com a equipe de docentes do referido bacharelado, nesta quinta e sexta-feira <a class=\"leiamais\" href=\"https:\/\/centros.uepb.edu.br\/ccbsa\/docente-da-unirio-ministra-palestra-e-participa-de-reunioes-para-avaliar-o-projeto-do-mestrado-em-arquivologia\/\">Leia Mais&#8230;<\/a><\/p>\n","protected":false},"author":8,"featured_media":2911,"comment_status":"closed","ping_status":"closed","sticky":false,"template":"","format":"standard","meta":{"footnotes":""},"categories":[3,11],"tags":[],"class_list":["post-2910","post","type-post","status-publish","format-standard","has-post-thumbnail","hentry","category-noticias","category-noticias-destaque-img"],"jetpack_featured_media_url":"https:\/\/centros.uepb.edu.br\/ccbsa\/files\/2016\/04\/JOS\u00c9-MARIA-JARDIM.jpg","_links":{"self":[{"href":"https:\/\/centros.uepb.edu.br\/ccbsa\/wp-json\/wp\/v2\/posts\/2910","targetHints":{"allow":["GET"]}}],"collection":[{"href":"https:\/\/centros.uepb.edu.br\/ccbsa\/wp-json\/wp\/v2\/posts"}],"about":[{"href":"https:\/\/centros.uepb.edu.br\/ccbsa\/wp-json\/wp\/v2\/types\/post"}],"author":[{"embeddable":true,"href":"https:\/\/centros.uepb.edu.br\/ccbsa\/wp-json\/wp\/v2\/users\/8"}],"replies":[{"embeddable":true,"href":"https:\/\/centros.uepb.edu.br\/ccbsa\/wp-json\/wp\/v2\/comments?post=2910"}],"version-history":[{"count":0,"href":"https:\/\/centros.uepb.edu.br\/ccbsa\/wp-json\/wp\/v2\/posts\/2910\/revisions"}],"wp:featuredmedia":[{"embeddable":true,"href":"https:\/\/centros.uepb.edu.br\/ccbsa\/wp-json\/wp\/v2\/media\/2911"}],"wp:attachment":[{"href":"https:\/\/centros.uepb.edu.br\/ccbsa\/wp-json\/wp\/v2\/media?parent=2910"}],"wp:term":[{"taxonomy":"category","embeddable":true,"href":"https:\/\/centros.uepb.edu.br\/ccbsa\/wp-json\/wp\/v2\/categories?post=2910"},{"taxonomy":"post_tag","embeddable":true,"href":"https:\/\/centros.uepb.edu.br\/ccbsa\/wp-json\/wp\/v2\/tags?post=2910"}],"curies":[{"name":"wp","href":"https:\/\/api.w.org\/{rel}","templated":true}]}}