{"id":2904,"date":"2016-04-28T13:15:14","date_gmt":"2016-04-28T13:15:14","guid":{"rendered":"https:\/\/centros.uepb.edu.br\/ccbsa\/?p=2904"},"modified":"2016-04-28T13:15:53","modified_gmt":"2016-04-28T13:15:53","slug":"historia-do-timor-leste-e-a-cooperacao-brasileira-sao-apresentadas-em-evento-realizado-no-ccbsa","status":"publish","type":"post","link":"https:\/\/centros.uepb.edu.br\/ccbsa\/historia-do-timor-leste-e-a-cooperacao-brasileira-sao-apresentadas-em-evento-realizado-no-ccbsa\/","title":{"rendered":"Hist\u00f3ria do Timor-Leste e coopera\u00e7\u00e3o brasileira s\u00e3o apresentadas em evento realizado no CCBSA"},"content":{"rendered":"<p><a href=\"https:\/\/centros.uepb.edu.br\/ccbsa\/files\/2016\/04\/DSC03565.jpg\"><img loading=\"lazy\" decoding=\"async\" class=\"aligncenter size-full wp-image-2905 img-responsive\" src=\"https:\/\/centros.uepb.edu.br\/ccbsa\/files\/2016\/04\/DSC03565.jpg\" alt=\"\" width=\"840\" height=\"454\" srcset=\"https:\/\/centros.uepb.edu.br\/ccbsa\/files\/2016\/04\/DSC03565.jpg 840w, https:\/\/centros.uepb.edu.br\/ccbsa\/files\/2016\/04\/DSC03565-300x162.jpg 300w, https:\/\/centros.uepb.edu.br\/ccbsa\/files\/2016\/04\/DSC03565-768x415.jpg 768w, https:\/\/centros.uepb.edu.br\/ccbsa\/files\/2016\/04\/DSC03565-370x200.jpg 370w\" sizes=\"auto, (max-width: 840px) 100vw, 840px\" \/><\/a><\/p>\n<p>\u201cNenhum povo \u00e9 grande por ter apenas fastos a contar, mas pelas liberdades que souber viver, e pelo amor que tiver para dar\u201d, as palavras do poeta timorense Fernando Sylvan, pseud\u00f4nimo\u00a0de\u00a0 Ab\u00edlio Leopoldo Motta-Ferreira, traduzem com sensibilidade a for\u00e7a de uma na\u00e7\u00e3o marcada por uma hist\u00f3ria de dom\u00ednio, guerra, luta pela independ\u00eancia, crise pol\u00edtica, pobreza, dificuldades que n\u00e3o superam o amor e a cren\u00e7a num futuro melhor daqueles que buscam iniciativas para reconstruir o Timor-Leste.<\/p>\n<p>Tocados por esses sentimentos e pela realidade do povo timorense, estudantes da gradua\u00e7\u00e3o do curso de Rela\u00e7\u00f5es Internacionais da Universidade Estadual da Para\u00edba, participaram do evento \u201cTimor no Brasil: uma coopera\u00e7\u00e3o que est\u00e1 crescendo\u201d, realizado na tarde desta quarta-feira (27) no Campus V da UEPB.<\/p>\n<p>Durante a atividade os participantes puderam conhecer um pouco mais do pa\u00eds localizado no sudeste da \u00c1sia, a hist\u00f3ria do Timor Leste, regime pol\u00edtico, economia, relatos de experi\u00eancia dos intercambistas timorenses no Brasil, o protocolo de coopera\u00e7\u00e3o entre o Brasil e o Timor Leste, al\u00e9m de ter contato com a cultura timorense por meio de uma exposi\u00e7\u00e3o de fotos de Hendrikus Atok; um recital de poemas em portugu\u00eas e em t\u00e9tum (idioma mais falado no Timor-Leste) organizado por Adolfino Varela, e apresenta\u00e7\u00e3o de m\u00fasicas t\u00edpicas do pa\u00eds por Suzeti Fonseca e Adolfino Varela, todos estudantes timorenses matriculados na UEPB.<\/p>\n<p><a href=\"https:\/\/centros.uepb.edu.br\/ccbsa\/files\/2016\/04\/DSC03548.jpg\"><img loading=\"lazy\" decoding=\"async\" class=\"aligncenter size-full wp-image-2906 img-responsive\" src=\"https:\/\/centros.uepb.edu.br\/ccbsa\/files\/2016\/04\/DSC03548.jpg\" alt=\"\" width=\"840\" height=\"454\" srcset=\"https:\/\/centros.uepb.edu.br\/ccbsa\/files\/2016\/04\/DSC03548.jpg 840w, https:\/\/centros.uepb.edu.br\/ccbsa\/files\/2016\/04\/DSC03548-300x162.jpg 300w, https:\/\/centros.uepb.edu.br\/ccbsa\/files\/2016\/04\/DSC03548-768x415.jpg 768w, https:\/\/centros.uepb.edu.br\/ccbsa\/files\/2016\/04\/DSC03548-370x200.jpg 370w\" sizes=\"auto, (max-width: 840px) 100vw, 840px\" \/><\/a><\/p>\n<p>A professora do curso de Rela\u00e7\u00f5es Internacionais Silvia Garcia, que estuda a coopera\u00e7\u00e3o entre Brasil e Timor-Leste h\u00e1 4 anos, e atualmente desenvolve o projeto \u201cA coopera\u00e7\u00e3o educacional entre o Brasil e o Timor-Leste: uma an\u00e1lise sobre a experi\u00eancia acad\u00eamica dos estudantes timorenses na UEPB\/Para\u00edba\u201d, destaca a import\u00e2ncia dessa iniciativa da UEPB, atualmente a segunda institui\u00e7\u00e3o brasileira com mais estudantes timorenses, que est\u00e1 articulada com uma das prioridades da pol\u00edtica externa brasileira que \u00e9 coopera\u00e7\u00e3o sul-sul.<\/p>\n<p>\u201cExistem poucos estudos desenvolvidos no Brasil sobre o Timor-Leste e que tratem dessa coopera\u00e7\u00e3o em seus m\u00faltiplos e simult\u00e2neos n\u00edveis, do internacional ao cotidiano. Ent\u00e3o, com a vinda dos estudantes timorenses \u00e0 UEPB, em 2012, passamos a estudar melhor essa quest\u00e3o. E diante da proximidade das comemora\u00e7\u00f5es alusivas \u00e0 restaura\u00e7\u00e3o da Independ\u00eancia do Timor-Leste, que ser\u00e1 em 20 de maio, resolvemos realizar esse evento que conta com a participa\u00e7\u00e3o dos pr\u00f3prios agentes, os estudantes timorenses, para falarem de sua realidade. Acreditamos que assim conseguimos estimular a simetria de rela\u00e7\u00f5es que se estabelecem\u00a0entre Brasil e Timor-Leste\u201d, explicou a professora Silvia.<\/p>\n<p><a href=\"https:\/\/centros.uepb.edu.br\/ccbsa\/files\/2016\/04\/ZAQUEU.jpg\"><img loading=\"lazy\" decoding=\"async\" class=\"aligncenter size-full wp-image-2907 img-responsive\" src=\"https:\/\/centros.uepb.edu.br\/ccbsa\/files\/2016\/04\/ZAQUEU.jpg\" alt=\"\" width=\"840\" height=\"454\" srcset=\"https:\/\/centros.uepb.edu.br\/ccbsa\/files\/2016\/04\/ZAQUEU.jpg 840w, https:\/\/centros.uepb.edu.br\/ccbsa\/files\/2016\/04\/ZAQUEU-300x162.jpg 300w, https:\/\/centros.uepb.edu.br\/ccbsa\/files\/2016\/04\/ZAQUEU-768x415.jpg 768w, https:\/\/centros.uepb.edu.br\/ccbsa\/files\/2016\/04\/ZAQUEU-370x200.jpg 370w\" sizes=\"auto, (max-width: 840px) 100vw, 840px\" \/><\/a><\/p>\n<p>O estudante do 5\u00ba per\u00edodo de Rela\u00e7\u00f5es Internacionais Zaquel Marques \u00e9 um dos timorenses atendidos pelo conv\u00eanio que participou do evento apresentando um relato sobre a hist\u00f3ria do Timor-Leste, as principais dificuldades encontradas e as perspectivas de futuro. \u201cInicialmente tivemos dificuldades para lidar com o idioma, a cultura diferente, mas, todas as barreiras serviram para nos impulsionar na busca do nosso objetivo que \u00e9 obter a capacita\u00e7\u00e3o para voltar para o nosso pa\u00eds e ajudar na reconstru\u00e7\u00e3o\u201d, avaliou<\/p>\n<p>Para a aluna do 6\u00ba per\u00edodo de Rela\u00e7\u00f5es Internacionais, J\u00e9ssica Rodrigues, a experi\u00eancia de conviver com os estudantes timorenses foi bastante enriquecedora e despertou curiosidades, sobretudo com rela\u00e7\u00e3o \u00e0 cultura, considerada, em muitos aspectos, diferente do Brasil. A estudante integra a equipe do projeto da professora Silvia Garcia desenvolvendo o subprojeto \u201cDiversidade de g\u00eanero: etnografia do modo como se estabelecem as rela\u00e7\u00f5es de g\u00eanero entre os estudantes timorenses e como se reflete na comunidade acad\u00eamica\u201d, que estuda como as rela\u00e7\u00f5es de g\u00eanero adotadas no Timor-Leste afetam o relacionamento destes estudantes com os colegas e demais brasileiros com os quais eles t\u00eam contato.<\/p>\n<p>Atualmente a UEPB conta com 40 alunos intercambistas nos diversos cursos de gradua\u00e7\u00e3o da institui\u00e7\u00e3o, sendo cinco destes no curso de Rela\u00e7\u00f5es Internacionais. A UEPB tamb\u00e9m recebeu em 2012 dez estudantes para os cursos de P\u00f3s-gradua\u00e7\u00e3o, que j\u00e1 conclu\u00edram as forma\u00e7\u00f5es. Todos vieram para estudar e s\u00e3o custeados pelo pa\u00eds de origem, passando por seis meses de adapta\u00e7\u00e3o, incluindo aulas de l\u00edngua portuguesa, matem\u00e1tica, passeios e integra\u00e7\u00e3o acad\u00eamica.<\/p>\n<p>A Coordenadoria de Rela\u00e7\u00f5es Internacionais (CoRI) \u00e9 o setor respons\u00e1vel por acompanhar esses estudantes, atrav\u00e9s dessa iniciativa que colabora com a internacionaliza\u00e7\u00e3o institucional e, no caso da p\u00f3s-gradua\u00e7\u00e3o, tem um impacto relevante nas avalia\u00e7\u00f5es dos programas pela CAPES.<\/p>\n","protected":false},"excerpt":{"rendered":"<p>\u201cNenhum povo \u00e9 grande por ter apenas fastos a contar, mas pelas liberdades que souber viver, e pelo amor que tiver para dar\u201d, as palavras do poeta timorense Fernando Sylvan, pseud\u00f4nimo\u00a0de\u00a0 Ab\u00edlio Leopoldo Motta-Ferreira, traduzem com sensibilidade a for\u00e7a de uma na\u00e7\u00e3o marcada por uma hist\u00f3ria de dom\u00ednio, guerra, luta pela independ\u00eancia, crise pol\u00edtica, pobreza, <a class=\"leiamais\" href=\"https:\/\/centros.uepb.edu.br\/ccbsa\/historia-do-timor-leste-e-a-cooperacao-brasileira-sao-apresentadas-em-evento-realizado-no-ccbsa\/\">Leia Mais&#8230;<\/a><\/p>\n","protected":false},"author":8,"featured_media":2905,"comment_status":"closed","ping_status":"closed","sticky":false,"template":"","format":"standard","meta":{"footnotes":""},"categories":[3,11],"tags":[],"class_list":["post-2904","post","type-post","status-publish","format-standard","has-post-thumbnail","hentry","category-noticias","category-noticias-destaque-img"],"jetpack_featured_media_url":"https:\/\/centros.uepb.edu.br\/ccbsa\/files\/2016\/04\/DSC03565.jpg","_links":{"self":[{"href":"https:\/\/centros.uepb.edu.br\/ccbsa\/wp-json\/wp\/v2\/posts\/2904","targetHints":{"allow":["GET"]}}],"collection":[{"href":"https:\/\/centros.uepb.edu.br\/ccbsa\/wp-json\/wp\/v2\/posts"}],"about":[{"href":"https:\/\/centros.uepb.edu.br\/ccbsa\/wp-json\/wp\/v2\/types\/post"}],"author":[{"embeddable":true,"href":"https:\/\/centros.uepb.edu.br\/ccbsa\/wp-json\/wp\/v2\/users\/8"}],"replies":[{"embeddable":true,"href":"https:\/\/centros.uepb.edu.br\/ccbsa\/wp-json\/wp\/v2\/comments?post=2904"}],"version-history":[{"count":0,"href":"https:\/\/centros.uepb.edu.br\/ccbsa\/wp-json\/wp\/v2\/posts\/2904\/revisions"}],"wp:featuredmedia":[{"embeddable":true,"href":"https:\/\/centros.uepb.edu.br\/ccbsa\/wp-json\/wp\/v2\/media\/2905"}],"wp:attachment":[{"href":"https:\/\/centros.uepb.edu.br\/ccbsa\/wp-json\/wp\/v2\/media?parent=2904"}],"wp:term":[{"taxonomy":"category","embeddable":true,"href":"https:\/\/centros.uepb.edu.br\/ccbsa\/wp-json\/wp\/v2\/categories?post=2904"},{"taxonomy":"post_tag","embeddable":true,"href":"https:\/\/centros.uepb.edu.br\/ccbsa\/wp-json\/wp\/v2\/tags?post=2904"}],"curies":[{"name":"wp","href":"https:\/\/api.w.org\/{rel}","templated":true}]}}