{"id":2892,"date":"2016-04-26T13:12:22","date_gmt":"2016-04-26T13:12:22","guid":{"rendered":"https:\/\/centros.uepb.edu.br\/ccbsa\/?p=2892"},"modified":"2016-04-27T11:10:55","modified_gmt":"2016-04-27T11:10:55","slug":"campus-v-sedia-evento-que-discutira-as-atividades-de-cooperacao-entre-o-brasil-e-o-timor-leste","status":"publish","type":"post","link":"https:\/\/centros.uepb.edu.br\/ccbsa\/campus-v-sedia-evento-que-discutira-as-atividades-de-cooperacao-entre-o-brasil-e-o-timor-leste\/","title":{"rendered":"Campus V sedia evento que discutir\u00e1 as iniciativas de coopera\u00e7\u00e3o entre o Brasil e o Timor Leste"},"content":{"rendered":"<p><a href=\"https:\/\/centros.uepb.edu.br\/ccbsa\/files\/2016\/04\/13087882_10208534694583254_1273414088755731758_nedi.jpg\"><img loading=\"lazy\" decoding=\"async\" class=\"aligncenter size-full wp-image-2893 img-responsive\" src=\"https:\/\/centros.uepb.edu.br\/ccbsa\/files\/2016\/04\/13087882_10208534694583254_1273414088755731758_nedi.jpg\" alt=\"13087882_10208534694583254_1273414088755731758_nedi\" width=\"840\" height=\"454\" srcset=\"https:\/\/centros.uepb.edu.br\/ccbsa\/files\/2016\/04\/13087882_10208534694583254_1273414088755731758_nedi.jpg 840w, https:\/\/centros.uepb.edu.br\/ccbsa\/files\/2016\/04\/13087882_10208534694583254_1273414088755731758_nedi-300x162.jpg 300w, https:\/\/centros.uepb.edu.br\/ccbsa\/files\/2016\/04\/13087882_10208534694583254_1273414088755731758_nedi-768x415.jpg 768w, https:\/\/centros.uepb.edu.br\/ccbsa\/files\/2016\/04\/13087882_10208534694583254_1273414088755731758_nedi-370x200.jpg 370w\" sizes=\"auto, (max-width: 840px) 100vw, 840px\" \/><\/a><\/p>\n<p>Um dos pa\u00edses mais jovens e mais pobres do mundo, o Timor Leste viveu d\u00e9cadas de luta contra a ocupa\u00e7\u00e3o indon\u00e9sia que danificou severamente a\u00a0infraestrutura\u00a0do pa\u00eds matando pelo menos cem mil pessoas. Nos \u00faltimos anos o pa\u00eds busca reerguer-se enxergando a educa\u00e7\u00e3o como um dos caminhos para o crescimento e a supera\u00e7\u00e3o do hist\u00f3rico desfavor\u00e1vel, e as atividades de coopera\u00e7\u00e3o com outros pa\u00edses tem colaborado para esse processo de reconstru\u00e7\u00e3o p\u00f3s-guerra. No \u00e2mbito da Universidade Estadual da Para\u00edba, desde 2012 h\u00e1 um conv\u00eanio de coopera\u00e7\u00e3o estabelecido com o Minist\u00e9rio da Educa\u00e7\u00e3o da Rep\u00fablica Democr\u00e1tica do Timor Leste, que permite a vinda de estudantes do referido pa\u00eds \u00e0 UEPB para cursar gradua\u00e7\u00e3o e p\u00f3s-gradua\u00e7\u00e3o na UEPB.<\/p>\n<p>Com o objetivo de discutir a realidade da coopera\u00e7\u00e3o entre o Timor e o Brasil ser\u00e1 realizado nesta quarta-feira, 27 de abril, \u00e0s 13h, no audit\u00f3rio do Campus V da UEPB, em Jo\u00e3o Pessoa, o evento \u201cTimor no Brasil: uma coopera\u00e7\u00e3o que est\u00e1 crescendo\u201d. Durante a atividade ser\u00e3o apresentados o hist\u00f3rico do Timor Leste, relatos de experi\u00eancia dos intercambistas timorenses no Brasil, o protocolo de coopera\u00e7\u00e3o entre o Brasil e o Timor Leste e uma etnografia dos estudos timorense na UEPB\/Para\u00edba.<\/p>\n<p>Na oportunidade tamb\u00e9m haver\u00e1 uma exposi\u00e7\u00e3o de fotos do Timor Leste, de autoria de Hendrikus Atok; um recital organizado por Adolfino Varela e apresenta\u00e7\u00e3o de m\u00fasicas t\u00edpicas do pa\u00eds por Suzeti Fonseca e Adolfino Varela, todos estudantes timorenses matriculados na UEPB.<\/p>\n<p>De acordo com a respons\u00e1vel pela organiza\u00e7\u00e3o do evento, professora Silvia Garcia, o evento tem o objetivo de aproveitar que em maio se comemora a restaura\u00e7\u00e3o da Independ\u00eancia do Timor-Leste para apresentar um pouco da hist\u00f3ria do pa\u00eds, proporcionar um espa\u00e7o de discuss\u00e3o com a comunidade acad\u00eamica a partir dos estudos j\u00e1 desenvolvidos no projeto de pesquisa \u201cA coopera\u00e7\u00e3o educacional entre o Brasil e o Timor-Leste: uma an\u00e1lise sobre as experi\u00eancias acad\u00eamica dos estudantes timorenses na UEPB\/Para\u00edba\u201d, coordenado pela professora Silvia, e possibilitar aos alunos do grupo de pesquisa (nacionais e timorenses) a oportunidade de apresentarem suas pr\u00f3prias concep\u00e7\u00f5es sobre o Timor-Leste.<\/p>\n<p>\u201cTrata-se de uma iniciativa de apresentar como \u00e9 poss\u00edvel estudar a coopera\u00e7\u00e3o acad\u00eamica entre Brasil e Timor-Leste em seus m\u00faltiplos e simult\u00e2neos n\u00edveis, do internacional ao cotidiano. Ademais, ao colocarmos os pr\u00f3prios agentes para falarem de sua realidade, acreditamos que conseguimos estimular a simetria de rela\u00e7\u00f5es que se estabelecem\u00a0entre Brasil e Timor-Leste, professor e aluno. Ao menos \u00e9 isso que desejamos!\u201d, explicou a professora Silvia.<\/p>\n<p>O evento \u00e9 uma realiza\u00e7\u00e3o do Grupo de Pesquisa Poder, Cultura e Identidade nas Rela\u00e7\u00f5es Internacionais com o apoio da Coordena\u00e7\u00e3o da gradua\u00e7\u00e3o em Rela\u00e7\u00f5es Internacionais.<\/p>\n<p>Atualmente a UEPB conta com 40 alunos intercambistas nos diversos cursos de gradua\u00e7\u00e3o da institui\u00e7\u00e3o, sendo cinco destes no curso de Rela\u00e7\u00f5es Internacionais. A UEPB tamb\u00e9m recebeu em 2012 dez estudantes para os cursos de P\u00f3s-gradua\u00e7\u00e3o, que j\u00e1 conclu\u00edram as forma\u00e7\u00f5es. Todos vieram para estudar e s\u00e3o custeados pelo pa\u00eds de origem, passando por seis meses de adapta\u00e7\u00e3o, incluindo aulas de l\u00edngua portuguesa, matem\u00e1tica, passeios e integra\u00e7\u00e3o acad\u00eamica.<\/p>\n<p>A Coordenadoria de Rela\u00e7\u00f5es Internacionais (CoRI) \u00e9 o setor respons\u00e1vel por acompanhar esses estudantes, atrav\u00e9s dessa iniciativa que colabora com a internacionaliza\u00e7\u00e3o institucional e, no caso da p\u00f3s-gradua\u00e7\u00e3o, tem um impacto relevante nas avalia\u00e7\u00f5es dos programas pela CAPES.<\/p>\n","protected":false},"excerpt":{"rendered":"<p>Um dos pa\u00edses mais jovens e mais pobres do mundo, o Timor Leste viveu d\u00e9cadas de luta contra a ocupa\u00e7\u00e3o indon\u00e9sia que danificou severamente a\u00a0infraestrutura\u00a0do pa\u00eds matando pelo menos cem mil pessoas. Nos \u00faltimos anos o pa\u00eds busca reerguer-se enxergando a educa\u00e7\u00e3o como um dos caminhos para o crescimento e a supera\u00e7\u00e3o do hist\u00f3rico desfavor\u00e1vel, <a class=\"leiamais\" href=\"https:\/\/centros.uepb.edu.br\/ccbsa\/campus-v-sedia-evento-que-discutira-as-atividades-de-cooperacao-entre-o-brasil-e-o-timor-leste\/\">Leia Mais&#8230;<\/a><\/p>\n","protected":false},"author":8,"featured_media":2893,"comment_status":"closed","ping_status":"closed","sticky":false,"template":"","format":"standard","meta":{"footnotes":""},"categories":[3,11],"tags":[],"class_list":["post-2892","post","type-post","status-publish","format-standard","has-post-thumbnail","hentry","category-noticias","category-noticias-destaque-img"],"jetpack_featured_media_url":"https:\/\/centros.uepb.edu.br\/ccbsa\/files\/2016\/04\/13087882_10208534694583254_1273414088755731758_nedi.jpg","_links":{"self":[{"href":"https:\/\/centros.uepb.edu.br\/ccbsa\/wp-json\/wp\/v2\/posts\/2892","targetHints":{"allow":["GET"]}}],"collection":[{"href":"https:\/\/centros.uepb.edu.br\/ccbsa\/wp-json\/wp\/v2\/posts"}],"about":[{"href":"https:\/\/centros.uepb.edu.br\/ccbsa\/wp-json\/wp\/v2\/types\/post"}],"author":[{"embeddable":true,"href":"https:\/\/centros.uepb.edu.br\/ccbsa\/wp-json\/wp\/v2\/users\/8"}],"replies":[{"embeddable":true,"href":"https:\/\/centros.uepb.edu.br\/ccbsa\/wp-json\/wp\/v2\/comments?post=2892"}],"version-history":[{"count":0,"href":"https:\/\/centros.uepb.edu.br\/ccbsa\/wp-json\/wp\/v2\/posts\/2892\/revisions"}],"wp:featuredmedia":[{"embeddable":true,"href":"https:\/\/centros.uepb.edu.br\/ccbsa\/wp-json\/wp\/v2\/media\/2893"}],"wp:attachment":[{"href":"https:\/\/centros.uepb.edu.br\/ccbsa\/wp-json\/wp\/v2\/media?parent=2892"}],"wp:term":[{"taxonomy":"category","embeddable":true,"href":"https:\/\/centros.uepb.edu.br\/ccbsa\/wp-json\/wp\/v2\/categories?post=2892"},{"taxonomy":"post_tag","embeddable":true,"href":"https:\/\/centros.uepb.edu.br\/ccbsa\/wp-json\/wp\/v2\/tags?post=2892"}],"curies":[{"name":"wp","href":"https:\/\/api.w.org\/{rel}","templated":true}]}}