{"id":2884,"date":"2016-04-25T14:22:57","date_gmt":"2016-04-25T14:22:57","guid":{"rendered":"https:\/\/centros.uepb.edu.br\/ccbsa\/?p=2884"},"modified":"2016-04-25T14:22:57","modified_gmt":"2016-04-25T14:22:57","slug":"grupo-de-estudos-e-mestrado-em-relacoes-internacionais-promovem-apresentacao-de-producoes-na-area-de-seguranca","status":"publish","type":"post","link":"https:\/\/centros.uepb.edu.br\/ccbsa\/grupo-de-estudos-e-mestrado-em-relacoes-internacionais-promovem-apresentacao-de-producoes-na-area-de-seguranca\/","title":{"rendered":"Grupo de Estudos e Mestrado em Rela\u00e7\u00f5es Internacionais promovem apresenta\u00e7\u00e3o de produ\u00e7\u00f5es na \u00e1rea de seguran\u00e7a"},"content":{"rendered":"<p><a href=\"https:\/\/centros.uepb.edu.br\/ccbsa\/files\/2016\/04\/13087461_1024150367664685_2865184218294349215_nMOD.jpg\"><img loading=\"lazy\" decoding=\"async\" class=\"aligncenter size-full wp-image-2885 img-responsive\" src=\"https:\/\/centros.uepb.edu.br\/ccbsa\/files\/2016\/04\/13087461_1024150367664685_2865184218294349215_nMOD.jpg\" alt=\"13087461_1024150367664685_2865184218294349215_nMOD\" width=\"840\" height=\"454\" srcset=\"https:\/\/centros.uepb.edu.br\/ccbsa\/files\/2016\/04\/13087461_1024150367664685_2865184218294349215_nMOD.jpg 840w, https:\/\/centros.uepb.edu.br\/ccbsa\/files\/2016\/04\/13087461_1024150367664685_2865184218294349215_nMOD-300x162.jpg 300w, https:\/\/centros.uepb.edu.br\/ccbsa\/files\/2016\/04\/13087461_1024150367664685_2865184218294349215_nMOD-768x415.jpg 768w, https:\/\/centros.uepb.edu.br\/ccbsa\/files\/2016\/04\/13087461_1024150367664685_2865184218294349215_nMOD-370x200.jpg 370w\" sizes=\"auto, (max-width: 840px) 100vw, 840px\" \/><\/a><\/p>\n<p>O Grupo de Estudos de Paz e Seguran\u00e7a Mundial da Universidade Estadual da Para\u00edba (GEPASM\/UEPB) e a p\u00f3s-gradua\u00e7\u00e3o em Rela\u00e7\u00f5es Internacionais, promovem, na sexta-feira, 29 de abril, \u00e0s 9h, no audit\u00f3rio Pioneiros, o evento \u201cAbordagens Cr\u00edticas de Seguran\u00e7a e de Paz nas Rela\u00e7\u00f5es Internacionais\u201d, que contar\u00e1 com a apresenta\u00e7\u00e3o das pesquisas desenvolvidas na \u00e1rea de Seguran\u00e7a no \u00e2mbito da Gradua\u00e7\u00e3o e P\u00f3s-Gradua\u00e7\u00e3o em Rela\u00e7\u00f5es Internacionais da UEPB e fruto da produ\u00e7\u00e3o do GEPASM.<\/p>\n<p>Ser\u00e1 abordada pelas mestrandas em Rela\u00e7\u00f5es Internacionais Suerda Ara\u00fajo, Catarina Bezerra e Deisiane Viana, respectivamente, as tem\u00e1ticas \u201cRedescoberta do local na constru\u00e7\u00e3o da paz\u201d, \u201cTransforma\u00e7\u00e3o de conflitos e os movimentos pela paz na Col\u00f4mbia\u201d, \u201cO conceito de paz h\u00edbrida e o micro-peacebuilding no Afeganist\u00e3o\u201d, e a graduada em Rela\u00e7\u00f5es Internacionais e Direito Kamila Borges apresentar\u00e1 o tema \u201cFeminismo e p\u00f3s-colonialismo\u201d. A atividade ser\u00e1 mediada pelo mestre em Sociologia e egresso do curso de Rela\u00e7\u00f5es Internacionais Luiz Eduardo.<\/p>\n<p>Segundo o coordenador do GEPASM, professor Paulo Kuhlmann, o evento tem a inten\u00e7\u00e3o de divulgar estudos semelhantes que abordam a quest\u00e3o da paz no \u00e2mbito local. \u201cBuscamos apresentar abordagens sobre o empoderamento de comunidades para gerar a paz, ou seja, a cria\u00e7\u00e3o de ambientes de paz que v\u00e3o al\u00e9m de tratados, mas, surgem de iniciativas locais da pr\u00f3pria comunidade\u201d, explicou.<\/p>\n<p>O evento \u00e9 gratuito e aberto ao p\u00fablico interessado.<\/p>\n","protected":false},"excerpt":{"rendered":"<p>O Grupo de Estudos de Paz e Seguran\u00e7a Mundial da Universidade Estadual da Para\u00edba (GEPASM\/UEPB) e a p\u00f3s-gradua\u00e7\u00e3o em Rela\u00e7\u00f5es Internacionais, promovem, na sexta-feira, 29 de abril, \u00e0s 9h, no audit\u00f3rio Pioneiros, o evento \u201cAbordagens Cr\u00edticas de Seguran\u00e7a e de Paz nas Rela\u00e7\u00f5es Internacionais\u201d, que contar\u00e1 com a apresenta\u00e7\u00e3o das pesquisas desenvolvidas na \u00e1rea de <a class=\"leiamais\" href=\"https:\/\/centros.uepb.edu.br\/ccbsa\/grupo-de-estudos-e-mestrado-em-relacoes-internacionais-promovem-apresentacao-de-producoes-na-area-de-seguranca\/\">Leia Mais&#8230;<\/a><\/p>\n","protected":false},"author":8,"featured_media":2885,"comment_status":"closed","ping_status":"closed","sticky":false,"template":"","format":"standard","meta":{"footnotes":""},"categories":[3,11],"tags":[],"class_list":["post-2884","post","type-post","status-publish","format-standard","has-post-thumbnail","hentry","category-noticias","category-noticias-destaque-img"],"jetpack_featured_media_url":"https:\/\/centros.uepb.edu.br\/ccbsa\/files\/2016\/04\/13087461_1024150367664685_2865184218294349215_nMOD.jpg","_links":{"self":[{"href":"https:\/\/centros.uepb.edu.br\/ccbsa\/wp-json\/wp\/v2\/posts\/2884","targetHints":{"allow":["GET"]}}],"collection":[{"href":"https:\/\/centros.uepb.edu.br\/ccbsa\/wp-json\/wp\/v2\/posts"}],"about":[{"href":"https:\/\/centros.uepb.edu.br\/ccbsa\/wp-json\/wp\/v2\/types\/post"}],"author":[{"embeddable":true,"href":"https:\/\/centros.uepb.edu.br\/ccbsa\/wp-json\/wp\/v2\/users\/8"}],"replies":[{"embeddable":true,"href":"https:\/\/centros.uepb.edu.br\/ccbsa\/wp-json\/wp\/v2\/comments?post=2884"}],"version-history":[{"count":0,"href":"https:\/\/centros.uepb.edu.br\/ccbsa\/wp-json\/wp\/v2\/posts\/2884\/revisions"}],"wp:featuredmedia":[{"embeddable":true,"href":"https:\/\/centros.uepb.edu.br\/ccbsa\/wp-json\/wp\/v2\/media\/2885"}],"wp:attachment":[{"href":"https:\/\/centros.uepb.edu.br\/ccbsa\/wp-json\/wp\/v2\/media?parent=2884"}],"wp:term":[{"taxonomy":"category","embeddable":true,"href":"https:\/\/centros.uepb.edu.br\/ccbsa\/wp-json\/wp\/v2\/categories?post=2884"},{"taxonomy":"post_tag","embeddable":true,"href":"https:\/\/centros.uepb.edu.br\/ccbsa\/wp-json\/wp\/v2\/tags?post=2884"}],"curies":[{"name":"wp","href":"https:\/\/api.w.org\/{rel}","templated":true}]}}