{"id":2881,"date":"2016-04-20T22:51:26","date_gmt":"2016-04-20T22:51:26","guid":{"rendered":"https:\/\/centros.uepb.edu.br\/ccbsa\/?p=2881"},"modified":"2016-04-21T09:30:02","modified_gmt":"2016-04-21T09:30:02","slug":"coordenadoria-de-relacoes-internacionais-da-uepb-visita-o-campus-v-e-apresenta-acoes-e-projetos","status":"publish","type":"post","link":"https:\/\/centros.uepb.edu.br\/ccbsa\/coordenadoria-de-relacoes-internacionais-da-uepb-visita-o-campus-v-e-apresenta-acoes-e-projetos\/","title":{"rendered":"Coordenadoria de Rela\u00e7\u00f5es Internacionais da UEPB visita o Campus V e apresenta a\u00e7\u00f5es e projetos"},"content":{"rendered":"<p><a href=\"https:\/\/centros.uepb.edu.br\/ccbsa\/files\/2016\/04\/cori1.jpg\" rel=\"attachment wp-att-2878\"><img loading=\"lazy\" decoding=\"async\" class=\"aligncenter size-full wp-image-2878 img-responsive\" src=\"https:\/\/centros.uepb.edu.br\/ccbsa\/files\/2016\/04\/cori1.jpg\" alt=\"\" width=\"840\" height=\"454\" srcset=\"https:\/\/centros.uepb.edu.br\/ccbsa\/files\/2016\/04\/cori1.jpg 840w, https:\/\/centros.uepb.edu.br\/ccbsa\/files\/2016\/04\/cori1-300x162.jpg 300w, https:\/\/centros.uepb.edu.br\/ccbsa\/files\/2016\/04\/cori1-768x415.jpg 768w, https:\/\/centros.uepb.edu.br\/ccbsa\/files\/2016\/04\/cori1-370x200.jpg 370w\" sizes=\"auto, (max-width: 840px) 100vw, 840px\" \/><\/a><\/p>\n<p>Diante de uma l\u00f3gica humanista, universal e cosmopolita, com uma forte tradi\u00e7\u00e3o paraibana e nordestina, a Universidade Estadual da Para\u00edba busca proporcionar aos estudantes dos diversos cursos da institui\u00e7\u00e3o saberes e viv\u00eancias que n\u00e3o est\u00e3o presos a limites geogr\u00e1ficos, quer seja por meio de iniciativas de interc\u00e2mbio, em projetos de pesquisa realizados em parceria com institui\u00e7\u00f5es internacionais, publica\u00e7\u00f5es em peri\u00f3dicos de outros pa\u00edses, entre outros.\u00a0 Buscando difundir esses preceitos e divulgar as diversas a\u00e7\u00f5es da Universidade Estadual da Para\u00edba (UEPB) que seguem esse encaminhamento, a Coordenadoria de Rela\u00e7\u00f5es Internacionais (CoRI) realizou, nesta quarta-feira, 19 de abril, nos turnos da manh\u00e3 e noite, no <em>Campus<\/em> V, a \u201cCaravana CoRI\u201d.<\/p>\n<p>Estiveram presentes no evento estudantes e docentes das gradua\u00e7\u00f5es em Arquivologia, Ci\u00eancias Biol\u00f3gicas e Rela\u00e7\u00f5es Internacionais, que puderam conhecer as atividades desenvolvidas pela CoRI, e o plano de internacionaliza\u00e7\u00e3o da UEPB que \u00e9 fundamentado em tr\u00eas grandes eixos: os cursos de l\u00ednguas e as provas de nivelamento, os programas de mobilidade e os conv\u00eanios com universidades internacionais.<\/p>\n<p>Na oportunidade, foi feita a divulga\u00e7\u00e3o do Programa de Mobilidade Acad\u00eamica da UEPB \u2013 PROMIN, que est\u00e1 em fase final de elabora\u00e7\u00e3o da proposta e prev\u00ea a oferta de bolsas para estudantes de gradua\u00e7\u00e3o da institui\u00e7\u00e3o que ter\u00e3o a possibilidade de imers\u00e3o no idioma e contato com a cultura de pa\u00edses como a It\u00e1lia, Portugal, Peru e Espanha. Al\u00e9m deste programa, foram apresentadas outras iniciativas voltadas \u00e0 mobilidade internacional que podem beneficiar discentes da UEPB como o Programa Santander Universidades, Funda\u00e7\u00e3o Bot\u00edn e de bolsas TOP-Espanha, Ibero-Americanas e Luso-Brasileiras, al\u00e9m do Programa de Mobilidade Nacional ABRUEM-PMN.<\/p>\n<p>Tamb\u00e9m foram expostas as possibilidades de cursos de idiomas e testes de profici\u00eancia ofertados pela institui\u00e7\u00e3o como suporte para que os estudantes possam desenvolver uma carreira acad\u00eamica em outro pa\u00eds.<\/p>\n<p>Durante o evento, o estudante do 8\u00ba per\u00edodo de Matem\u00e1tica da UEPB, Luan Costa Lima, contemplado durante a gradua\u00e7\u00e3o no Programa de Bolsas Ibero Americanas para estudar parte do curso na Universidade de Granada na Espanha e recentemente aprovado para cursar o doutorado em Matem\u00e1tica na mesma institui\u00e7\u00e3o, no per\u00edodo de 2016 a 2020, compartilhou com os demais discentes a experi\u00eancia como intercambista e os desafios de trilhar uma carreira acad\u00eamica internacional.<\/p>\n<p>\u201cInicialmente em passei por um choque cultural, acad\u00eamico e lingu\u00edstico, j\u00e1 que eu n\u00e3o sabia falar espanhol. Mas foi uma experi\u00eancia bastante enriquecedora, pois eu pude ter contato com uma realidade diferente da que eu vivia, em outra universidade, tendo contato com outros pesquisadores. Acredito que vale a pena superar todas as barreiras, inclusive a da descren\u00e7a que n\u00f3s temos a respeito do nosso potencial, e buscar vivenciar um interc\u00e2mbio ou algo nesse sentido\u201d, avaliou Luan.<\/p>\n<p>A estudante do 2\u00ba per\u00edodo de Arquivologia Yara Andrade n\u00e3o conhecia a CoRI e as possibilidades de internacionaliza\u00e7\u00e3o que podem ser vivenciadas ainda durante o curso de gradua\u00e7\u00e3o. \u201cEu j\u00e1 pensava em fazer um interc\u00e2mbio, por\u00e9m, imaginava que isso s\u00f3 deveria ocorrer quando eu estivesse num doutorado. Mas durante o evento fomos informados que h\u00e1 oportunidades de cursar parte da nossa gradua\u00e7\u00e3o em outra institui\u00e7\u00e3o no pa\u00eds e fora do Brasil, o que pode ser uma experi\u00eancia bastante enriquecedora pois poder\u00edamos ter contato com outras realidades e aprendizados inimagin\u00e1veis\u201d, ponderou.<\/p>\n<p>J\u00e1 a estudante do 4\u00ba per\u00edodo do Bacharelado em Rela\u00e7\u00f5es Internacionais M\u00e1rcia Morais declarou a satisfa\u00e7\u00e3o em participar da Caravana CoRI, exp\u00f4s o desejo de que essa iniciativa se torne uma pr\u00e1tica constante na institui\u00e7\u00e3o possibilitando ao estudante obter mais informa\u00e7\u00f5es sobre os programas de mobilidade internacional.<\/p>\n<p><a href=\"https:\/\/centros.uepb.edu.br\/ccbsa\/files\/2016\/04\/cori2.jpg\" rel=\"attachment wp-att-2879\"><img loading=\"lazy\" decoding=\"async\" class=\"aligncenter wp-image-2879 size-full img-responsive\" src=\"https:\/\/centros.uepb.edu.br\/ccbsa\/files\/2016\/04\/cori2.jpg\" alt=\"\" width=\"840\" height=\"454\" srcset=\"https:\/\/centros.uepb.edu.br\/ccbsa\/files\/2016\/04\/cori2.jpg 840w, https:\/\/centros.uepb.edu.br\/ccbsa\/files\/2016\/04\/cori2-300x162.jpg 300w, https:\/\/centros.uepb.edu.br\/ccbsa\/files\/2016\/04\/cori2-768x415.jpg 768w, https:\/\/centros.uepb.edu.br\/ccbsa\/files\/2016\/04\/cori2-370x200.jpg 370w\" sizes=\"auto, (max-width: 840px) 100vw, 840px\" \/><\/a><\/p>\n<p>De acordo com coordenadora de Rela\u00e7\u00f5es Internacionais da UEPB, a professora Maria Cezilene Morais, a Caravana \u00e9 um projeto idealizado desde 2012, e que recentemente p\u00f4de ser executado, ap\u00f3s cadastro da Pro-reitoria de Extens\u00e3o da UEPB, com o objetivo de democratizar as informa\u00e7\u00f5es e apresentar os servi\u00e7os ofertados pela CoRI.<\/p>\n<p>\u201cEssa a\u00e7\u00e3o parte de uma pol\u00edtica que estamos implementando de descentraliza\u00e7\u00e3o de nossas a\u00e7\u00f5es, e que se reflete inclusive nos editais de bolsas, que agora buscamos distribuir de forma igualit\u00e1ria entre todos os <em>Campi<\/em> da institui\u00e7\u00e3o, de forma a contemplar todos os Centros. Sentimos essa necessidade de conhecer melhor o nosso p\u00fablico e para isso precisar\u00edamos ir at\u00e9 ele, e essa \u00e9 a fun\u00e7\u00e3o da Caranava\u201d, explicou Maria Cezilene.<\/p>\n<p>A Caravana CoRI j\u00e1 passou pelos <em>Campi<\/em> de Lagoa Seca, Guarabira, Araruna, Jo\u00e3o Pessoa, e segue, no dia 27 de abril para Catol\u00e9 do Rocha, dia 28 para Patos e encerra-se dia 29 de abril no <em>Campus<\/em> de Monteiro. Tamb\u00e9m est\u00e3o participando dessa visita \u00e0s unidades da Universidade Estadual da Para\u00edba jovens universit\u00e1rios da AIESEC, entidade reconhecida pela Organiza\u00e7\u00e3o das Na\u00e7\u00f5es Unidas para a Educa\u00e7\u00e3o (Unesco), que buscam apresentar as principais atividades relacionadas \u00e0 pol\u00edtica internacional que s\u00e3o desenvolvidas pela UEPB.<\/p>\n","protected":false},"excerpt":{"rendered":"<p>Diante de uma l\u00f3gica humanista, universal e cosmopolita, com uma forte tradi\u00e7\u00e3o paraibana e nordestina, a Universidade Estadual da Para\u00edba busca proporcionar aos estudantes dos diversos cursos da institui\u00e7\u00e3o saberes e viv\u00eancias que n\u00e3o est\u00e3o presos a limites geogr\u00e1ficos, quer seja por meio de iniciativas de interc\u00e2mbio, em projetos de pesquisa realizados em parceria com <a class=\"leiamais\" href=\"https:\/\/centros.uepb.edu.br\/ccbsa\/coordenadoria-de-relacoes-internacionais-da-uepb-visita-o-campus-v-e-apresenta-acoes-e-projetos\/\">Leia Mais&#8230;<\/a><\/p>\n","protected":false},"author":8,"featured_media":2878,"comment_status":"closed","ping_status":"closed","sticky":false,"template":"","format":"standard","meta":{"footnotes":""},"categories":[3,11],"tags":[],"class_list":["post-2881","post","type-post","status-publish","format-standard","has-post-thumbnail","hentry","category-noticias","category-noticias-destaque-img"],"jetpack_featured_media_url":"https:\/\/centros.uepb.edu.br\/ccbsa\/files\/2016\/04\/cori1.jpg","_links":{"self":[{"href":"https:\/\/centros.uepb.edu.br\/ccbsa\/wp-json\/wp\/v2\/posts\/2881","targetHints":{"allow":["GET"]}}],"collection":[{"href":"https:\/\/centros.uepb.edu.br\/ccbsa\/wp-json\/wp\/v2\/posts"}],"about":[{"href":"https:\/\/centros.uepb.edu.br\/ccbsa\/wp-json\/wp\/v2\/types\/post"}],"author":[{"embeddable":true,"href":"https:\/\/centros.uepb.edu.br\/ccbsa\/wp-json\/wp\/v2\/users\/8"}],"replies":[{"embeddable":true,"href":"https:\/\/centros.uepb.edu.br\/ccbsa\/wp-json\/wp\/v2\/comments?post=2881"}],"version-history":[{"count":0,"href":"https:\/\/centros.uepb.edu.br\/ccbsa\/wp-json\/wp\/v2\/posts\/2881\/revisions"}],"wp:featuredmedia":[{"embeddable":true,"href":"https:\/\/centros.uepb.edu.br\/ccbsa\/wp-json\/wp\/v2\/media\/2878"}],"wp:attachment":[{"href":"https:\/\/centros.uepb.edu.br\/ccbsa\/wp-json\/wp\/v2\/media?parent=2881"}],"wp:term":[{"taxonomy":"category","embeddable":true,"href":"https:\/\/centros.uepb.edu.br\/ccbsa\/wp-json\/wp\/v2\/categories?post=2881"},{"taxonomy":"post_tag","embeddable":true,"href":"https:\/\/centros.uepb.edu.br\/ccbsa\/wp-json\/wp\/v2\/tags?post=2881"}],"curies":[{"name":"wp","href":"https:\/\/api.w.org\/{rel}","templated":true}]}}