{"id":2862,"date":"2016-04-18T15:05:28","date_gmt":"2016-04-18T15:05:28","guid":{"rendered":"https:\/\/centros.uepb.edu.br\/ccbsa\/?p=2862"},"modified":"2016-04-18T15:10:57","modified_gmt":"2016-04-18T15:10:57","slug":"estudantes-de-arquivologia-realizam-visita-tecnica-a-fundacao-joaquim-nabuco-e-instituto-ricardo-brennand","status":"publish","type":"post","link":"https:\/\/centros.uepb.edu.br\/ccbsa\/estudantes-de-arquivologia-realizam-visita-tecnica-a-fundacao-joaquim-nabuco-e-instituto-ricardo-brennand\/","title":{"rendered":"Estudantes de Arquivologia realizam visita t\u00e9cnica \u00e0 Funda\u00e7\u00e3o Joaquim Nabuco e Instituto Ricardo Brennand"},"content":{"rendered":"<p><a href=\"https:\/\/centros.uepb.edu.br\/ccbsa\/files\/2016\/04\/foto1.jpg\" rel=\"attachment wp-att-2863\"><img loading=\"lazy\" decoding=\"async\" class=\"aligncenter size-full wp-image-2863 img-responsive\" src=\"https:\/\/centros.uepb.edu.br\/ccbsa\/files\/2016\/04\/foto1.jpg\" alt=\"foto1\" width=\"840\" height=\"454\" srcset=\"https:\/\/centros.uepb.edu.br\/ccbsa\/files\/2016\/04\/foto1.jpg 840w, https:\/\/centros.uepb.edu.br\/ccbsa\/files\/2016\/04\/foto1-300x162.jpg 300w, https:\/\/centros.uepb.edu.br\/ccbsa\/files\/2016\/04\/foto1-768x415.jpg 768w, https:\/\/centros.uepb.edu.br\/ccbsa\/files\/2016\/04\/foto1-370x200.jpg 370w\" sizes=\"auto, (max-width: 840px) 100vw, 840px\" \/><\/a><\/p>\n<p>Um grupo de estudantes acompanhado por docentes e uma arquivista do curso de Arquivologia da Universidade Estadual da Para\u00edba realizaram, na sexta-feira, 15 de abril, uma visita t\u00e9cnica \u00e0 Funda\u00e7\u00e3o Joaquim Nabuco e Instituto Ricardo Brennand, em Recife. A atividade contou com o envolvimento de estudantes do 2\u00ba, 4\u00ba, 6\u00ba e 7\u00ba per\u00edodos, vinculados aos componentes curriculares \u201cAvalia\u00e7\u00e3o e sele\u00e7\u00e3o de documentos\u201d, \u201cPreserva\u00e7\u00e3o e Conserva\u00e7\u00e3o e preserva\u00e7\u00e3o\u201d, \u201cReprodu\u00e7\u00e3o de documentos\u201d, \u201cGest\u00e3o de servi\u00e7os arquiv\u00edsticos\u201d.<\/p>\n<p>Na oportunidade, a comitiva visitou os setores de microfilmagem e digitaliza\u00e7\u00e3o de documentos, iconografia, hist\u00f3ria oral, o Museu do Homem do Nordeste, o Laborat\u00f3rio de Restaura\u00e7\u00e3o da Funda\u00e7\u00e3o Joaquim Nabuco e o Instituto Ricardo Brennand. Os estudantes conheceram o trabalho e tiveram contato com as t\u00e9cnicas utilizadas na \u00e1rea de restauro e documenta\u00e7\u00e3o, para posteriormente aplica-las nos laborat\u00f3rios do curso de Arquivologia.<\/p>\n<p>A atividade, que foi organizada pelos docentes Esmeralda Porf\u00edrio Sales, Sanderson Dorneles, Claudialyne Ara\u00fajo e Eutr\u00f3pio Bezerra, com a participa\u00e7\u00e3o da arquivista Hilza Cavalcante, \u00e9 realizada semestralmente com o objetivo de possibilitar um aprendizado que n\u00e3o fique restrito ao ambiente de sala de aula.<\/p>\n<p><strong>Texto:<\/strong> <em>Juliana Marques<\/em><br \/>\n<strong>Foto:<\/strong> <em>Hilza Cavalcante<\/em><\/p>\n","protected":false},"excerpt":{"rendered":"<p>Um grupo de estudantes acompanhado por docentes e uma arquivista do curso de Arquivologia da Universidade Estadual da Para\u00edba realizaram, na sexta-feira, 15 de abril, uma visita t\u00e9cnica \u00e0 Funda\u00e7\u00e3o Joaquim Nabuco e Instituto Ricardo Brennand, em Recife. A atividade contou com o envolvimento de estudantes do 2\u00ba, 4\u00ba, 6\u00ba e 7\u00ba per\u00edodos, vinculados aos <a class=\"leiamais\" href=\"https:\/\/centros.uepb.edu.br\/ccbsa\/estudantes-de-arquivologia-realizam-visita-tecnica-a-fundacao-joaquim-nabuco-e-instituto-ricardo-brennand\/\">Leia Mais&#8230;<\/a><\/p>\n","protected":false},"author":8,"featured_media":2863,"comment_status":"closed","ping_status":"closed","sticky":false,"template":"","format":"standard","meta":{"footnotes":""},"categories":[3,11],"tags":[],"class_list":["post-2862","post","type-post","status-publish","format-standard","has-post-thumbnail","hentry","category-noticias","category-noticias-destaque-img"],"jetpack_featured_media_url":"https:\/\/centros.uepb.edu.br\/ccbsa\/files\/2016\/04\/foto1.jpg","_links":{"self":[{"href":"https:\/\/centros.uepb.edu.br\/ccbsa\/wp-json\/wp\/v2\/posts\/2862","targetHints":{"allow":["GET"]}}],"collection":[{"href":"https:\/\/centros.uepb.edu.br\/ccbsa\/wp-json\/wp\/v2\/posts"}],"about":[{"href":"https:\/\/centros.uepb.edu.br\/ccbsa\/wp-json\/wp\/v2\/types\/post"}],"author":[{"embeddable":true,"href":"https:\/\/centros.uepb.edu.br\/ccbsa\/wp-json\/wp\/v2\/users\/8"}],"replies":[{"embeddable":true,"href":"https:\/\/centros.uepb.edu.br\/ccbsa\/wp-json\/wp\/v2\/comments?post=2862"}],"version-history":[{"count":0,"href":"https:\/\/centros.uepb.edu.br\/ccbsa\/wp-json\/wp\/v2\/posts\/2862\/revisions"}],"wp:featuredmedia":[{"embeddable":true,"href":"https:\/\/centros.uepb.edu.br\/ccbsa\/wp-json\/wp\/v2\/media\/2863"}],"wp:attachment":[{"href":"https:\/\/centros.uepb.edu.br\/ccbsa\/wp-json\/wp\/v2\/media?parent=2862"}],"wp:term":[{"taxonomy":"category","embeddable":true,"href":"https:\/\/centros.uepb.edu.br\/ccbsa\/wp-json\/wp\/v2\/categories?post=2862"},{"taxonomy":"post_tag","embeddable":true,"href":"https:\/\/centros.uepb.edu.br\/ccbsa\/wp-json\/wp\/v2\/tags?post=2862"}],"curies":[{"name":"wp","href":"https:\/\/api.w.org\/{rel}","templated":true}]}}