{"id":2853,"date":"2016-04-15T14:08:42","date_gmt":"2016-04-15T14:08:42","guid":{"rendered":"https:\/\/centros.uepb.edu.br\/ccbsa\/?p=2853"},"modified":"2016-04-15T14:46:02","modified_gmt":"2016-04-15T14:46:02","slug":"professor-francisco-jaime-e-eleito-paraninfo-das-turmas-concluintes-do-ccbsa-do-periodo-letivo-2015-2","status":"publish","type":"post","link":"https:\/\/centros.uepb.edu.br\/ccbsa\/professor-francisco-jaime-e-eleito-paraninfo-das-turmas-concluintes-do-ccbsa-do-periodo-letivo-2015-2\/","title":{"rendered":"Professor Francisco Jaime \u00e9 eleito paraninfo das turmas concluintes do CCBSA do per\u00edodo letivo 2015.2"},"content":{"rendered":"<p><a href=\"https:\/\/centros.uepb.edu.br\/ccbsa\/files\/2016\/04\/DSC03518.jpg\" rel=\"attachment wp-att-2854\"><img loading=\"lazy\" decoding=\"async\" class=\"aligncenter size-full wp-image-2854 img-responsive\" src=\"https:\/\/centros.uepb.edu.br\/ccbsa\/files\/2016\/04\/DSC03518.jpg\" alt=\"\" width=\"840\" height=\"454\" srcset=\"https:\/\/centros.uepb.edu.br\/ccbsa\/files\/2016\/04\/DSC03518.jpg 840w, https:\/\/centros.uepb.edu.br\/ccbsa\/files\/2016\/04\/DSC03518-300x162.jpg 300w, https:\/\/centros.uepb.edu.br\/ccbsa\/files\/2016\/04\/DSC03518-768x415.jpg 768w, https:\/\/centros.uepb.edu.br\/ccbsa\/files\/2016\/04\/DSC03518-370x200.jpg 370w\" sizes=\"auto, (max-width: 840px) 100vw, 840px\" \/><\/a><\/p>\n<p>Com dez anos de servi\u00e7os prestados \u00e0 Universidade Estadual da Para\u00edba, atuando desde a funda\u00e7\u00e3o do Campus V como docente do bacharelado em Ci\u00eancias Biol\u00f3gicas e desde 2012 exercendo a fun\u00e7\u00e3o de diretor do Centro de Ci\u00eancias Biol\u00f3gicas e Sociais Aplicadas, o professor Francisco Jaime Bezerra Mendon\u00e7a J\u00fanior, foi o escolhido para ser homenageado pelas turmas concluintes do per\u00edodo letivo 2015.2 com o t\u00edtulo de paraninfo.<\/p>\n<p>Francisco Jaime \u00e9 farmac\u00eautico industrial formado pela Universidade Federal de Pernambuco (UFPE), Mestre em Ci\u00eancias Farmac\u00eauticas pela UFPE e doutor em Ci\u00eancias Biol\u00f3gicas em 2007 com per\u00edodo sandu\u00edche na Universit\u00e9 Lyon 1-Fran\u00e7a. Atualmente \u00e9 professor da gradua\u00e7\u00e3o em Ci\u00eancias Biol\u00f3gicas do Campus V da UEPB, dos Programas de P\u00f3s-Gradua\u00e7\u00e3o em Ci\u00eancias Farmac\u00eauticas e do Programa de P\u00f3s-Gradua\u00e7\u00e3o em Inova\u00e7\u00e3o Terap\u00eautica da UFPE, do Programa de P\u00f3s-gradua\u00e7\u00e3o em produtos Naturais e Sint\u00e9ticos Bioativos da UFPB e do Programa de P\u00f3s-Gradua\u00e7\u00e3o em Qu\u00edmica da UEPB, onde orienta a n\u00edvel de mestrado e doutorado.<\/p>\n<p>Autor e coautor de mais de 40 artigos cient\u00edficos publicados em per\u00edodicos indexados nas \u00e1reas da f\u00e1rmacia e qu\u00edmica, com um livro publicado \u201cDoen\u00e7as Negligenciadas sob a \u00f3tica da Qu\u00edmica Medicinal\u201d, e inventor com 13 pedidos de patentes depositas no INPI (BR) e um PCT, Francisco Jaime acumula a carreira acad\u00eamica com a atividade de gest\u00e3o, estando \u00e0 frente da dire\u00e7\u00e3o do CCBSA. \u00a0Tem diversos projetos aprovados em \u00f3rg\u00e3os de fomento, e atua na \u00e1rea da Qu\u00edmica Medicinal e Org\u00e2nica, com \u00eanfase na S\u00edntese e Planejamento de F\u00e1rmacos, com foco na s\u00edntese, planejamento e avalia\u00e7\u00e3o de novas mol\u00e9culas bioativas com potencial atividade antimicrobiana\/antif\u00fangica, psicotr\u00f3pica, anti-inflamat\u00f3rias, antitumorais e frente a doen\u00e7as negligenciadas.<\/p>\n<p>A escolha do paraninfo, realizada pelos estudantes por unanimidade, considerou a contribui\u00e7\u00e3o do docente para \u00e0 Educa\u00e7\u00e3o paraibana, em especial \u00e0 UEPB, institui\u00e7\u00e3o na qual fez hist\u00f3ria ao integrar a equipe pioneira do Campus V e ser\u00e1 encaminhada ao Consuni para aprova\u00e7\u00e3o. \u00a0A solenidade de Cola\u00e7\u00e3o de Grau do semestre 2015.2 do Campus V ser\u00e1 realizada no dia 7 de junho, \u00e0s 10h, no audit\u00f3rio da reitoria da Universidade Federal da Para\u00edba.<\/p>\n","protected":false},"excerpt":{"rendered":"<p>Com dez anos de servi\u00e7os prestados \u00e0 Universidade Estadual da Para\u00edba, atuando desde a funda\u00e7\u00e3o do Campus V como docente do bacharelado em Ci\u00eancias Biol\u00f3gicas e desde 2012 exercendo a fun\u00e7\u00e3o de diretor do Centro de Ci\u00eancias Biol\u00f3gicas e Sociais Aplicadas, o professor Francisco Jaime Bezerra Mendon\u00e7a J\u00fanior, foi o escolhido para ser homenageado pelas <a class=\"leiamais\" href=\"https:\/\/centros.uepb.edu.br\/ccbsa\/professor-francisco-jaime-e-eleito-paraninfo-das-turmas-concluintes-do-ccbsa-do-periodo-letivo-2015-2\/\">Leia Mais&#8230;<\/a><\/p>\n","protected":false},"author":8,"featured_media":2854,"comment_status":"closed","ping_status":"closed","sticky":false,"template":"","format":"standard","meta":{"footnotes":""},"categories":[3,11],"tags":[],"class_list":["post-2853","post","type-post","status-publish","format-standard","has-post-thumbnail","hentry","category-noticias","category-noticias-destaque-img"],"jetpack_featured_media_url":"https:\/\/centros.uepb.edu.br\/ccbsa\/files\/2016\/04\/DSC03518.jpg","_links":{"self":[{"href":"https:\/\/centros.uepb.edu.br\/ccbsa\/wp-json\/wp\/v2\/posts\/2853","targetHints":{"allow":["GET"]}}],"collection":[{"href":"https:\/\/centros.uepb.edu.br\/ccbsa\/wp-json\/wp\/v2\/posts"}],"about":[{"href":"https:\/\/centros.uepb.edu.br\/ccbsa\/wp-json\/wp\/v2\/types\/post"}],"author":[{"embeddable":true,"href":"https:\/\/centros.uepb.edu.br\/ccbsa\/wp-json\/wp\/v2\/users\/8"}],"replies":[{"embeddable":true,"href":"https:\/\/centros.uepb.edu.br\/ccbsa\/wp-json\/wp\/v2\/comments?post=2853"}],"version-history":[{"count":0,"href":"https:\/\/centros.uepb.edu.br\/ccbsa\/wp-json\/wp\/v2\/posts\/2853\/revisions"}],"wp:featuredmedia":[{"embeddable":true,"href":"https:\/\/centros.uepb.edu.br\/ccbsa\/wp-json\/wp\/v2\/media\/2854"}],"wp:attachment":[{"href":"https:\/\/centros.uepb.edu.br\/ccbsa\/wp-json\/wp\/v2\/media?parent=2853"}],"wp:term":[{"taxonomy":"category","embeddable":true,"href":"https:\/\/centros.uepb.edu.br\/ccbsa\/wp-json\/wp\/v2\/categories?post=2853"},{"taxonomy":"post_tag","embeddable":true,"href":"https:\/\/centros.uepb.edu.br\/ccbsa\/wp-json\/wp\/v2\/tags?post=2853"}],"curies":[{"name":"wp","href":"https:\/\/api.w.org\/{rel}","templated":true}]}}