{"id":2850,"date":"2016-04-14T14:15:51","date_gmt":"2016-04-14T14:15:51","guid":{"rendered":"https:\/\/centros.uepb.edu.br\/ccbsa\/?p=2850"},"modified":"2016-04-14T14:15:52","modified_gmt":"2016-04-14T14:15:52","slug":"gestao-da-qualidade-e-o-tema-de-palestra-voltada-a-estudantes-do-curso-de-arquivologia","status":"publish","type":"post","link":"https:\/\/centros.uepb.edu.br\/ccbsa\/gestao-da-qualidade-e-o-tema-de-palestra-voltada-a-estudantes-do-curso-de-arquivologia\/","title":{"rendered":"Gest\u00e3o da qualidade \u00e9 o tema de palestra voltada a estudantes do curso de Arquivologia"},"content":{"rendered":"<p><a href=\"https:\/\/centros.uepb.edu.br\/ccbsa\/files\/2016\/04\/DSCF0293.jpg\" rel=\"attachment wp-att-2851\"><img loading=\"lazy\" decoding=\"async\" class=\"aligncenter size-full wp-image-2851 img-responsive\" src=\"https:\/\/centros.uepb.edu.br\/ccbsa\/files\/2016\/04\/DSCF0293.jpg\" alt=\"DSCF0293\" width=\"840\" height=\"454\" srcset=\"https:\/\/centros.uepb.edu.br\/ccbsa\/files\/2016\/04\/DSCF0293.jpg 840w, https:\/\/centros.uepb.edu.br\/ccbsa\/files\/2016\/04\/DSCF0293-300x162.jpg 300w, https:\/\/centros.uepb.edu.br\/ccbsa\/files\/2016\/04\/DSCF0293-768x415.jpg 768w, https:\/\/centros.uepb.edu.br\/ccbsa\/files\/2016\/04\/DSCF0293-370x200.jpg 370w\" sizes=\"auto, (max-width: 840px) 100vw, 840px\" \/><\/a><\/p>\n<p>Um processo que aos poucos ganha espa\u00e7o na arquiv\u00edstica, a gest\u00e3o da qualidade foi o tema escolhido pelas ministrantes do componente curricular \u201cGest\u00e3o de servi\u00e7os arquiv\u00edsticos\u201d do Bacharelado em Arquivologia da Universidade Estadual da Para\u00edba, professoras Maria Jos\u00e9 Cordeiro Lima e Esmeralda Porf\u00edrio Sales, para a palestra realizada na manh\u00e3 desta quinta-feira, 14 de abril.<\/p>\n<p>A palestra foi ministrada pela professora do Campus V Ana L\u00facia Carvalho que abordou a import\u00e2ncia da adequa\u00e7\u00e3o dos servi\u00e7os arquiv\u00edsticos \u00e0s necessidades de busca e recupera\u00e7\u00e3o das informa\u00e7\u00f5es de forma satisfat\u00f3ria, como seguir padr\u00f5es de excel\u00eancia e otimizar o atendimento aos usu\u00e1rios durante as rotinas de um arquivo.<\/p>\n<p>Al\u00e9m dos estudantes do 6\u00ba per\u00edodo de Arquivologia vinculados ao componente curricular \u201cGest\u00e3o de servi\u00e7os arquiv\u00edsticos\u201d, participaram da atividade os alunos do 4\u00ba per\u00edodo da disciplina \u201cAvalia\u00e7\u00e3o e sele\u00e7\u00e3o de documentos\u201d e \u201cDiplom\u00e1tica\u201d.<\/p>\n","protected":false},"excerpt":{"rendered":"<p>Um processo que aos poucos ganha espa\u00e7o na arquiv\u00edstica, a gest\u00e3o da qualidade foi o tema escolhido pelas ministrantes do componente curricular \u201cGest\u00e3o de servi\u00e7os arquiv\u00edsticos\u201d do Bacharelado em Arquivologia da Universidade Estadual da Para\u00edba, professoras Maria Jos\u00e9 Cordeiro Lima e Esmeralda Porf\u00edrio Sales, para a palestra realizada na manh\u00e3 desta quinta-feira, 14 de abril. <a class=\"leiamais\" href=\"https:\/\/centros.uepb.edu.br\/ccbsa\/gestao-da-qualidade-e-o-tema-de-palestra-voltada-a-estudantes-do-curso-de-arquivologia\/\">Leia Mais&#8230;<\/a><\/p>\n","protected":false},"author":8,"featured_media":2851,"comment_status":"closed","ping_status":"closed","sticky":false,"template":"","format":"standard","meta":{"footnotes":""},"categories":[3,11],"tags":[],"class_list":["post-2850","post","type-post","status-publish","format-standard","has-post-thumbnail","hentry","category-noticias","category-noticias-destaque-img"],"jetpack_featured_media_url":"https:\/\/centros.uepb.edu.br\/ccbsa\/files\/2016\/04\/DSCF0293.jpg","_links":{"self":[{"href":"https:\/\/centros.uepb.edu.br\/ccbsa\/wp-json\/wp\/v2\/posts\/2850","targetHints":{"allow":["GET"]}}],"collection":[{"href":"https:\/\/centros.uepb.edu.br\/ccbsa\/wp-json\/wp\/v2\/posts"}],"about":[{"href":"https:\/\/centros.uepb.edu.br\/ccbsa\/wp-json\/wp\/v2\/types\/post"}],"author":[{"embeddable":true,"href":"https:\/\/centros.uepb.edu.br\/ccbsa\/wp-json\/wp\/v2\/users\/8"}],"replies":[{"embeddable":true,"href":"https:\/\/centros.uepb.edu.br\/ccbsa\/wp-json\/wp\/v2\/comments?post=2850"}],"version-history":[{"count":0,"href":"https:\/\/centros.uepb.edu.br\/ccbsa\/wp-json\/wp\/v2\/posts\/2850\/revisions"}],"wp:featuredmedia":[{"embeddable":true,"href":"https:\/\/centros.uepb.edu.br\/ccbsa\/wp-json\/wp\/v2\/media\/2851"}],"wp:attachment":[{"href":"https:\/\/centros.uepb.edu.br\/ccbsa\/wp-json\/wp\/v2\/media?parent=2850"}],"wp:term":[{"taxonomy":"category","embeddable":true,"href":"https:\/\/centros.uepb.edu.br\/ccbsa\/wp-json\/wp\/v2\/categories?post=2850"},{"taxonomy":"post_tag","embeddable":true,"href":"https:\/\/centros.uepb.edu.br\/ccbsa\/wp-json\/wp\/v2\/tags?post=2850"}],"curies":[{"name":"wp","href":"https:\/\/api.w.org\/{rel}","templated":true}]}}