{"id":2822,"date":"2016-04-08T13:55:35","date_gmt":"2016-04-08T13:55:35","guid":{"rendered":"https:\/\/centros.uepb.edu.br\/ccbsa\/?p=2822"},"modified":"2016-04-08T13:57:30","modified_gmt":"2016-04-08T13:57:30","slug":"palestra-marca-o-inicio-do-5-curso-de-empreendedorismo-aprender-a-empreender-realizado-no-ccbsa","status":"publish","type":"post","link":"https:\/\/centros.uepb.edu.br\/ccbsa\/palestra-marca-o-inicio-do-5-curso-de-empreendedorismo-aprender-a-empreender-realizado-no-ccbsa\/","title":{"rendered":"Palestra marca o in\u00edcio do 5\u00b0 Curso de Empreendedorismo &#8220;Aprender a Empreender&#8221; realizado no CCBSA"},"content":{"rendered":"<p><a href=\"https:\/\/centros.uepb.edu.br\/ccbsa\/files\/2016\/04\/IMG-20160407-WA0033.jpg\" rel=\"attachment wp-att-2823\"><img loading=\"lazy\" decoding=\"async\" class=\"aligncenter size-full wp-image-2823 img-responsive\" src=\"https:\/\/centros.uepb.edu.br\/ccbsa\/files\/2016\/04\/IMG-20160407-WA0033.jpg\" alt=\"IMG-20160407-WA0033\" width=\"840\" height=\"454\" srcset=\"https:\/\/centros.uepb.edu.br\/ccbsa\/files\/2016\/04\/IMG-20160407-WA0033.jpg 840w, https:\/\/centros.uepb.edu.br\/ccbsa\/files\/2016\/04\/IMG-20160407-WA0033-300x162.jpg 300w, https:\/\/centros.uepb.edu.br\/ccbsa\/files\/2016\/04\/IMG-20160407-WA0033-768x415.jpg 768w, https:\/\/centros.uepb.edu.br\/ccbsa\/files\/2016\/04\/IMG-20160407-WA0033-370x200.jpg 370w\" sizes=\"auto, (max-width: 840px) 100vw, 840px\" \/><\/a><\/p>\n<p>Teve in\u00edcio na noite desta quinta-feira (7) o 5\u00b0 Curso de Empreendedorismo &#8220;Aprender a Empreender&#8221;, oferecido pelo Projeto de Extens\u00e3o &#8220;Empreendedorismo: pr\u00e1ticas e projetos para se tornar um empreendedor na comunidade do Cristo Redentor em Jo\u00e3o Pessoa \u2013 PB\u201d, vinculado ao curso de Arquivologia da Universidade Estadual da Para\u00edba (UEPB).<\/p>\n<p>A abertura do curso contou com uma palestra do professor da Universidade Federal da Para\u00edba, Rosivaldo de Lima Lucena. Doutor em Administra\u00e7\u00e3o e com experi\u00eancia como diretor de Incuba\u00e7\u00e3o Empresarial de Base Tecnol\u00f3gica da Ag\u00eancia de Inova\u00e7\u00e3o Tecnol\u00f3gica (INOVA-UFPB), o docente compartilhou com os presentes a experi\u00eancia na \u00e1rea de empreendedorismo atrav\u00e9s do caso da empresa Cacau Show.<\/p>\n<p>Durante a apresenta\u00e7\u00e3o foram mostradas as habilidades de um empreendedor e tudo que se processa em uma empresa desde o n\u00edvel da produ\u00e7\u00e3o at\u00e9 a alta ger\u00eancia. Segundo a coordenadora do curso, professora Jacqueline Barrancos \u201co caso da Cacau Show produzido em v\u00eddeo, motivou os alunos do Curso de Arquivologia e os inscritos do curso para empreender em um cen\u00e1rio bastante conflitivo e dif\u00edcil quanto a pol\u00edtica, economia e ambiente social\u201d, avaliou.<\/p>\n<p>O curso de empreendedorismo tem o objetivo de criar um balc\u00e3o de neg\u00f3cios que apresente as possibilidades de atua\u00e7\u00e3o e oportunidades para empreendedores da comunidade do entorno ao Campus V da UEPB. As aulas ser\u00e3o realizadas no bloco do curso de Arquivologia, todas as quartas-feiras, das 18h30 \u00e0s 20h30. A carga hor\u00e1ria total da forma\u00e7\u00e3o \u00e9 de 20h distribu\u00eddas em 11 encontros. Durante o curso ser\u00e3o prestar orienta\u00e7\u00f5es diversas sobre quest\u00f5es administrativas e legais para a gest\u00e3o de neg\u00f3cios Os ministrantes s\u00e3o professores mestres, doutores e formados na \u00e1rea de Administra\u00e7\u00e3o.<\/p>\n<p><strong>Texto:<\/strong> <em>Juliana Marques<\/em><br \/>\n<strong>Fotos:<\/strong> <em>Equipe do Projeto<\/em><\/p>\n","protected":false},"excerpt":{"rendered":"<p>Teve in\u00edcio na noite desta quinta-feira (7) o 5\u00b0 Curso de Empreendedorismo &#8220;Aprender a Empreender&#8221;, oferecido pelo Projeto de Extens\u00e3o &#8220;Empreendedorismo: pr\u00e1ticas e projetos para se tornar um empreendedor na comunidade do Cristo Redentor em Jo\u00e3o Pessoa \u2013 PB\u201d, vinculado ao curso de Arquivologia da Universidade Estadual da Para\u00edba (UEPB). A abertura do curso contou <a class=\"leiamais\" href=\"https:\/\/centros.uepb.edu.br\/ccbsa\/palestra-marca-o-inicio-do-5-curso-de-empreendedorismo-aprender-a-empreender-realizado-no-ccbsa\/\">Leia Mais&#8230;<\/a><\/p>\n","protected":false},"author":8,"featured_media":2823,"comment_status":"closed","ping_status":"closed","sticky":false,"template":"","format":"standard","meta":{"footnotes":""},"categories":[3,11],"tags":[],"class_list":["post-2822","post","type-post","status-publish","format-standard","has-post-thumbnail","hentry","category-noticias","category-noticias-destaque-img"],"jetpack_featured_media_url":"https:\/\/centros.uepb.edu.br\/ccbsa\/files\/2016\/04\/IMG-20160407-WA0033.jpg","_links":{"self":[{"href":"https:\/\/centros.uepb.edu.br\/ccbsa\/wp-json\/wp\/v2\/posts\/2822","targetHints":{"allow":["GET"]}}],"collection":[{"href":"https:\/\/centros.uepb.edu.br\/ccbsa\/wp-json\/wp\/v2\/posts"}],"about":[{"href":"https:\/\/centros.uepb.edu.br\/ccbsa\/wp-json\/wp\/v2\/types\/post"}],"author":[{"embeddable":true,"href":"https:\/\/centros.uepb.edu.br\/ccbsa\/wp-json\/wp\/v2\/users\/8"}],"replies":[{"embeddable":true,"href":"https:\/\/centros.uepb.edu.br\/ccbsa\/wp-json\/wp\/v2\/comments?post=2822"}],"version-history":[{"count":0,"href":"https:\/\/centros.uepb.edu.br\/ccbsa\/wp-json\/wp\/v2\/posts\/2822\/revisions"}],"wp:featuredmedia":[{"embeddable":true,"href":"https:\/\/centros.uepb.edu.br\/ccbsa\/wp-json\/wp\/v2\/media\/2823"}],"wp:attachment":[{"href":"https:\/\/centros.uepb.edu.br\/ccbsa\/wp-json\/wp\/v2\/media?parent=2822"}],"wp:term":[{"taxonomy":"category","embeddable":true,"href":"https:\/\/centros.uepb.edu.br\/ccbsa\/wp-json\/wp\/v2\/categories?post=2822"},{"taxonomy":"post_tag","embeddable":true,"href":"https:\/\/centros.uepb.edu.br\/ccbsa\/wp-json\/wp\/v2\/tags?post=2822"}],"curies":[{"name":"wp","href":"https:\/\/api.w.org\/{rel}","templated":true}]}}